{"id":36203,"date":"2020-04-03T17:27:42","date_gmt":"2020-04-03T15:27:42","guid":{"rendered":"https:\/\/www.mojevrijeme.hr\/magazin\/?p=36203"},"modified":"2020-04-03T18:16:16","modified_gmt":"2020-04-03T16:16:16","slug":"kazete-da-su-mjere-prestroge-a-koga-ste-spremni-zrtvovati","status":"publish","type":"post","link":"https:\/\/www.mojevrijeme.hr\/magazin\/2020\/04\/kazete-da-su-mjere-prestroge-a-koga-ste-spremni-zrtvovati\/","title":{"rendered":"Ka\u017eete da su mjere prestroge? A koga ste spremni \u017ertvovati?"},"content":{"rendered":"\n<p>Pi\u0161e neki dan jedna prijateljica na Facebooku: &#8220;Mislim stvarno, zatvoriti \u010ditavu zemlju zbog obi\u010dne gripe! Pa to je suludo! Svake godine od gripe umre vi\u0161e ljudi nego je dosad umrlo od ove, kak ti, jako opasne bolesti. A gdje su tek svi oni koji umru od infarkta, mo\u017eda nog udara, raka i ostalih bolesti? Stvarno, ljudi \u2013 probudite se! Ne budite tolike ovce! Sve je ovo smi\u0161ljeno!&#8221;<\/p>\n\n\n\n<p>Ve\u0107 sam odavno nau\u010dila da prepiranje preko dru\u0161tvenih mre\u017ea ne vodi nikamo. Nisam joj zato ni\u0161ta odgovorila, ve\u0107 joj samo zalijepila link na \u010dlanak u kojem svjetski priznati <strong>epidemiolozi<\/strong> (jo\u0161 jednom: e-pi-de-mi-o-lo-zi) poja\u0161njavaju da se doista radi o opasnoj bolesti, da je epidemija \u2013 \u0161tovi\u0161e, pandemija \u2013 stvarna, da se takve stvari doga\u0111aju u svijetu s vremena na vrijeme pa smo tako ve\u0107 imali i SARS i MERS i hongkon\u0161ku gripu i \u0161panjolsku gripu i \u0161to\u0161ta drugo i da je mnogo ljudi umrlo, a oni koji nisu \u2013 nisu isklju\u010divo radi pravodobne reakcije stru\u010dnjaka, da su zdravstveni sustavi Italije, \u0160panjolske, a doskora i SAD-a, pred kolapsom i da je situacija ozbiljna.<\/p>\n\n\n\n<p>Ona je, naravno, odgovorila da je &#8220;to pla\u0107eni \u010dlanak&#8221; i tako je na\u0161a rasprava zavr\u0161ila i prije nego je po\u010dela. Razumijem ja njezinu ljutnju. Ona radi u turizmu i prihodi su joj pali na nulu i upitno je kada \u0107e se stvari vratiti u normalu.<\/p><div id=\"mojev-1753972797\" class=\"mojev-u-tekstu mojev-entity-placement\" style=\"margin-left: auto;margin-right: auto;text-align: center;\"><div class=\"mojev-adlabel\">oglas<\/div><div style=\"height: 250px;\"><script async src=\"https:\/\/pagead2.googlesyndication.com\/pagead\/js\/adsbygoogle.js?client=ca-pub-8106111766207173\"\r\n     crossorigin=\"anonymous\"><\/script>\r\n<!-- Prikazni 1 u tekstu -->\r\n<ins class=\"adsbygoogle\"\r\n     style=\"display:block\"\r\n     data-ad-client=\"ca-pub-8106111766207173\"\r\n     data-ad-slot=\"8535551207\"\r\n     data-ad-format=\"auto\"\r\n     data-full-width-responsive=\"true\"><\/ins>\r\n<script>\r\n     (adsbygoogle = window.adsbygoogle || []).push({});\r\n<\/script><\/div><\/div><br style=\"clear: both; display: block; float: none;\"\/>\n\n\n\n<p>No da mi se dalo raspravljati i da mislim da ima neke svrhe obja\u0161njavati ponovno ljudima sve ono \u0161to su silni svjetski stru\u010dnjaci ve\u0107 sto puta pojasnili, pitala bih je ovo:<\/p>\n\n\n\n<p>Ako je broj umrlih zapravo bezna\u010dajan (a broj od skoro 55.000 diljem svijeta, unato\u010d \u010dinjenici da je pola svijeta u karanteni, to svakako nije!), koga si spremna \u017ertvovati? Svoju mamu, mo\u017eda? Pa gledaj, ako gospo\u0111a ima ve\u0107 preko 70 godina, na\u017eivjela se, sva\u0161ta je u \u017eivotu pro\u0161la. Mo\u017eda ne bi imala ni\u0161ta protiv da je lijepo zamoli\u0161 da napusti ovaj svijet malo ranije od predvi\u0111enog tako da se na\u0161i \u017eivoti \u010dim prije vrate u normalu.<\/p>\n\n\n\n<p>Aha, nisi mislila na svoju mamu. Nego na \u010diju? Mo\u017eda na moju?<\/p>\n\n\n\n<p>Zna\u0161, svi ti ljudi koji su umrli ne\u010diji su roditelji, ne\u010dije bake i djedovi, strine i tetke. Ali ne umiru samo stari. Podacima stru\u010dnjaka mo\u017ee\u0161 ili ne mora\u0161 vjerovati, ali mrtve ne mo\u017ee\u0161 zanemariti.<\/p>\n\n\n\n<p>A i kad ve\u0107 spominjem stru\u010dnjake&#8230;<\/p>\n\n\n\n<p>Zna\u0161, sveznaju\u0107a moja prijateljice, studij medicine traje pet godina, specijalizacija jo\u0161 najmanje toliko, onda sta\u017eiranje pa rad u bolnici tijekom kojega neprestano u\u010di\u0161. I zamisli sad \u010ditavu epidemiolo\u0161ku zajednicu neke zemlje, pa to pomno\u017ei s brojem dr\u017eava na svijetu i dobit \u0107e\u0161 nevjerojatno velik broj stru\u010dnjaka specijaliziranih upravo za ovo usko podru\u010dje. I svi oni \u2013 da, ba\u0161 svi! \u2013 ka\u017eu da je virus opasan, da su mjere nu\u017ene i da se moramo strpiti. Ponovit \u0107u \u2013 svi stru\u010dnjaci na svijetu!<\/p>\n\n\n\n<p>Odakle ti samopouzdanje da ide\u0161 tvrditi ne\u0161to \u0161to je u direktnoj suprotnosti s mi\u0161ljenjem \u010ditave svjetske znanstvene zajednice? Podsjeti me, koje je ono tvoje podru\u010dje? U \u010demu si ti stru\u010dna?<\/p>\n\n\n\n<p>Zar te ba\u0161 nimalo ne smeta \u0161to niti teoretski nije mogu\u0107e da ba\u0161 nitko od svih stru\u010dnjaka na svijetu nije primijetio da je virus &#8216;tek ne\u0161to malo ja\u010da prehlada&#8217;? Ah, pa \u0161to nisu tebe pitali! Da se tebe pitalo, sjedili bi sad na kavi i u\u017eivali u proljetnom suncu, a za virus nitko ne bi niti znao.<\/p>\n\n\n\n<p>To\u010dno, umirali bi ljudi po prekrcanim bolnicama, a nitko ne bi znao za\u0161to i od \u010dega, ni da ih je mogu\u0107e spasiti. Ali ako hrpa ljudi umre od gripe i od sr\u010danog udara, pa \u0161to je onda jo\u0161 nekoliko tisu\u0107a umrlih od korone? To nije ni\u0161ta i to ti ne zna\u010di ni\u0161ta jer nije u pitanju nitko tvoj.<\/p>\n\n\n\n<p>A \u0161to ako ipak oboli netko iz tvoje obitelji? Ho\u0107e\u0161 li se tada ispri\u010dati?<\/p>\n\n\n\n<p>Ma da. Nisam ni mislila.<\/p>\n<div id=\"mojev-138019840\" class=\"mojev-kraj-teksta mojev-entity-placement\" style=\"margin-bottom: 20px;margin-left: auto;margin-right: auto;text-align: center;\"><div class=\"mojev-adlabel\">oglas<\/div><div style=\"height: 250px;\"><script async src=\"https:\/\/pagead2.googlesyndication.com\/pagead\/js\/adsbygoogle.js?client=ca-pub-8106111766207173\"\r\n     crossorigin=\"anonymous\"><\/script>\r\n<!-- Display-1 -->\r\n<ins class=\"adsbygoogle\"\r\n     style=\"display:block\"\r\n     data-ad-client=\"ca-pub-8106111766207173\"\r\n     data-ad-slot=\"1465712950\"\r\n     data-ad-format=\"auto\"\r\n     data-full-width-responsive=\"true\"><\/ins>\r\n<script>\r\n     (adsbygoogle = window.adsbygoogle || []).push({});\r\n<\/script><\/div><\/div>","protected":false},"excerpt":{"rendered":"<p>Ako je broj umrlih zapravo bezna\u010dajan (a broj od skoro 55.000 diljem svijeta to svakako nije!), koga si spremna \u017ertvovati? Svoju mamu, mo\u017eda? Pa gledaj, ako gospo\u0111a ima ve\u0107 preko 70 godina, na\u017eivjela se, sva\u0161ta je u \u017eivotu pro\u0161la. Mo\u017eda ne bi imala ni\u0161ta protiv da je lijepo zamoli\u0161 da napusti ovaj svijet malo ranije od predvi\u0111enog tako da se na\u0161i \u017eivoti \u010dim prije vrate u normalu. <\/p>\n","protected":false},"author":11,"featured_media":36234,"comment_status":"closed","ping_status":"closed","sticky":false,"template":"","format":"standard","meta":{"footnotes":""},"categories":[2],"tags":[244,982,1082,2046,66],"class_list":["post-36203","post","type-post","status-publish","format-standard","has-post-thumbnail","hentry","category-mozaik","tag-epidemija","tag-fake-news","tag-komentar","tag-korona-virus","tag-smrt"],"_links":{"self":[{"href":"https:\/\/www.mojevrijeme.hr\/magazin\/wp-json\/wp\/v2\/posts\/36203","targetHints":{"allow":["GET"]}}],"collection":[{"href":"https:\/\/www.mojevrijeme.hr\/magazin\/wp-json\/wp\/v2\/posts"}],"about":[{"href":"https:\/\/www.mojevrijeme.hr\/magazin\/wp-json\/wp\/v2\/types\/post"}],"author":[{"embeddable":true,"href":"https:\/\/www.mojevrijeme.hr\/magazin\/wp-json\/wp\/v2\/users\/11"}],"replies":[{"embeddable":true,"href":"https:\/\/www.mojevrijeme.hr\/magazin\/wp-json\/wp\/v2\/comments?post=36203"}],"version-history":[{"count":0,"href":"https:\/\/www.mojevrijeme.hr\/magazin\/wp-json\/wp\/v2\/posts\/36203\/revisions"}],"wp:featuredmedia":[{"embeddable":true,"href":"https:\/\/www.mojevrijeme.hr\/magazin\/wp-json\/wp\/v2\/media\/36234"}],"wp:attachment":[{"href":"https:\/\/www.mojevrijeme.hr\/magazin\/wp-json\/wp\/v2\/media?parent=36203"}],"wp:term":[{"taxonomy":"category","embeddable":true,"href":"https:\/\/www.mojevrijeme.hr\/magazin\/wp-json\/wp\/v2\/categories?post=36203"},{"taxonomy":"post_tag","embeddable":true,"href":"https:\/\/www.mojevrijeme.hr\/magazin\/wp-json\/wp\/v2\/tags?post=36203"}],"curies":[{"name":"wp","href":"https:\/\/api.w.org\/{rel}","templated":true}]}}