{"id":36695,"date":"2020-04-12T09:33:20","date_gmt":"2020-04-12T07:33:20","guid":{"rendered":"https:\/\/www.mojevrijeme.hr\/magazin\/?p=36695"},"modified":"2020-04-12T09:34:37","modified_gmt":"2020-04-12T07:34:37","slug":"pred-raspelom-iz-vremena-kuge-franjo-je-u-praznoj-bazilici-sv-petra-vodio-uskrsno-bdijenje","status":"publish","type":"post","link":"https:\/\/www.mojevrijeme.hr\/magazin\/2020\/04\/pred-raspelom-iz-vremena-kuge-franjo-je-u-praznoj-bazilici-sv-petra-vodio-uskrsno-bdijenje\/","title":{"rendered":"Pred raspelom iz vremena kuge, Franjo je u praznoj bazilici sv. Petra vodio uskrsno bdijenje"},"content":{"rendered":"\n<p>Papa Franjo odr\u017eao je u sino\u0107 uskrsno bdijenje u praznoj bazilici sv. Petra u Vatikanu. Umjesto desetaka tisu\u0107a ljudi, u bazilici je bilo samo nekoliko crkvenih du\u017enosnika.<\/p>\n\n\n\n<p>Skra\u0107ena misa, u praznoj crkvi zbog pandemije koronavirusa, slu\u017eena je pred povijesnim kri\u017eem iz vremena dok je kuga harala Europom. Rije\u010d je o drvenom raspelu za koje se vjeruje da je \u010dudotvorno i koje je 1522. godine no\u0161eno u procesiji Rimom kako bi se u gradu zaustavila crna po\u0161ast.<\/p>\n\n\n\n<p>Druga tradicionalna uskrsna slavlja, uklju\u010duju\u0107i papin blagoslov &#8220;Urbi et Orbi&#8221; u nedjelju, odr\u017eat \u0107e se pred samo nekoliko ljudi. Sva misna slavlja mo\u0107i \u0107e se pratiti preko interneta.<\/p><div id=\"mojev-320949608\" class=\"mojev-u-tekstu mojev-entity-placement\" style=\"margin-left: auto;margin-right: auto;text-align: center;\"><div class=\"mojev-adlabel\">oglas<\/div><div style=\"height: 250px;\"><script async src=\"https:\/\/pagead2.googlesyndication.com\/pagead\/js\/adsbygoogle.js?client=ca-pub-8106111766207173\"\r\n     crossorigin=\"anonymous\"><\/script>\r\n<!-- Prikazni 1 u tekstu -->\r\n<ins class=\"adsbygoogle\"\r\n     style=\"display:block\"\r\n     data-ad-client=\"ca-pub-8106111766207173\"\r\n     data-ad-slot=\"8535551207\"\r\n     data-ad-format=\"auto\"\r\n     data-full-width-responsive=\"true\"><\/ins>\r\n<script>\r\n     (adsbygoogle = window.adsbygoogle || []).push({});\r\n<\/script><\/div><\/div><br style=\"clear: both; display: block; float: none;\"\/>\n<div id=\"mojev-768453362\" class=\"mojev-kraj-teksta mojev-entity-placement\" style=\"margin-bottom: 20px;margin-left: auto;margin-right: auto;text-align: center;\"><div class=\"mojev-adlabel\">oglas<\/div><div style=\"height: 250px;\"><script async src=\"https:\/\/pagead2.googlesyndication.com\/pagead\/js\/adsbygoogle.js?client=ca-pub-8106111766207173\"\r\n     crossorigin=\"anonymous\"><\/script>\r\n<!-- Display-1 -->\r\n<ins class=\"adsbygoogle\"\r\n     style=\"display:block\"\r\n     data-ad-client=\"ca-pub-8106111766207173\"\r\n     data-ad-slot=\"1465712950\"\r\n     data-ad-format=\"auto\"\r\n     data-full-width-responsive=\"true\"><\/ins>\r\n<script>\r\n     (adsbygoogle = window.adsbygoogle || []).push({});\r\n<\/script><\/div><\/div>","protected":false},"excerpt":{"rendered":"<p>Druga tradicionalna uskrsna slavlja, uklju\u010duju\u0107i papin blagoslov &#8216;Urbi et Orbi&#8217; u nedjelju, odr\u017eat \u0107e se pred samo nekoliko ljudi. Sva misna slavlja mo\u0107i \u0107e se pratiti preko interneta.<\/p>\n","protected":false},"author":1,"featured_media":36696,"comment_status":"closed","ping_status":"closed","sticky":false,"template":"","format":"standard","meta":{"footnotes":""},"categories":[9],"tags":[1070,1124,303,503],"class_list":["post-36695","post","type-post","status-publish","format-standard","has-post-thumbnail","hentry","category-vijesti","tag-katolici","tag-papa-franjo","tag-religija","tag-uskrs"],"_links":{"self":[{"href":"https:\/\/www.mojevrijeme.hr\/magazin\/wp-json\/wp\/v2\/posts\/36695","targetHints":{"allow":["GET"]}}],"collection":[{"href":"https:\/\/www.mojevrijeme.hr\/magazin\/wp-json\/wp\/v2\/posts"}],"about":[{"href":"https:\/\/www.mojevrijeme.hr\/magazin\/wp-json\/wp\/v2\/types\/post"}],"author":[{"embeddable":true,"href":"https:\/\/www.mojevrijeme.hr\/magazin\/wp-json\/wp\/v2\/users\/1"}],"replies":[{"embeddable":true,"href":"https:\/\/www.mojevrijeme.hr\/magazin\/wp-json\/wp\/v2\/comments?post=36695"}],"version-history":[{"count":0,"href":"https:\/\/www.mojevrijeme.hr\/magazin\/wp-json\/wp\/v2\/posts\/36695\/revisions"}],"wp:featuredmedia":[{"embeddable":true,"href":"https:\/\/www.mojevrijeme.hr\/magazin\/wp-json\/wp\/v2\/media\/36696"}],"wp:attachment":[{"href":"https:\/\/www.mojevrijeme.hr\/magazin\/wp-json\/wp\/v2\/media?parent=36695"}],"wp:term":[{"taxonomy":"category","embeddable":true,"href":"https:\/\/www.mojevrijeme.hr\/magazin\/wp-json\/wp\/v2\/categories?post=36695"},{"taxonomy":"post_tag","embeddable":true,"href":"https:\/\/www.mojevrijeme.hr\/magazin\/wp-json\/wp\/v2\/tags?post=36695"}],"curies":[{"name":"wp","href":"https:\/\/api.w.org\/{rel}","templated":true}]}}