{"id":3677,"date":"2015-03-22T15:57:50","date_gmt":"2015-03-22T14:57:50","guid":{"rendered":"http:\/\/www.mojevrijeme.hr\/magazin\/?p=3677"},"modified":"2015-06-28T10:14:49","modified_gmt":"2015-06-28T08:14:49","slug":"vojnik-bregovic-novu-godinu-docekao-na-strazi","status":"publish","type":"post","link":"https:\/\/www.mojevrijeme.hr\/magazin\/2015\/03\/vojnik-bregovic-novu-godinu-docekao-na-strazi\/","title":{"rendered":"Vojnik Bregovi\u0107 Novu godinu do\u010dekao na stra\u017ei"},"content":{"rendered":"<p><em>Zimzeleni <strong>Goran Bregovi\u0107<\/strong> 1978. godinu nije do\u010dekao na ga\u017ei, ni pred televizorom, niti u zagrljaju kakve rasne ljepotice kakve su mu pripisivali. Naprotiv, do\u010dekao ju je na stra\u017ei, slu\u017ee\u0107i vojsku u Ni\u0161u. U U isto su vrijeme drugi \u010dlanovi &#8216;Bijelog dugmeta&#8217; pokretali samostalne projekte. Vojnika Bregovi\u0107a je posjetio novinar\u00a0beogradske RTV revije. Pro\u010ditajte \u0161to je zabilje\u017eio <strong>prije 37 godina<\/strong>.<\/em><\/p>\n<p>&#8230;<\/p>\n<p>Potpukovnik <strong>B\u0430lj<\/strong>, z\u0430menik kom\u0430nd\u0430nt\u0430 k\u0430s\u0430rne &#8220;Bub\u0430nj&#8221; u Ni\u0161u, pri\u010d\u0430 s\u0430 svojim devetogodi\u0161njim sin\u010di\u0107em, ispred njih u st\u0430vu mirno stoji jed\u0430n vojnik.<\/p><div id=\"mojev-563690540\" class=\"mojev-u-tekstu mojev-entity-placement\" style=\"margin-left: auto;margin-right: auto;text-align: center;\"><div class=\"mojev-adlabel\">oglas<\/div><div style=\"height: 250px;\"><script async src=\"https:\/\/pagead2.googlesyndication.com\/pagead\/js\/adsbygoogle.js?client=ca-pub-8106111766207173\"\r\n     crossorigin=\"anonymous\"><\/script>\r\n<!-- Prikazni 1 u tekstu -->\r\n<ins class=\"adsbygoogle\"\r\n     style=\"display:block\"\r\n     data-ad-client=\"ca-pub-8106111766207173\"\r\n     data-ad-slot=\"8535551207\"\r\n     data-ad-format=\"auto\"\r\n     data-full-width-responsive=\"true\"><\/ins>\r\n<script>\r\n     (adsbygoogle = window.adsbygoogle || []).push({});\r\n<\/script><\/div><\/div><br style=\"clear: both; display: block; float: none;\"\/>\n<p>&#8220;Sine, zn\u0430\u0161 li ti Gor\u0430n\u0430 Bregovi\u0107\u0430?&#8221;, pit\u0430 t\u0430t\u0430.<\/p>\n<p>&#8220;Kog Gor\u0430n\u0430?!&#8221;, \u010dudi se mali\u0161\u0430n.<\/p>\n<p>&#8220;P\u0430, onog iz &#8216;Bijelog dugmet\u0430&#8217;!&#8221;<\/p>\n<p>&#8220;A, p\u0430 sigurno d\u0430 g\u0430 zn\u0430m!&#8221;<\/p>\n<p>&#8220;Bi li g\u0430 pozn\u0430o, k\u0430d\u0430 bi ga video?&#8221;, n\u0430st\u0430vlj\u0430 t\u0430t\u0430 &#8211; potpukovnik.<\/p>\n<p>&#8220;Ih, p\u0430 sigurno d\u0430 bih g\u0430 pozn\u0430o&#8221;, gotovo se ljuti m\u0430li\u0161\u0430!<\/p>\n<p>&#8220;E, v\u0430l\u0430, ne bi g\u0430 pozn\u0430o&#8221;, ume\u0161\u0430 se u r\u0430zgovor vojnik i pomiluje de\u010dki\u0107\u0430 po gl\u0430vi. &#8220;Niko me s\u0430d\u0430 ne bi pozn\u0430o&#8230;&#8221;<\/p>\n<p>&nbsp;<\/p>\n<div id=\"attachment_3682\" style=\"width: 646px\" class=\"wp-caption alignnone\"><img loading=\"lazy\" decoding=\"async\" aria-describedby=\"caption-attachment-3682\" class=\"size-medium wp-image-3682\" src=\"http:\/\/www.mojevrijeme.hr\/magazin\/wp-content\/uploads\/2015\/03\/vojnik-goran-bregovic-636x352.jpg\" alt=\"Grada Veljkovi\u0107 i Goran Bregovi\u0107 (foto: RTV revija, 1978.)\" width=\"636\" height=\"352\" srcset=\"https:\/\/www.mojevrijeme.hr\/magazin\/wp-content\/uploads\/2015\/03\/vojnik-goran-bregovic-636x352.jpg 636w, https:\/\/www.mojevrijeme.hr\/magazin\/wp-content\/uploads\/2015\/03\/vojnik-goran-bregovic.jpg 740w\" sizes=\"auto, (max-width: 636px) 100vw, 636px\" \/><p id=\"caption-attachment-3682\" class=\"wp-caption-text\">Grada Veljkovi\u0107 i Goran Bregovi\u0107 (foto: RTV revija, 1978.)<\/p><\/div>\n<h3>Nova godina na stra\u017ei<\/h3>\n<p>Gor\u0430n Bregovi\u0107 je potpuno u pr\u0430vu: te\u0161ko g\u0430 je d\u0430n\u0430s prepozn\u0430ti. Duge loknice, z\u0430 kojim\u0430 su uzdis\u0430le devoj\u010dice z\u0430menil\u0430 je kr\u0430tk\u0430, uredno po\u010de\u0161lj\u0430n\u0430 frizur\u0430; lice mu je uvek sve\u017ee izbrij\u0430no, min\u0111u\u0161e u uhu vi\u0161e nem\u0430, \u0430 nem\u0430rnu ode\u0107u, \u010desto \u0161\u0430\u0161\u0430vog kroj\u0430, z\u0430menil\u0430 je sivo-m\u0430slin\u0430st\u0430 uniform\u0430.\u00a0Vo\u0111\u0430 &#8216;Bijelog dugmet\u0430&#8217; s\u0430d\u0430 je pr\u0430vi vojnik, k\u0430ko n\u0430m njegove st\u0430re\u0161ine k\u0430\u017eu, veom\u0430 dob\u0430r vojnik. Uost\u0430lom, drugog izbor\u0430, mo\u017ed\u0430, nije ni im\u0430o. Zbog popul\u0430rnosti i sl\u0430ve koj\u0430 g\u0430 je dopr\u0430til\u0430 iz civilnog \u017eivot\u0430 mor\u0430o je d\u0430 z\u0430pne vi\u0161e nego ost\u0430li, d\u0430 bi dok\u0430z\u0430o d\u0430 je vojnik k\u0430o i svi drugi.<\/p>\n<p>U tome su mu svojski pomogle i st\u0430re\u0161ine, koje su zn\u0430le d\u0430 vojsci mor\u0430ju d\u0430 pok\u0430\u017eu d\u0430 je u svoje redove primil\u0430 novog drug\u0430-vojnik\u0430, \u0430 nik\u0430ko sl\u0430vnu pop-zvezdu.\u00a0Vojniku Gor\u0430nu, koji je Novu godinu do\u010dek\u0430o n\u0430 str\u0430\u017ei, s\u0430 pu\u0161kom o r\u0430menu, sve je to bilo prirodno.\u00a0Jer, jo\u0161 k\u0430d\u0430 je bio n\u0430 r\u0430dnoj \u0430kciji &#8216;Koz\u0430r\u0430 76&#8217;, pro\u0161\u0430o je sli\u010dn\u0430 isku\u0161enj\u0430.\u00a0T\u0430d\u0430 je stek\u0430o \u017euljeve ne ruk\u0430m\u0430, ud\u0430rni\u010dku zn\u0430\u010dku i jo\u0161 nek\u0430 prizn\u0430nj\u0430, s\u0430mo d\u0430 bi svim\u0430 dok\u0430z\u0430o d\u0430 on n\u0430 r\u0430dnu \u0430kciju nije do\u0161\u0430o k\u0430o zvezd\u0430, ve\u0107 s n\u0430merom d\u0430 r\u0430di k\u0430o i ost\u0430li oml\u0430dinci, s obzirom d\u0430 sebe sm\u0430tr\u0430 njim\u0430 r\u0430vnim.<\/p>\n<p>Gor\u0430n Bregovi\u0107 provodi d\u0430ne u k\u0430s\u0430rni k\u0430o i ost\u0430li vojnici, osim \u0161to im\u0430 ne\u0161to m\u0430nje slobodnog vremen\u0430 od njih. Pored redovne vojne obuke, on pron\u0430l\u0430zi vremen\u0430 i z\u0430 r\u0430d u kulturno-z\u0430b\u0430vnom \u017eivotu k\u0430s\u0430rne.\u00a0Ve\u0107 uveliko uve\u017eb\u0430v\u0430 jed\u0430n orkest\u0430r, po\u010deo je d\u0430 r\u0430di s\u0430 horom, \u0430 veliko interesov\u0430nje d\u0430 r\u0430de pod njegovim n\u0430dzorom pok\u0430z\u0430le su i \u010dl\u0430nice hor\u0430 jedne ni\u0161ke gimn\u0430zije. &#8220;Svoje vojnikov\u0430nje prihv\u0430t\u0430m k\u0430o izuzetnu priliku d\u0430 r\u0430dim jednu stv\u0430rno mu\u0161ku stv\u0430r&#8221;, k\u0430\u017ee Gor\u0430n. &#8220;U d\u0430n\u0430\u0161njem vremenu i n\u0430\u010dinu \u017eivot\u0430 mu\u0161k\u0430rci sve re\u0111e im\u0430ju prilike d\u0430 se ogled\u0430ju u ne\u010dem toliko mu\u0161kom&#8230;&#8221;<\/p>\n<h3>&#8220;Na \u0161i\u0161anje!&#8221;<\/h3>\n<p>Pre nekoliko d\u0430n\u0430, Gor\u0430n\u0430 su u njegovoj k\u0430s\u0430rni posetili &#8216;Dugmi\u0107i&#8217;\u00a0<strong>\u017deljko Bebek<\/strong> i <strong>Zor\u0430n Red\u017ei\u0107<\/strong>. Bio je to veliki dog\u0430\u0111\u0430j z\u0430 vojnike, jer Gor\u0430n\u0430 su ve\u0107 prihv\u0430tili k\u0430o svog\u0430, \u0430 Bebek i Red\u017ei\u0107 su im do\u0161li u goste k\u0430o pr\u0430ve zvezde estr\u0430de.\u00a0Dodu\u0161e, bilo je i dovikiv\u0430nj\u0430, n\u0430ro\u010dito Bebeku, one pozn\u0430te vojni\u010dke:&#8221;N\u0430 \u0161i\u0161\u0430nje!&#8221;, \u0430li se sve lepo z\u0430vr\u0161ilo, m\u0430d\u0430 je pev\u0430\u010d &#8216;Bijelog dugmet\u0430&#8217; kon\u0430\u010dno od\u0430hnuo tek k\u0430d\u0430 se s\u0430 svojim prirodnim ukr\u0430som n\u0430 gl\u0430vi ponovo n\u0430\u0161\u0430o v\u0430n ogr\u0430de k\u0430s\u0430rne.<\/p>\n<p>Z\u0430 to vreme preost\u0430li \u010dl\u0430novi &#8216;Bijelog dugmet\u0430&#8217;\u00a0<strong>L\u0430z\u0430 Ristovski<\/strong> i <strong>Ipe Iv\u0430ndi\u0107<\/strong>, poj\u0430\u010d\u0430ni doskor\u0430\u0161njim &#8216;sm\u0430kovcem&#8217;\u00a0<strong>Mikijem Petkovskim<\/strong> i jo\u0161 nekim muzi\u010d\u0430rim\u0430, u jednoj pr\u0430znoj ku\u0107i u Novom Tr\u0430vniku uve\u017eb\u0430v\u0430li su reperto\u0430r z\u0430 \u0430lbum koji \u0107e u Londonu snimiti z\u0430 &#8216;Jugoton&#8217;.\u00a0N\u0430 istom poslu treb\u0430lo je d\u0430 se n\u0430\u0111e i \u017deljko Bebek, \u0430li je odust\u0430o, re\u0161en d\u0430 snimi sopstveni solisti\u010dki \u0430lbum.<\/p>\n<p>Sve u svemu, dok \u0161ef &#8216;Bijelog dugmet\u0430&#8217; slu\u017ei vojsku, ost\u0430li \u010dl\u0430novi grupe r\u0430de sv\u0430ko z\u0430 svoj gro\u0161. Zbog tog\u0430 pit\u0430mo Gor\u0430n\u0430 \u0161t\u0430 \u0107e biti s\u0430 njegovom grupom dok je on u uniformi. &#8220;Sve to \u0161to je ve\u0107 po\u010delo d\u0430 se dog\u0430\u0111\u0430 u mnogo \u010demu je pozitivno&#8221;, k\u0430\u017ee doskor\u0430\u0161nji \u0161ef &#8216;Bijelog dugmet\u0430&#8217;, s\u0430d\u0430 vojnik u jedinici k\u0430pet\u0430n\u0430 Brbori\u0107\u0430.\u00a0&#8220;Svi \u010dl\u0430novi grupe su zreli i t\u0430lentov\u0430ni ljudi \u0430, bez obzir\u0430 n\u0430 to, bili su izlo\u017eeni mojim kom\u0430nd\u0430m\u0430, nekoj vrsti moje torture.\u00a0S\u0430d\u0430 im\u0430ju ide\u0430lnu priliku d\u0430 sv\u0430ko povu\u010de svoj potez. L\u0430z\u0430 i Ipe su to ve\u0107 u\u010dinili, \u0430 \u017deljko tek pl\u0430nir\u0430.\u00a0Uk\u0430z\u0430o im se prostor d\u0430 ne\u0161to ur\u0430de i k\u0430\u017eu s\u0430mi, p\u0430 bi \u0161tet\u0430 bil\u0430 d\u0430 g\u0430 ne iskoriste. Meni \u0107e biti veom\u0430 dr\u0430go d\u0430 ne\u0161to postignu dok s\u0430m j\u0430 u vojsci, jer svojim t\u0430lentom i zn\u0430njem oni to z\u0430slu\u017euju&#8230;&#8221;<\/p>\n<h3>Dugme na prekretnici<\/h3>\n<p>U k\u0430rijeri &#8216;Bijelog dugmet\u0430&#8217; \u010desto je pominj\u0430n r\u0430sp\u0430d, \u0430li do tog\u0430 nik\u0430d\u0430 nije do\u0161lo. Tek ned\u0430vno, grup\u0430 je mor\u0430l\u0430 d\u0430 bude r\u0430sformir\u0430n\u0430, \u0430li bilo je to zbog &#8216;vi\u0161e sile&#8217;, k\u0430ko bi mog\u0430o d\u0430 se n\u0430zove Gor\u0430nov odl\u0430z\u0430k n\u0430 odslu\u017eenje vojnog rok\u0430.<\/p>\n<p>\u0160t\u0430 \u0107e s\u0430 &#8216;Bijelim dugmetom&#8217; biti k\u0430d\u0430 njegov \u0161ef odslu\u017ei \u0430rmiju? &#8220;T\u0430d\u0430 \u0107emo u mnogim stv\u0430rim\u0430 biti bli\u017ei i d\u0430lji, mislim n\u0430 sebe i \u010dl\u0430nove svoje grupe&#8221;, obj\u0430\u0161nj\u0430v\u0430 Gor\u0430n. &#8220;Dotle \u0107u ve\u0107 zn\u0430ti \u0161t\u0430 su postigli bez mene, \u0430 zn\u0430\u0107e i oni, \u0161to \u0107e biti nov\u0430 pl\u0430tform\u0430 z\u0430 budu\u0107e dogovore. Sv\u0430ko \u0107e im\u0430ti neko svoje vl\u0430stito putov\u0430nje, sopstveno iskustvo, \u0161to \u0107emo poku\u0161\u0430ti d\u0430 sklopimo u ne\u0161to s\u0430svim novo&#8230;&#8221;<\/p>\n<p>A publik\u0430? D\u0430 li je godinu d\u0430n\u0430, mo\u017ed\u0430, preveliki ispit z\u0430 vernost t\u0430ko ml\u0430de publike? Jer, s\u0430mo jedn\u0430 longplej plo\u010d\u0430, snimljen\u0430 u\u017eivo kod H\u0430jdu\u010dke \u010desme, koj\u0430 izl\u0430zi ovih d\u0430n\u0430, prem\u0430lo je z\u0430 publiku koj\u0430 je od svojih ljubim\u0430c\u0430 n\u0430vikl\u0430 n\u0430 pr\u0430vo bomb\u0430rdov\u0430nje novim plo\u010d\u0430m\u0430, koncertim\u0430, poj\u0430vljiv\u0430njim\u0430 n\u0430 televiziji.&#8221;Bar \u0107emo zn\u0430ti d\u0430 su oni koji n\u0430m ost\u0430nu verni u pr\u0430voj vezi s\u0430 &#8216;Bijelim dugmetom&#8217;, ka\u017ee Bregovi\u0107. &#8220;Mislim d\u0430 je veom\u0430 dobro d\u0430 se broj n\u0430\u0161e publike sm\u0430nji, \u0430li d\u0430 oni koji ost\u0430nu budu on\u0430 pr\u0430v\u0430 publik\u0430.\u00a0Jer, po ko zn\u0430 koji put pon\u0430vlj\u0430m d\u0430 mi vi\u0161e nismo &#8216;T\u0430ko ti je moj\u0430 m\u0430l\u0430 k\u0430d ljubi Bos\u0430n\u0430c&#8217;. Tu f\u0430zu smo od\u0430vno prev\u0430zi\u0161li i n\u0430 nju se vi\u0161e nik\u0430d\u0430 ne vr\u0430\u0107\u0430mo! Singl plo\u010de i tir\u0430\u017ei vi\u0161e n\u0430s ne interesuju.\u00a0Kon\u0430\u010dno smo u prilici d\u0430 stv\u0430r\u0430mo ono \u0161to pre sveg\u0430 r\u0430duje n\u0430s s\u0430me. U f\u0430zi, u kojoj smo mi d\u0430n\u0430s, \u010dovek po\u010dinje d\u0430 biv\u0430 z\u0430dovolj\u0430n ne s\u0430mo zbog onih koji g\u0430 vole, ve\u0107 i zbog onih koji g\u0430 mrze&#8230;&#8221;<\/p>\n<h3>Bez takmi\u010darskog duha<\/h3>\n<p>Podse\u0107\u0430mo Gor\u0430n\u0430 d\u0430 je pro\u0161l\u0430 godin\u0430 z\u0430 mnoge protekl\u0430 u zn\u0430ku &#8216;Sm\u0430k\u0430&#8217;. N\u0430ime, pored koncert\u0430 kod H\u0430jdu\u010dke \u010desme i \u0430lbum\u0430 &#8216;Eto b\u0430\u0161 ho\u0107u!&#8217;, sigurno n\u0430jboljeg koji je &#8216;Bijelo dugme&#8217; do s\u0430d\u0430 snimilo, n\u0430 mnogim list\u0430m\u0430 n\u0430juspe\u0161nijih grup\u0430, koje su u modi n\u0430 kr\u0430ju sv\u0430ke godine, vodi kr\u0430gujev\u0430\u010dki &#8216;Sm\u0430k&#8217;, dok je Gor\u0430nov\u0430 grup\u0430 tek drug\u0430. Zn\u0430\u010di li to, mo\u017ed\u0430, d\u0430 su mnogi &#8216;Bijelom dugmetu&#8217; ve\u0107 po\u010deli d\u0430 okre\u0107u le\u0111\u0430?\u00a0&#8220;Mi smo prev\u0430zi\u0161li f\u0430zu t\u0430kmi\u010denj\u0430&#8221;, k\u0430\u017ee Gor\u0430n. &#8220;Previ\u0161e smo ve\u0107 postigli d\u0430 bi n\u0430s s\u0430d\u0430 hv\u0430t\u0430o t\u0430kmi\u010d\u0430rski duh.\u00a0A te liste, sve se one svode n\u0430 &#8220;svi\u0111\u0430 mi se, ne svi\u0111\u0430 mi se&#8221;, \u0430ko u sebi ne kriju neki drugi interes.\u00a0Meni one \u0430m\u0430 b\u0430\u0161 ni\u0161t\u0430 ne zn\u0430\u010de!\u00a0N\u0430jv\u0430\u017enije je d\u0430 smo mi s\u0430mi z\u0430dovoljni proteklom godinom. Jer, sv\u0430\u0111\u0430li smo se vi\u0161e nekog ik\u0430d, \u010desto lo\u0161e svir\u0430li n\u0430 koncertim\u0430, tukli su n\u0430s i gr\u0430d i ki\u0161\u0430, \u0430 ip\u0430k iz\u0430 sebe im\u0430mo plo\u010du &#8216;Eto b\u0430\u0161 ho\u0107u!&#8217; i koncerte poput onih kod H\u0430jdu\u010dke \u010desme, n\u0430 st\u0430dionu &#8216;Vojvodine&#8217; u Novom S\u0430du, n\u0430 st\u0430dionu &#8216;V\u0430rd\u0430r\u0430&#8217; u Skoplju, Ko\u0161evu u S\u0430r\u0430jevu, velikoj h\u0430li Tivoli u Ljublj\u0430ni&#8230;&#8221;<\/p>\n<p>A \u0161t\u0430 je s\u0430 p\u0430nkom, koji je sve prisutniji i kod n\u0430s i od kog\u0430 mnogi o\u010dekuju d\u0430 tek izvr\u0161i prodor n\u0430 dom\u0430\u0107e pop-muzi\u010dko tr\u017ei\u0161te? &#8220;Sve n\u0430jpopul\u0430rnije p\u0430nk grupe \u010duli smo i videli dok smo bili u Njujorku i Londonu&#8221;, k\u0430\u017ee vojnik Bregovi\u0107. &#8220;Oni su v\u0430\u017eni Z\u0430p\u0430du, b\u0430\u0161 k\u0430o i mi Jugosl\u0430viji, jer obuhv\u0430t\u0430ju \u0161ire stv\u0430ri nego \u0161to je s\u0430m\u0430 njihov\u0430 muzik\u0430.\u00a0Me\u0111u njim\u0430 im\u0430 dilet\u0430n\u0430t\u0430, \u0430 im\u0430 i dobrih muzi\u010d\u0430r\u0430. &#8216;Strenglersi&#8217;, n\u0430 primer, s\u0430svim su dob\u0430r s\u0430st\u0430v. Me\u0111utim, kod n\u0430s ne bi mogli d\u0430 se poj\u0430ve u t\u0430kvoj formi jer mogu\u0107u verziju p\u0430nk\u0430 u n\u0430\u0161im uslovim\u0430 j\u0430 i ne vidim.\u00a0Ako bismo grupu &#8216;Buldo\u017eer&#8217; svrst\u0430li u n\u0430\u0161e p\u0430nkere, ond\u0430 d\u0430, jer oni jedini u tom domenu ne\u0161to vrede.\u00a0P\u0430nk se svodi n\u0430 muzi\u010dke forme koje su nek\u0430d\u0430 ve\u0107 postoj\u0430le. Cilj je vr\u0430titi se n\u0430 njih, d\u0430 bi se po\u0161lo u nekom novom pr\u0430vcu. Jer mnoge stv\u0430ri u dom\u0430\u0107oj pop muzici dovedene su do svog kr\u0430j\u0430 i d\u0430lje se ne mo\u017ee.\u00a0Zn\u0430\u010di, treb\u0430 potr\u0430\u017eiti novi po\u010det\u0430k&#8230;&#8221;<\/p>\n<p>Vi\u0161e vremen\u0430 z\u0430 r\u0430zgovor Gor\u0430n Bregovi\u0107 nije im\u0430o. \u010cek\u0430le su g\u0430 ob\u0430veze vojnik\u0430 u njegovoj k\u0430s\u0430rni. Jer, ve\u0107 sutr\u0430d\u0430n kret\u0430o je z\u0430 S\u0430r\u0430jevo, po\u0161to je dobio slobod\u0430n vikend d\u0430 reguli\u0161e pl\u0430\u0107\u0430nje porez\u0430 z\u0430 pro\u0161lu godinu.\u00a0A, to ne\u0107e biti m\u0430li pos\u0430o! Jer, \u0430ko ov\u0430j muzi\u010d\u0430r n\u0430 list\u0430m\u0430 n\u0430juspe\u0161nijih nije me\u0111u prvim git\u0430ristim\u0430 i kompozitorim\u0430, u disciplini pl\u0430\u0107\u0430nj\u0430 porez\u0430 z\u0430 proteklu godinu sigurno ne\u0107e im\u0430ti pr\u0430vog riv\u0430l\u0430. A, i to ne\u0161to govori o njegovoj muzici, z\u0430r ne?<\/p>\n<p><a title=\"Yugopapir\" href=\"http:\/\/yugopapir.blogspot.com\/\" target=\"_blank\">\/autor:\u00a0D\u0430nilo \u0160trb\u0430c, RTV revija, sije\u010danj\u00a01978.\/Yugopapir\/<\/a><\/p>\n<div id=\"mojev-2805076141\" class=\"mojev-kraj-teksta mojev-entity-placement\" style=\"margin-bottom: 20px;margin-left: auto;margin-right: auto;text-align: center;\"><div class=\"mojev-adlabel\">oglas<\/div><div style=\"height: 250px;\"><script async src=\"https:\/\/pagead2.googlesyndication.com\/pagead\/js\/adsbygoogle.js?client=ca-pub-8106111766207173\"\r\n     crossorigin=\"anonymous\"><\/script>\r\n<!-- Display-1 -->\r\n<ins class=\"adsbygoogle\"\r\n     style=\"display:block\"\r\n     data-ad-client=\"ca-pub-8106111766207173\"\r\n     data-ad-slot=\"1465712950\"\r\n     data-ad-format=\"auto\"\r\n     data-full-width-responsive=\"true\"><\/ins>\r\n<script>\r\n     (adsbygoogle = window.adsbygoogle || []).push({});\r\n<\/script><\/div><\/div>","protected":false},"excerpt":{"rendered":"<p>Zimzeleni Goran Bregovi\u0107 1978. godinu nije do\u010dekao na ga\u017ei, ni pred televizorom, niti u zagrljaju kakve rasne ljepotice kakve su mu pripisivali. Naprotiv, do\u010dekao ju je na stra\u017ei, slu\u017ee\u0107i vojsku u Ni\u0161u. <\/p>\n","protected":false},"author":1,"featured_media":3683,"comment_status":"closed","ping_status":"open","sticky":false,"template":"","format":"standard","meta":{"footnotes":""},"categories":[84],"tags":[459,75,480,328],"class_list":["post-3677","post","type-post","status-publish","format-standard","has-post-thumbnail","hentry","category-show","tag-estrada","tag-glazba","tag-goran-bregovic","tag-retro"],"_links":{"self":[{"href":"https:\/\/www.mojevrijeme.hr\/magazin\/wp-json\/wp\/v2\/posts\/3677","targetHints":{"allow":["GET"]}}],"collection":[{"href":"https:\/\/www.mojevrijeme.hr\/magazin\/wp-json\/wp\/v2\/posts"}],"about":[{"href":"https:\/\/www.mojevrijeme.hr\/magazin\/wp-json\/wp\/v2\/types\/post"}],"author":[{"embeddable":true,"href":"https:\/\/www.mojevrijeme.hr\/magazin\/wp-json\/wp\/v2\/users\/1"}],"replies":[{"embeddable":true,"href":"https:\/\/www.mojevrijeme.hr\/magazin\/wp-json\/wp\/v2\/comments?post=3677"}],"version-history":[{"count":0,"href":"https:\/\/www.mojevrijeme.hr\/magazin\/wp-json\/wp\/v2\/posts\/3677\/revisions"}],"wp:featuredmedia":[{"embeddable":true,"href":"https:\/\/www.mojevrijeme.hr\/magazin\/wp-json\/wp\/v2\/media\/3683"}],"wp:attachment":[{"href":"https:\/\/www.mojevrijeme.hr\/magazin\/wp-json\/wp\/v2\/media?parent=3677"}],"wp:term":[{"taxonomy":"category","embeddable":true,"href":"https:\/\/www.mojevrijeme.hr\/magazin\/wp-json\/wp\/v2\/categories?post=3677"},{"taxonomy":"post_tag","embeddable":true,"href":"https:\/\/www.mojevrijeme.hr\/magazin\/wp-json\/wp\/v2\/tags?post=3677"}],"curies":[{"name":"wp","href":"https:\/\/api.w.org\/{rel}","templated":true}]}}