{"id":36889,"date":"2020-04-16T20:59:05","date_gmt":"2020-04-16T18:59:05","guid":{"rendered":"https:\/\/www.mojevrijeme.hr\/magazin\/?p=36889"},"modified":"2020-04-16T22:23:07","modified_gmt":"2020-04-16T20:23:07","slug":"od-koronavirusa-preminule-su-jos-dvije-osobe-u-sedamdesetim-godinama","status":"publish","type":"post","link":"https:\/\/www.mojevrijeme.hr\/magazin\/2020\/04\/od-koronavirusa-preminule-su-jos-dvije-osobe-u-sedamdesetim-godinama\/","title":{"rendered":"Od koronavirusa preminule su jo\u0161 dvije osobe u sedamdesetim godinama"},"content":{"rendered":"\n<p>Trenuta\u010dno je potvr\u0111ena ukupno 1.791 osoba zara\u017eena koronavirusom, a 529 osoba je ozdravilo. Dosad je preminulo trideset i pet osoba. Od ju\u010der imamo detektiranih 50 novih bolesnika, re\u010deno je na\u00a0konferenciji za novinare Nacionalnog sto\u017eera Civilne za\u0161tite. 23 novih pacijenata dolazi iz privatnog stara\u010dkog zagreba\u010dkog doma na Bukovcu u kojem je zara\u017eeno 19 \u0161ti\u0107enika i \u010detvero radnika. <\/p>\n\n\n\n<p>&#8220;U Dubrovniku je preminula \u017eena u dobi od 74 godina, a u Klinici za infektivne bolesti u Zagrebu 78-godi\u0161nji mu\u0161karac. Obje osobe&nbsp;imale su zna\u010dajan komorbiditet i te\u0161ke kroni\u010dne bolesti&#8221;, rekao je ministar zdravstva <strong>Vili Bero\u0161<\/strong>.<\/p>\n\n\n\n<p>Odgovaraju\u0107i na pitanje o visokim cijenama za\u0161titnih maski u nekim trgovinama&nbsp;dr\u017eavni inspektor&nbsp;<strong>Andrija Mikuli\u0107<\/strong>&nbsp;rekao je da su inspektori napravili vi\u0161e od 800 nadzora te da su ustanovili da su trgovine na malo i veletrgovine dizale mar\u017ee protivno odluci Vlade i zakona.<\/p><div id=\"mojev-4079046319\" class=\"mojev-u-tekstu mojev-entity-placement\" style=\"margin-left: auto;margin-right: auto;text-align: center;\"><div class=\"mojev-adlabel\">oglas<\/div><div style=\"height: 250px;\"><script async src=\"https:\/\/pagead2.googlesyndication.com\/pagead\/js\/adsbygoogle.js?client=ca-pub-8106111766207173\"\r\n     crossorigin=\"anonymous\"><\/script>\r\n<!-- Prikazni 1 u tekstu -->\r\n<ins class=\"adsbygoogle\"\r\n     style=\"display:block\"\r\n     data-ad-client=\"ca-pub-8106111766207173\"\r\n     data-ad-slot=\"8535551207\"\r\n     data-ad-format=\"auto\"\r\n     data-full-width-responsive=\"true\"><\/ins>\r\n<script>\r\n     (adsbygoogle = window.adsbygoogle || []).push({});\r\n<\/script><\/div><\/div><br style=\"clear: both; display: block; float: none;\"\/>\n\n\n\n<p>&#8220;Za maske o kojima govorite, tu je apsolutni rekorder s 595 posto dignutom mar\u017eom, rekao je Mikuli\u0107. Mar\u017ee su dizane i na neke druge proizvode&#8221;, kazao je i zaprijetio objavljivanjem naziva trgova\u010dkih dru\u0161tava koja dva ili vi\u0161e puta dignu mar\u017ee suprotno odlukama Vlade i zakonima.<\/p>\n\n\n\n<p>&#8220;Ako se u ovoj situaciji netko bavi takvim stvarima, onda je to na\u017ealost u rangu&nbsp;ratnog profiterstva&#8221;, rekao je Mikuli\u0107.<\/p>\n<div id=\"mojev-3940572974\" class=\"mojev-kraj-teksta mojev-entity-placement\" style=\"margin-bottom: 20px;margin-left: auto;margin-right: auto;text-align: center;\"><div class=\"mojev-adlabel\">oglas<\/div><div style=\"height: 250px;\"><script async src=\"https:\/\/pagead2.googlesyndication.com\/pagead\/js\/adsbygoogle.js?client=ca-pub-8106111766207173\"\r\n     crossorigin=\"anonymous\"><\/script>\r\n<!-- Display-1 -->\r\n<ins class=\"adsbygoogle\"\r\n     style=\"display:block\"\r\n     data-ad-client=\"ca-pub-8106111766207173\"\r\n     data-ad-slot=\"1465712950\"\r\n     data-ad-format=\"auto\"\r\n     data-full-width-responsive=\"true\"><\/ins>\r\n<script>\r\n     (adsbygoogle = window.adsbygoogle || []).push({});\r\n<\/script><\/div><\/div>","protected":false},"excerpt":{"rendered":"<p>Inspektori su napravili vi\u0161e od 800 nadzora te su ustanovili da su trgovine na malo i veletrgovine dizale mar\u017ee protivno odluci Vlade i zakona.<\/p>\n","protected":false},"author":1,"featured_media":36892,"comment_status":"closed","ping_status":"closed","sticky":false,"template":"","format":"standard","meta":{"footnotes":""},"categories":[9],"tags":[2046,2169],"class_list":["post-36889","post","type-post","status-publish","format-standard","has-post-thumbnail","hentry","category-vijesti","tag-korona-virus","tag-nacionalni-stozer"],"_links":{"self":[{"href":"https:\/\/www.mojevrijeme.hr\/magazin\/wp-json\/wp\/v2\/posts\/36889","targetHints":{"allow":["GET"]}}],"collection":[{"href":"https:\/\/www.mojevrijeme.hr\/magazin\/wp-json\/wp\/v2\/posts"}],"about":[{"href":"https:\/\/www.mojevrijeme.hr\/magazin\/wp-json\/wp\/v2\/types\/post"}],"author":[{"embeddable":true,"href":"https:\/\/www.mojevrijeme.hr\/magazin\/wp-json\/wp\/v2\/users\/1"}],"replies":[{"embeddable":true,"href":"https:\/\/www.mojevrijeme.hr\/magazin\/wp-json\/wp\/v2\/comments?post=36889"}],"version-history":[{"count":0,"href":"https:\/\/www.mojevrijeme.hr\/magazin\/wp-json\/wp\/v2\/posts\/36889\/revisions"}],"wp:featuredmedia":[{"embeddable":true,"href":"https:\/\/www.mojevrijeme.hr\/magazin\/wp-json\/wp\/v2\/media\/36892"}],"wp:attachment":[{"href":"https:\/\/www.mojevrijeme.hr\/magazin\/wp-json\/wp\/v2\/media?parent=36889"}],"wp:term":[{"taxonomy":"category","embeddable":true,"href":"https:\/\/www.mojevrijeme.hr\/magazin\/wp-json\/wp\/v2\/categories?post=36889"},{"taxonomy":"post_tag","embeddable":true,"href":"https:\/\/www.mojevrijeme.hr\/magazin\/wp-json\/wp\/v2\/tags?post=36889"}],"curies":[{"name":"wp","href":"https:\/\/api.w.org\/{rel}","templated":true}]}}