{"id":36894,"date":"2020-04-16T22:51:05","date_gmt":"2020-04-16T20:51:05","guid":{"rendered":"https:\/\/www.mojevrijeme.hr\/magazin\/?p=36894"},"modified":"2020-04-16T22:56:53","modified_gmt":"2020-04-16T20:56:53","slug":"jadranka-kosor-objavila-je-sliku-iz-izolacije-bez-sisanja-i-uljepsavanja","status":"publish","type":"post","link":"https:\/\/www.mojevrijeme.hr\/magazin\/2020\/04\/jadranka-kosor-objavila-je-sliku-iz-izolacije-bez-sisanja-i-uljepsavanja\/","title":{"rendered":"Jadranka Kosor objavila je sliku iz izolacije: &#8216;Bez \u0161i\u0161anja i uljep\u0161avanja&#8217;"},"content":{"rendered":"\n<p>Nekada\u0161nja premijerka i \u0161efica HDZ-a, <strong>Jadranka Kosor<\/strong>, jedna je od najaktivnijih hrvatskih tvitera\u0161ica koja se ne libi javno objaviti mi\u0161ljenje o aktualnoj politici, ali ni slike iz obiteljskog albuma. Ovoga puta pokazala je kako se nosi s problemom koji mu\u010di brojne Hrvatice &#8211; zatvorenim frizerskim salonima. <\/p>\n\n\n\n<p>&#8220;Sje\u0107anje na sada\u0161njost. Bez \u0161i\u0161anja i svakog drugog uljep\u0161avanja. Naslovnica za novu knjigu &#8216;Dnevnik ljutite doma\u0107ice'&#8221;, napisala je uz <em>selfie<\/em> na kojem pozira u crvenoj majici s kapulja\u010dom i s crvenom maramom u kosi. <\/p>\n\n\n\n<div class=\"wp-block-image\"><figure class=\"aligncenter size-large\"><img loading=\"lazy\" decoding=\"async\" width=\"555\" height=\"740\" src=\"https:\/\/www.mojevrijeme.hr\/magazin\/wp-content\/uploads\/2020\/04\/kosor-izolacija-555x740.jpg\" alt=\"\" class=\"wp-image-36896\" srcset=\"https:\/\/www.mojevrijeme.hr\/magazin\/wp-content\/uploads\/2020\/04\/kosor-izolacija-555x740.jpg 555w, https:\/\/www.mojevrijeme.hr\/magazin\/wp-content\/uploads\/2020\/04\/kosor-izolacija-477x636.jpg 477w, https:\/\/www.mojevrijeme.hr\/magazin\/wp-content\/uploads\/2020\/04\/kosor-izolacija-768x1024.jpg 768w, https:\/\/www.mojevrijeme.hr\/magazin\/wp-content\/uploads\/2020\/04\/kosor-izolacija-1152x1536.jpg 1152w, https:\/\/www.mojevrijeme.hr\/magazin\/wp-content\/uploads\/2020\/04\/kosor-izolacija.jpg 1536w\" sizes=\"auto, (max-width: 555px) 100vw, 555px\" \/><figcaption>Jadranka Kosor (foto: J. Kosor\/Twitter)<\/figcaption><\/figure><\/div>\n\n\n\n<p>Kako to ve\u0107 biva kad objavi fotografiju, Kosor je pobrala pregr\u0161t zaslu\u017eenih komplimenata. &#8220;Nikad ljep\u0161a&#8221;, napisala joj je Dragica, dok je je mu\u0161karac pod imenom Komsomolac javno predlo\u017eio brak. &#8220;Crveno, na radost!&#8221; komplimentirao je Predrag. <\/p><div id=\"mojev-1005207745\" class=\"mojev-u-tekstu mojev-entity-placement\" style=\"margin-left: auto;margin-right: auto;text-align: center;\"><div class=\"mojev-adlabel\">oglas<\/div><div style=\"height: 250px;\"><script async src=\"https:\/\/pagead2.googlesyndication.com\/pagead\/js\/adsbygoogle.js?client=ca-pub-8106111766207173\"\r\n     crossorigin=\"anonymous\"><\/script>\r\n<!-- Prikazni 1 u tekstu -->\r\n<ins class=\"adsbygoogle\"\r\n     style=\"display:block\"\r\n     data-ad-client=\"ca-pub-8106111766207173\"\r\n     data-ad-slot=\"8535551207\"\r\n     data-ad-format=\"auto\"\r\n     data-full-width-responsive=\"true\"><\/ins>\r\n<script>\r\n     (adsbygoogle = window.adsbygoogle || []).push({});\r\n<\/script><\/div><\/div><br style=\"clear: both; display: block; float: none;\"\/>\n\n\n\n<div class=\"wp-block-image\"><figure class=\"aligncenter size-large\"><img loading=\"lazy\" decoding=\"async\" width=\"740\" height=\"317\" src=\"https:\/\/www.mojevrijeme.hr\/magazin\/wp-content\/uploads\/2020\/04\/jadranka-udaj-se-740x317.png\" alt=\"\" class=\"wp-image-36905\" srcset=\"https:\/\/www.mojevrijeme.hr\/magazin\/wp-content\/uploads\/2020\/04\/jadranka-udaj-se-740x317.png 740w, https:\/\/www.mojevrijeme.hr\/magazin\/wp-content\/uploads\/2020\/04\/jadranka-udaj-se-636x272.png 636w, https:\/\/www.mojevrijeme.hr\/magazin\/wp-content\/uploads\/2020\/04\/jadranka-udaj-se-768x329.png 768w, https:\/\/www.mojevrijeme.hr\/magazin\/wp-content\/uploads\/2020\/04\/jadranka-udaj-se.png 1046w\" sizes=\"auto, (max-width: 740px) 100vw, 740px\" \/><figcaption>screenshot: Twitter<\/figcaption><\/figure><\/div>\n<div id=\"mojev-422826132\" class=\"mojev-kraj-teksta mojev-entity-placement\" style=\"margin-bottom: 20px;margin-left: auto;margin-right: auto;text-align: center;\"><div class=\"mojev-adlabel\">oglas<\/div><div style=\"height: 250px;\"><script async src=\"https:\/\/pagead2.googlesyndication.com\/pagead\/js\/adsbygoogle.js?client=ca-pub-8106111766207173\"\r\n     crossorigin=\"anonymous\"><\/script>\r\n<!-- Display-1 -->\r\n<ins class=\"adsbygoogle\"\r\n     style=\"display:block\"\r\n     data-ad-client=\"ca-pub-8106111766207173\"\r\n     data-ad-slot=\"1465712950\"\r\n     data-ad-format=\"auto\"\r\n     data-full-width-responsive=\"true\"><\/ins>\r\n<script>\r\n     (adsbygoogle = window.adsbygoogle || []).push({});\r\n<\/script><\/div><\/div>","protected":false},"excerpt":{"rendered":"<p>Kako to ve\u0107 biva kad objavi fotografiju, Kosor je pobrala pregr\u0161t zaslu\u017eenih komplimenata.<\/p>\n","protected":false},"author":1,"featured_media":36895,"comment_status":"closed","ping_status":"closed","sticky":false,"template":"","format":"standard","meta":{"footnotes":""},"categories":[86],"tags":[349,2206,1275],"class_list":["post-36894","post","type-post","status-publish","format-standard","has-post-thumbnail","hentry","category-stil-i-ljepota","tag-frizure","tag-izola","tag-jadranka-kosor"],"_links":{"self":[{"href":"https:\/\/www.mojevrijeme.hr\/magazin\/wp-json\/wp\/v2\/posts\/36894","targetHints":{"allow":["GET"]}}],"collection":[{"href":"https:\/\/www.mojevrijeme.hr\/magazin\/wp-json\/wp\/v2\/posts"}],"about":[{"href":"https:\/\/www.mojevrijeme.hr\/magazin\/wp-json\/wp\/v2\/types\/post"}],"author":[{"embeddable":true,"href":"https:\/\/www.mojevrijeme.hr\/magazin\/wp-json\/wp\/v2\/users\/1"}],"replies":[{"embeddable":true,"href":"https:\/\/www.mojevrijeme.hr\/magazin\/wp-json\/wp\/v2\/comments?post=36894"}],"version-history":[{"count":0,"href":"https:\/\/www.mojevrijeme.hr\/magazin\/wp-json\/wp\/v2\/posts\/36894\/revisions"}],"wp:featuredmedia":[{"embeddable":true,"href":"https:\/\/www.mojevrijeme.hr\/magazin\/wp-json\/wp\/v2\/media\/36895"}],"wp:attachment":[{"href":"https:\/\/www.mojevrijeme.hr\/magazin\/wp-json\/wp\/v2\/media?parent=36894"}],"wp:term":[{"taxonomy":"category","embeddable":true,"href":"https:\/\/www.mojevrijeme.hr\/magazin\/wp-json\/wp\/v2\/categories?post=36894"},{"taxonomy":"post_tag","embeddable":true,"href":"https:\/\/www.mojevrijeme.hr\/magazin\/wp-json\/wp\/v2\/tags?post=36894"}],"curies":[{"name":"wp","href":"https:\/\/api.w.org\/{rel}","templated":true}]}}