{"id":37038,"date":"2020-04-19T21:26:10","date_gmt":"2020-04-19T19:26:10","guid":{"rendered":"https:\/\/www.mojevrijeme.hr\/magazin\/?p=37038"},"modified":"2020-04-19T21:32:15","modified_gmt":"2020-04-19T19:32:15","slug":"hvaljena-svedska-ima-16-puta-vise-umrlih-na-milijun-stanovnika-a-belgija-cak-50-puta-vise-od-hrvatske","status":"publish","type":"post","link":"https:\/\/www.mojevrijeme.hr\/magazin\/2020\/04\/hvaljena-svedska-ima-16-puta-vise-umrlih-na-milijun-stanovnika-a-belgija-cak-50-puta-vise-od-hrvatske\/","title":{"rendered":"Hvaljena \u0160vedska ima 16 puta vi\u0161e umrlih na milijun stanovnika, a Belgija \u010dak 50 puta vi\u0161e od Hrvatske"},"content":{"rendered":"\n<p>Ve\u0107ina gra\u0111ana, \u010dini se, jo\u0161 uvijek podr\u017eava Nacionalni sto\u017eer Civilne za\u0161tite, iako nezadovoljstvo mjerama, \u010dini se, raste. Onima koji u u\u010dinkovitost hrvatske borbe protiv epidemije COVID-19 sumnjaju, usporedive podatke je putem Twittera prezentirao ministar zdravstva <strong>Vili Bero\u0161<\/strong>.<\/p>\n\n\n\n<p>&#8220;U statisti\u010dkim obradama, za usporedbu zemalja prou\u010dava se i broj umrlih od koronavirusa na milijun stanovnika. Pohvaljujem zdravstvene djelatnike i gra\u0111ane koji slijede upute sto\u017eera jer ste nas va\u0161om samodisciplinom VI doveli do ovako dobrih rezultata. Hvala svima!&#8221; napisao je Bero\u0161 i objavio pokazatelje na ju\u010dera\u0161nji dan \u2013 18. travnja.<\/p>\n\n\n\n<p>Belgija tako ima 473 umrla na milijun stanovnika, a slijede ju \u0160panjolska (429), Italija (384), Francuska (297), Velika Britanija (230), \u0160vedska (151), Njema\u010dka (53), Austrija (50), Slovenija (34) i Norve\u0161ka (30). Na za\u010delju je, objavio je ministar, Hrvatska i to sa 9 umrlih na milijun stanovnika. <\/p><div id=\"mojev-1542429380\" class=\"mojev-u-tekstu mojev-entity-placement\" style=\"margin-left: auto;margin-right: auto;text-align: center;\"><div class=\"mojev-adlabel\">oglas<\/div><div style=\"height: 250px;\"><script async src=\"https:\/\/pagead2.googlesyndication.com\/pagead\/js\/adsbygoogle.js?client=ca-pub-8106111766207173\"\r\n     crossorigin=\"anonymous\"><\/script>\r\n<!-- Prikazni 1 u tekstu -->\r\n<ins class=\"adsbygoogle\"\r\n     style=\"display:block\"\r\n     data-ad-client=\"ca-pub-8106111766207173\"\r\n     data-ad-slot=\"8535551207\"\r\n     data-ad-format=\"auto\"\r\n     data-full-width-responsive=\"true\"><\/ins>\r\n<script>\r\n     (adsbygoogle = window.adsbygoogle || []).push({});\r\n<\/script><\/div><\/div><br style=\"clear: both; display: block; float: none;\"\/>\n\n\n\n<figure class=\"wp-block-embed-twitter wp-block-embed is-type-rich is-provider-twitter\"><div class=\"wp-block-embed__wrapper\">\n<blockquote class=\"twitter-tweet\" data-width=\"550\" data-dnt=\"true\"><p lang=\"und\" dir=\"ltr\">U statisti\u010dkim obradama, za usporedbu zemalja prou\u010dava se i broj umrlih od koronavirusa na milijun stanovnika(18.4.2020.). Pohvaljujem zdravstvene djelatnike i gra\u0111ane koji slijede upute sto\u017eera jer ste nas va\u0161om samodisciplinom VI doveli do ovako dobrih rezultata. Hvala svima!\u2764\ufe0f <a href=\"https:\/\/t.co\/Vzq6EDhjKd\">pic.twitter.com\/Vzq6EDhjKd<\/a><\/p>&mdash; Vili Bero\u0161 (@ViliBeros) <a href=\"https:\/\/twitter.com\/ViliBeros\/status\/1251927817450856450?ref_src=twsrc%5Etfw\">April 19, 2020<\/a><\/blockquote><script async src=\"https:\/\/platform.twitter.com\/widgets.js\" charset=\"utf-8\"><\/script>\n<\/div><\/figure>\n<div id=\"mojev-3083448263\" class=\"mojev-kraj-teksta mojev-entity-placement\" style=\"margin-bottom: 20px;margin-left: auto;margin-right: auto;text-align: center;\"><div class=\"mojev-adlabel\">oglas<\/div><div style=\"height: 250px;\"><script async src=\"https:\/\/pagead2.googlesyndication.com\/pagead\/js\/adsbygoogle.js?client=ca-pub-8106111766207173\"\r\n     crossorigin=\"anonymous\"><\/script>\r\n<!-- Display-1 -->\r\n<ins class=\"adsbygoogle\"\r\n     style=\"display:block\"\r\n     data-ad-client=\"ca-pub-8106111766207173\"\r\n     data-ad-slot=\"1465712950\"\r\n     data-ad-format=\"auto\"\r\n     data-full-width-responsive=\"true\"><\/ins>\r\n<script>\r\n     (adsbygoogle = window.adsbygoogle || []).push({});\r\n<\/script><\/div><\/div>","protected":false},"excerpt":{"rendered":"<p>Kako se koja dr\u017eava nosi s koronavirusom i jesu li protuepidemijske mjere opravdane, pitanja su kojima se ve\u0107 tjednima bavi hrvatska javnost. <\/p>\n","protected":false},"author":1,"featured_media":37042,"comment_status":"closed","ping_status":"closed","sticky":false,"template":"","format":"standard","meta":{"footnotes":""},"categories":[9],"tags":[2046,1532,555,2113],"class_list":["post-37038","post","type-post","status-publish","format-standard","has-post-thumbnail","hentry","category-vijesti","tag-korona-virus","tag-statistika","tag-svedska","tag-vili-beros"],"_links":{"self":[{"href":"https:\/\/www.mojevrijeme.hr\/magazin\/wp-json\/wp\/v2\/posts\/37038","targetHints":{"allow":["GET"]}}],"collection":[{"href":"https:\/\/www.mojevrijeme.hr\/magazin\/wp-json\/wp\/v2\/posts"}],"about":[{"href":"https:\/\/www.mojevrijeme.hr\/magazin\/wp-json\/wp\/v2\/types\/post"}],"author":[{"embeddable":true,"href":"https:\/\/www.mojevrijeme.hr\/magazin\/wp-json\/wp\/v2\/users\/1"}],"replies":[{"embeddable":true,"href":"https:\/\/www.mojevrijeme.hr\/magazin\/wp-json\/wp\/v2\/comments?post=37038"}],"version-history":[{"count":0,"href":"https:\/\/www.mojevrijeme.hr\/magazin\/wp-json\/wp\/v2\/posts\/37038\/revisions"}],"wp:featuredmedia":[{"embeddable":true,"href":"https:\/\/www.mojevrijeme.hr\/magazin\/wp-json\/wp\/v2\/media\/37042"}],"wp:attachment":[{"href":"https:\/\/www.mojevrijeme.hr\/magazin\/wp-json\/wp\/v2\/media?parent=37038"}],"wp:term":[{"taxonomy":"category","embeddable":true,"href":"https:\/\/www.mojevrijeme.hr\/magazin\/wp-json\/wp\/v2\/categories?post=37038"},{"taxonomy":"post_tag","embeddable":true,"href":"https:\/\/www.mojevrijeme.hr\/magazin\/wp-json\/wp\/v2\/tags?post=37038"}],"curies":[{"name":"wp","href":"https:\/\/api.w.org\/{rel}","templated":true}]}}