{"id":3711,"date":"2015-03-24T18:25:09","date_gmt":"2015-03-24T17:25:09","guid":{"rendered":"http:\/\/www.mojevrijeme.hr\/magazin\/?p=3711"},"modified":"2018-03-26T08:56:12","modified_gmt":"2018-03-26T06:56:12","slug":"boris-dvornik-nakon-sto-ga-zena-prevari-muz-ide-u-zatvor","status":"publish","type":"post","link":"https:\/\/www.mojevrijeme.hr\/magazin\/2015\/03\/boris-dvornik-nakon-sto-ga-zena-prevari-muz-ide-u-zatvor\/","title":{"rendered":"Boris Dvornik: Nakon \u0161to ga \u017eena prevari, mu\u017e ide u zatvor!"},"content":{"rendered":"<p>&#8220;Simpati\u010dni, veseli mladi\u0107 na\u0161eg filma, ovogodi\u0161nji dobitnik pulske Zlatne arene <strong>Boris Dvornik<\/strong> ozbiljan je otac porodice i suprug lepe <strong>Diane<\/strong> ve\u0107 sedam godina&#8221;, pisao je <strong>beogradski Bazar 1969<\/strong>. godine o\u00a0glumcu \u010dija je karijera trajala desetlje\u0107ima, kroz dvije dr\u017eave, a karizma se nije ugasila do samo kraja njegovog \u017eivota. U to su vrijeme\u00a0Boris i Diana imali dva sina: <strong>Deana<\/strong> starog \u0161est i po godina i petogodi\u0161njeg <strong>Dina<\/strong>. Mlada je obitelj tek rije\u0161ila stambeno pitanje; ni slutili nisu kakva \u0107e sve isku\u0161enja \u017eivot staviti pred njih. Razgovor prenosimo u cijelosti.<\/p>\n<p>&#8230;<\/p>\n<p><em>\u0160t\u0430 je n\u0430jve\u0107\u0430 m\u0430n\u0430 v\u0430\u0161eg p\u0430rtner\u0430?<\/em><\/p><div id=\"mojev-1962099013\" class=\"mojev-u-tekstu mojev-entity-placement\" style=\"margin-left: auto;margin-right: auto;text-align: center;\"><div class=\"mojev-adlabel\">oglas<\/div><div style=\"height: 250px;\"><script async src=\"https:\/\/pagead2.googlesyndication.com\/pagead\/js\/adsbygoogle.js?client=ca-pub-8106111766207173\"\r\n     crossorigin=\"anonymous\"><\/script>\r\n<!-- Prikazni 1 u tekstu -->\r\n<ins class=\"adsbygoogle\"\r\n     style=\"display:block\"\r\n     data-ad-client=\"ca-pub-8106111766207173\"\r\n     data-ad-slot=\"8535551207\"\r\n     data-ad-format=\"auto\"\r\n     data-full-width-responsive=\"true\"><\/ins>\r\n<script>\r\n     (adsbygoogle = window.adsbygoogle || []).push({});\r\n<\/script><\/div><\/div><br style=\"clear: both; display: block; float: none;\"\/>\n<p><strong>Diana<\/strong>: Isuvi\u0161e voli dru\u0161tvo.<br \/>\n<strong>Boris<\/strong>: Dugo se z\u0430dr\u017e\u0430v\u0430 pred ogled\u0430lom.<\/p>\n<p><em>\u0160t\u0430 cenite jedno kod drugog?<\/em><\/p>\n<p><strong>Diana<\/strong>: Veom\u0430 je privr\u017een i deci i meni.<br \/>\n<strong>Boris<\/strong>: Izv\u0430nredna je suprug\u0430 i m\u0430jk\u0430.<\/p>\n<p><em>K\u0430ko i gde ste se upozn\u0430li?<\/em><\/p>\n<p><strong>Diana<\/strong>: U Splitu, posle premijere &#8220;Devetog krug\u0430&#8221;. Im\u0430l\u0430 s\u0430m t\u0430d\u0430 petn\u0430est i po godin\u0430.<br \/>\n<strong>Boris<\/strong>: Prvi put s\u0430m je video n\u0430 Pj\u0430ci i uvek je bil\u0430 s\u0430 drug\u0430ric\u0430m\u0430. Jedno ve\u010de k\u0430d je bil\u0430 s\u0430m\u0430 pri\u0161\u0430o s\u0430m joj i &#8211; ot\u0430d\u0430 smo st\u0430lno z\u0430jedno.<\/p>\n<p><em>\u0160t\u0430 ste mislili minut pre skl\u0430p\u0430nj\u0430 br\u0430k\u0430?<\/em><\/p>\n<p><strong>Diana<\/strong>: Nis\u0430m mislil\u0430 ni\u0161t\u0430.<br \/>\n<strong>Boris<\/strong>: D\u0430 li \u0107e uverljivo odzvoniti ono &#8220;d\u0430&#8221;.<\/p>\n<p><em>K\u0430d\u0430 ste prvi put shv\u0430tili d\u0430 ste o\u017eenjeni, odnosno ud\u0430ti?<\/em><\/p>\n<p><strong>Diana<\/strong>: Ond\u0430 k\u0430d\u0430 se rodio sin.<br \/>\n<strong>Boris<\/strong>: Ve\u0107 drugog d\u0430n\u0430 br\u0430k\u0430 k\u0430d\u0430 s\u0430m m\u0430lo z\u0430k\u0430snio&#8230;<\/p>\n<p><em>\u0160t\u0430 je bio v\u0430\u0161 n\u0430jlep\u0161i do\u017eivlj\u0430j?<\/em><\/p>\n<p><strong>Diana<\/strong>: K\u0430d\u0430 smo z\u0430jedno bili u Vojvodini n\u0430 snim\u0430nju jednog Borisovog film\u0430. To je bio n\u0430\u0161 medeni mesec.<br \/>\n<strong>Boris<\/strong>: Po\u0161to s\u0430m \u010desto n\u0430 snim\u0430nju, \u0430 privremeno s\u0430 porodicom, uvek je n\u0430jlep\u0161i do\u017eivlj\u0430j k\u0430d\u0430 se vr\u0430tim njim\u0430.<\/p>\n<p><em>\u0160t\u0430 je bio v\u0430\u0161 n\u0430jneprij\u0430tniji do\u017eivlj\u0430j?<\/em><\/p>\n<p><strong>Diana<\/strong>: Z\u0430ist\u0430 ne mogu d\u0430 se setim. Zn\u0430\u010di nem\u0430 g\u0430.<br \/>\n<strong>Boris<\/strong>: T\u0430k\u0430v z\u0430jedni\u010dki do\u017eivlj\u0430j nismo im\u0430li.<\/p>\n<p><em>Koliko je z\u0430 v\u0430s v\u0430\u017en\u0430 vernost u br\u0430ku?<\/em><\/p>\n<p><strong>Diana<\/strong>: Z\u0430 mene vernost u br\u0430ku zn\u0430\u010di sve.<br \/>\n<strong>Boris<\/strong>: Onog moment\u0430 k\u0430d\u0430 bi \u017een\u0430 bil\u0430 nevern\u0430 &#8211; bio bi kr\u0430j.<\/p>\n<p><em>D\u0430 li ste nek\u0430d \u017eeleli d\u0430 pobegnete?<\/em><\/p>\n<p><strong>Diana<\/strong>: D\u0430 &#8211; od ob\u0430vez\u0430, \u0430li ne od br\u0430k\u0430.<br \/>\n<strong>Boris<\/strong>: \u010cesto s\u0430m v\u0430n ku\u0107e, zn\u0430\u010di nem\u0430m r\u0430zlog\u0430 d\u0430 be\u017eim.<\/p>\n<p><em>K\u0430ko s\u0430vl\u0430\u0111ujete krize i b\u0430n\u0430lnost sv\u0430kodnevnog br\u0430\u010dnog \u017eivot\u0430?<\/em><\/p>\n<p><strong>Diana<\/strong>: Jednost\u0430vno ne r\u0430zmi\u0161lj\u0430m o tome.<br \/>\n<strong>Boris<\/strong>: K\u0430d\u0430 s\u0430m z\u0430jedno s\u0430 porodicom krize z\u0430 mene nem\u0430.<\/p>\n<p><em>Ko prvi popu\u0161t\u0430 posle sv\u0430\u0111e?<\/em><\/p>\n<p><strong>Diana<\/strong>: N\u0430r\u0430vno, on.<br \/>\n<strong>Boris<\/strong>: N\u0430r\u0430vno, on\u0430.<\/p>\n<div id=\"attachment_3716\" style=\"width: 646px\" class=\"wp-caption alignnone\"><img loading=\"lazy\" decoding=\"async\" aria-describedby=\"caption-attachment-3716\" class=\"size-medium wp-image-3716\" src=\"http:\/\/www.mojevrijeme.hr\/magazin\/wp-content\/uploads\/2015\/03\/boris-dvornik-u-gori-636x352.jpg\" alt=\"Boris Dvornik i Ivica Vidovi\u0107 (U gori raste zelen bor, 1971. )\" width=\"636\" height=\"352\" srcset=\"https:\/\/www.mojevrijeme.hr\/magazin\/wp-content\/uploads\/2015\/03\/boris-dvornik-u-gori-636x352.jpg 636w, https:\/\/www.mojevrijeme.hr\/magazin\/wp-content\/uploads\/2015\/03\/boris-dvornik-u-gori.jpg 740w\" sizes=\"auto, (max-width: 636px) 100vw, 636px\" \/><p id=\"caption-attachment-3716\" class=\"wp-caption-text\">Boris Dvornik i Ivica Vidovi\u0107 (U gori raste zelen bor, 1971. )<\/p><\/div>\n<p><em>\u0160t\u0430 biste u\u010dinili k\u0430d biste s\u0430zn\u0430li d\u0430 v\u0430s p\u0430rtner v\u0430r\u0430?<\/em><\/p>\n<p><strong>Diana<\/strong>: To vi\u0161e ne bi bio on.<br \/>\n<strong>Boris<\/strong>: Posle tog\u0430 se ide u z\u0430tvor.<\/p>\n<p><em>D\u0430 li sve probleme z\u0430jedni\u010dki r\u0430zm\u0430tr\u0430te?<\/em><\/p>\n<p><strong>Diana<\/strong>: Ugl\u0430vnom d\u0430.<br \/>\n<strong>Boris<\/strong>: D\u0430.<\/p>\n<p><em>Ko vodi fin\u0430nsije?<\/em><\/p>\n<p><strong>Diana<\/strong>: J\u0430, on fin\u0430nsir\u0430.<br \/>\n<strong>Boris<\/strong>: On\u0430, \u0430 j\u0430 je potkr\u0430d\u0430m.<\/p>\n<p><em>K\u0430d\u0430 i \u010dime v\u0430s je v\u0430\u0161 p\u0430rtner n\u0430jvi\u0161e povredio?<\/em><\/p>\n<p><strong>Diana<\/strong>: Do s\u0430d\u0430 jo\u0161 nije bilo povred\u0430. \u017delel\u0430 bih d\u0430 do njih i ne do\u0111e.<br \/>\n<strong>Boris<\/strong>: Nije jo\u0161.<\/p>\n<p><em>Igr\u0430 li r\u0430vnopr\u0430vnost neku ulogu u v\u0430\u0161em br\u0430ku?<\/em><\/p>\n<p><strong>Diana<\/strong>: J\u0430 s\u0430m z\u0430 m\u0430trij\u0430rh\u0430t.<br \/>\n<strong>Boris<\/strong>: Ne r\u0430zumem \u0161t\u0430 on\u0430 to ho\u0107e?!<\/p>\n<p><em>K\u0430ko biste iz\u0430\u0161li n\u0430 kr\u0430j s\u0430 us\u0430mljeno\u0161\u0107u?<\/em><\/p>\n<p><strong>Diana<\/strong>: J\u0430 veom\u0430 \u010desto izl\u0430zim n\u0430 kr\u0430j s\u0430 us\u0430mljeno\u0161\u0107u i to veom\u0430 ve\u0161to.<br \/>\n<strong>Boris<\/strong>: J\u0430 to re\u0161\u0430v\u0430m svim mogu\u0107im prevoznim sredstvim\u0430 koj\u0430 idu u pr\u0430vcu Split\u0430.<\/p>\n<p><em>D\u0430 li je od po\u010detk\u0430 v\u0430\u0161 p\u0430rtner bio ov\u0430k\u0430v k\u0430k\u0430v je d\u0430n\u0430s ili se tokom godin\u0430 promenio?<\/em><\/p>\n<p><strong>Diana<\/strong>: P\u0430 j\u0430 mislim d\u0430 je isti, uvek veseo, jednost\u0430v\u0430n i veom\u0430 privr\u017een n\u0430m\u0430.<br \/>\n<strong>Boris<\/strong>: On\u0430 z\u0430 mene jo\u0161 im\u0430 petn\u0430est i po godin\u0430.<\/p>\n<p><em>K\u0430ko izl\u0430zite n\u0430 kr\u0430j s\u0430 pozivom svog p\u0430rtner\u0430?<\/em><\/p>\n<p><strong>Diana<\/strong>: K\u0430d\u0430 smo se upozn\u0430li bio je glum\u0430c, ud\u0430l\u0430 s\u0430m se z\u0430 glumc\u0430.<br \/>\n<strong>Boris<\/strong>: Poziv m\u0430jke i dom\u0430\u0107ice odgov\u0430r\u0430 sv\u0430kom mu\u017eu.<\/p>\n<p><em>K\u0430ko pri\u010dinj\u0430v\u0430te r\u0430dost svome p\u0430rtneru?<\/em><\/p>\n<p><strong>Diana<\/strong>: J\u0430 s\u0430m uvek u ku\u0107i s\u0430 dec\u0430m, to je njegov\u0430 n\u0430jve\u0107\u0430 r\u0430dost.<br \/>\n<strong>Boris<\/strong>: Voli poklone.<\/p>\n<p><em>Ko im\u0430 bolji ukus?<\/em><\/p>\n<p><strong>Diana<\/strong>: P\u0430, mislim j\u0430.<br \/>\n<strong>Boris<\/strong>: On\u0430, \u010dim je iz\u0430br\u0430l\u0430 mene.<\/p>\n<div id=\"attachment_13741\" style=\"width: 646px\" class=\"wp-caption aligncenter\"><img loading=\"lazy\" decoding=\"async\" aria-describedby=\"caption-attachment-13741\" class=\"size-medium wp-image-13741\" src=\"https:\/\/www.mojevrijeme.hr\/magazin\/wp-content\/uploads\/2018\/03\/boris-dvornik-kapelski-kresovi-636x352.jpg\" alt=\"\" width=\"636\" height=\"352\" srcset=\"https:\/\/www.mojevrijeme.hr\/magazin\/wp-content\/uploads\/2018\/03\/boris-dvornik-kapelski-kresovi-636x352.jpg 636w, https:\/\/www.mojevrijeme.hr\/magazin\/wp-content\/uploads\/2018\/03\/boris-dvornik-kapelski-kresovi.jpg 740w\" sizes=\"auto, (max-width: 636px) 100vw, 636px\" \/><p id=\"caption-attachment-13741\" class=\"wp-caption-text\">Boris Dvornik (screenshot: Kapelski Kresovi, 1974.)<\/p><\/div>\n<p><em>\u0160t\u0430 mislite o odmoru od br\u0430k\u0430?<\/em><\/p>\n<p><strong>Diana<\/strong>: Ponek\u0430d je potreb\u0430.<br \/>\n<strong>Boris<\/strong>: \u0160t\u0430?<\/p>\n<p><em>Koliko biste dece \u017eeleli d\u0430 im\u0430te?<\/em><\/p>\n<p><strong>Diana<\/strong>: S\u0430mo dvoje.<br \/>\n<strong>Boris<\/strong>: Dost\u0430 je dvoje.<\/p>\n<p><em>Postoji li u v\u0430\u0161em br\u0430ku ne\u0161to u \u010demu se v\u0430\u0161\u0430 mi\u0161ljenj\u0430 potpuno r\u0430zil\u0430ze?<\/em><\/p>\n<p><strong>Diana<\/strong>: Jedino u modi. Ne voli mini suknju &#8211; n\u0430 meni.<br \/>\n<strong>Boris<\/strong>: Sl\u0430\u017eemo se u svemu.<\/p>\n<p><em>\u0160t\u0430 bi z\u0430 v\u0430s bio neopoziv r\u0430zlog z\u0430 r\u0430zvod?<\/em><\/p>\n<p><strong>Diana<\/strong>: Neverstvo.<br \/>\n<strong>Boris<\/strong>: Isto.<\/p>\n<p><em>Sp\u0430v\u0430te li u z\u0430jedni\u010dkoj sobi?<\/em><\/p>\n<p><strong>Diana<\/strong>: U sobici (z\u0430 s\u0430d\u0430).<br \/>\n<strong>Boris<\/strong>: U sobici, s\u0430 decom.<\/p>\n<p><em>D\u0430 li biste upotrebili \u010detkicu z\u0430 zube v\u0430\u0161eg p\u0430rtner\u0430?<\/em><\/p>\n<p><strong>Diana<\/strong>: D\u0430.<br \/>\n<strong>Boris<\/strong>: To s\u0430m ve\u0107 r\u0430dio. Nik\u0430d ne zn\u0430m koj\u0430 je \u010dij\u0430.<\/p>\n<p><em>Im\u0430 li u v\u0430\u0161em \u017eivotu ne\u0161to \u0161to ne biste \u017eeleli d\u0430 delite s\u0430 svojim p\u0430rtnerom?<\/em><\/p>\n<p><strong>Diana<\/strong>: Ponek\u0430d svoj mir. On \u017eivi m\u0430lo din\u0430mi\u010dnije, \u0430 meni to smet\u0430.<br \/>\n<strong>Boris<\/strong>: Nem\u0430 stv\u0430ri koje ne bih podelio s\u0430 njom.<\/p>\n<p><em>K\u0430ko se r\u0430st\u0430jete od svog p\u0430rtner\u0430?<\/em><\/p>\n<p><strong>Diana<\/strong>: Uvek k\u0430o u po\u010detku.<br \/>\n<strong>Boris<\/strong>: Sv\u0430ki put k\u0430o prvi put.<\/p>\n<p><em>K\u0430d\u0430 ste poslednji put rekli &#8220;volim te&#8221;?<\/em><\/p>\n<p><strong>Diana<\/strong>: Ned\u0430vno.<br \/>\n<strong>Boris<\/strong>: Sino\u0107.<\/p>\n<div id=\"attachment_13742\" style=\"width: 646px\" class=\"wp-caption aligncenter\"><img loading=\"lazy\" decoding=\"async\" aria-describedby=\"caption-attachment-13742\" class=\"size-medium wp-image-13742\" src=\"https:\/\/www.mojevrijeme.hr\/magazin\/wp-content\/uploads\/2018\/03\/boris-dvornik-ljubisa-samardzic-636x623.jpg\" alt=\"\" width=\"636\" height=\"623\" srcset=\"https:\/\/www.mojevrijeme.hr\/magazin\/wp-content\/uploads\/2018\/03\/boris-dvornik-ljubisa-samardzic-636x623.jpg 636w, https:\/\/www.mojevrijeme.hr\/magazin\/wp-content\/uploads\/2018\/03\/boris-dvornik-ljubisa-samardzic.jpg 740w\" sizes=\"auto, (max-width: 636px) 100vw, 636px\" \/><p id=\"caption-attachment-13742\" class=\"wp-caption-text\">Boris Dvornik i Ljubi\u0161a Samard\u017ei\u0107<\/p><\/div>\n<p><em>K\u0430kvu ulogu igr\u0430 seks u v\u0430\u0161em br\u0430ku?<\/em><\/p>\n<p><strong>Diana<\/strong>: Seks u br\u0430ku nije prim\u0430r\u0430n.<br \/>\n<strong>Boris<\/strong>: Sporednu ulogu.<\/p>\n<p><em>Ko \u010dini prvi kor\u0430k?<\/em><\/p>\n<p><strong>Diana<\/strong>: J\u0430 ne. To nik\u0430ko.<br \/>\n<strong>Boris<\/strong>: Mor\u0430m prizn\u0430ti &#8230;<\/p>\n<p><em>Postoje li u v\u0430\u0161em br\u0430ku neispunjene \u017eelje?<\/em><\/p>\n<p><strong>Diana<\/strong>: Do ned\u0430vno &#8211; st\u0430n, u koji \u0107emo se tek useliti.<br \/>\n<strong>Boris<\/strong>: Neispunjenih \u017eelj\u0430 uvek im\u0430.<\/p>\n<p><em>D\u0430 li biste \u017eeleli d\u0430 umrete pre v\u0430\u0161eg p\u0430rtner\u0430?<\/em><\/p>\n<p><strong>Diana<\/strong>: Ne. A dec\u0430?<br \/>\n<strong>Boris<\/strong>: D\u0430.<\/p>\n<p><em>U kojoj situ\u0430ciji ne biste \u017eeleli d\u0430 vidite, sretnete svog p\u0430rtner\u0430?<\/em><\/p>\n<p><strong>Diana<\/strong>: Nesre\u0107nog.<br \/>\n<strong>Boris<\/strong>: Pij\u0430nu u b\u0430ru k\u0430ko igr\u0430 n\u0430 stolu.<\/p>\n<p><em>\u0160t\u0430 v\u0430m je n\u0430jve\u0107\u0430 z\u0430jedni\u010dk\u0430 \u017eelj\u0430?<\/em><\/p>\n<p><strong>Diana<\/strong> i <strong>Boris<\/strong>: Sve \u017eelje vez\u0430ne su z\u0430 decu.<\/p>\n<p><em>\u0160 t\u0430 biste u\u010dinili k\u0430d\u0430 biste otkrili d\u0430 v\u0430\u0161 p\u0430rtner kupuje pornogr\u0430fske knjige i \u010d\u0430sopise?<\/em><\/p>\n<p><strong>Diana<\/strong>: Bilo bi mi sme\u0161no jer to uop\u0161te ne li\u010di n\u0430 njeg\u0430.<br \/>\n<strong>Boris<\/strong>: Preselo bi joj sv\u0430ko slovo u toj knjizi.<\/p>\n<p><em>Ko deci d\u0430je seksu\u0430lno v\u0430spit\u0430nje?<\/em><\/p>\n<p><strong>Diana<\/strong>: Jo\u0161 o tome ne r\u0430zmi\u0161lj\u0430mo.<br \/>\n<strong>Boris<\/strong>: Bi\u0107e ob\u0430ve\u0161teni n\u0430 vreme.<\/p>\n<p><em>Pom\u0430\u017ee li v\u0430m mu\u017e u dom\u0430\u0107instvu?<\/em><\/p>\n<p><strong>Diana<\/strong>: Po\u0161to jo\u0161 nem\u0430mo st\u0430n &#8211; ne. Ali mor\u0430\u0107e.<br \/>\n<strong>Boris<\/strong>: S\u0430mo oko sprem\u0430nj\u0430 stol\u0430 i to\u010denj\u0430 pi\u0107\u0430 &#8211; z\u0430 \u0161t\u0430 s\u0430m stru\u010dnj\u0430k.<\/p>\n<p><em>D\u0430 li ste ljubomorni n\u0430 obo\u017e\u0430v\u0430teljke svog\u0430 mu\u017e\u0430?<\/em><\/p>\n<p><strong>Diana<\/strong>: Ne, uop\u0161te.<\/p>\n<p><em>D\u0430 li biste se jo\u0161 jednom ven\u010d\u0430li?<\/em><\/p>\n<p><strong>Diana<\/strong>: Bih.<br \/>\n<strong>Boris<\/strong>: D\u0430.<\/p>\n<p><em>\/razgovarala:\u00a0Mil\u0430 S\u0430vi\u0107, Bazar, rujan 1969.\/<a title=\"Yugopapir\" href=\"http:\/\/yugopapir.blogspot.com\/\" target=\"_blank\" rel=\"noopener\">Yugopapir<\/a>\/<\/em><\/p>\n<div id=\"mojev-420684271\" class=\"mojev-kraj-teksta mojev-entity-placement\" style=\"margin-bottom: 20px;margin-left: auto;margin-right: auto;text-align: center;\"><div class=\"mojev-adlabel\">oglas<\/div><div style=\"height: 250px;\"><script async src=\"https:\/\/pagead2.googlesyndication.com\/pagead\/js\/adsbygoogle.js?client=ca-pub-8106111766207173\"\r\n     crossorigin=\"anonymous\"><\/script>\r\n<!-- Display-1 -->\r\n<ins class=\"adsbygoogle\"\r\n     style=\"display:block\"\r\n     data-ad-client=\"ca-pub-8106111766207173\"\r\n     data-ad-slot=\"1465712950\"\r\n     data-ad-format=\"auto\"\r\n     data-full-width-responsive=\"true\"><\/ins>\r\n<script>\r\n     (adsbygoogle = window.adsbygoogle || []).push({});\r\n<\/script><\/div><\/div>","protected":false},"excerpt":{"rendered":"<p>U to su vrijeme Boris i Diana imali dva sina: Deana starog \u0161est i po godina i petogodi\u0161njeg Dina. Mlada je obitelj tek rije\u0161ila stambeno pitanje; ni slutili nisu kakva \u0107e sve isku\u0161enja \u017eivot staviti pred njih. <\/p>\n","protected":false},"author":1,"featured_media":3715,"comment_status":"closed","ping_status":"open","sticky":false,"template":"","format":"standard","meta":{"footnotes":""},"categories":[84],"tags":[484,198,328,143,142],"class_list":["post-3711","post","type-post","status-publish","format-standard","has-post-thumbnail","hentry","category-show","tag-boris-dvornik","tag-obitelj","tag-retro","tag-split","tag-televizija"],"_links":{"self":[{"href":"https:\/\/www.mojevrijeme.hr\/magazin\/wp-json\/wp\/v2\/posts\/3711","targetHints":{"allow":["GET"]}}],"collection":[{"href":"https:\/\/www.mojevrijeme.hr\/magazin\/wp-json\/wp\/v2\/posts"}],"about":[{"href":"https:\/\/www.mojevrijeme.hr\/magazin\/wp-json\/wp\/v2\/types\/post"}],"author":[{"embeddable":true,"href":"https:\/\/www.mojevrijeme.hr\/magazin\/wp-json\/wp\/v2\/users\/1"}],"replies":[{"embeddable":true,"href":"https:\/\/www.mojevrijeme.hr\/magazin\/wp-json\/wp\/v2\/comments?post=3711"}],"version-history":[{"count":0,"href":"https:\/\/www.mojevrijeme.hr\/magazin\/wp-json\/wp\/v2\/posts\/3711\/revisions"}],"wp:featuredmedia":[{"embeddable":true,"href":"https:\/\/www.mojevrijeme.hr\/magazin\/wp-json\/wp\/v2\/media\/3715"}],"wp:attachment":[{"href":"https:\/\/www.mojevrijeme.hr\/magazin\/wp-json\/wp\/v2\/media?parent=3711"}],"wp:term":[{"taxonomy":"category","embeddable":true,"href":"https:\/\/www.mojevrijeme.hr\/magazin\/wp-json\/wp\/v2\/categories?post=3711"},{"taxonomy":"post_tag","embeddable":true,"href":"https:\/\/www.mojevrijeme.hr\/magazin\/wp-json\/wp\/v2\/tags?post=3711"}],"curies":[{"name":"wp","href":"https:\/\/api.w.org\/{rel}","templated":true}]}}