{"id":37656,"date":"2020-05-11T17:47:49","date_gmt":"2020-05-11T15:47:49","guid":{"rendered":"https:\/\/www.mojevrijeme.hr\/magazin\/?p=37656"},"modified":"2020-05-11T19:33:39","modified_gmt":"2020-05-11T17:33:39","slug":"ljude-koji-su-krsili-samoizolaciju-kaznjavali-su-s-8-000-kuna-capak-sad-kaze-da-mogu-na-izbore","status":"publish","type":"post","link":"https:\/\/www.mojevrijeme.hr\/magazin\/2020\/05\/ljude-koji-su-krsili-samoizolaciju-kaznjavali-su-s-8-000-kuna-capak-sad-kaze-da-mogu-na-izbore\/","title":{"rendered":"Ljude koji su kr\u0161ili samoizolaciju ka\u017enjavali su s 8.000 kuna, Capak sad ka\u017ee da mogu na izbore"},"content":{"rendered":"\n<p>Sve je izglednije kako \u0107e se parlamentarni izbori odr\u017eati ovoga ljeta. I to je sasma razumljivo iz perspektive Hrvatske demokratske zajednice, trenutno najpopularnije stranke, koja \u017eeli iskoristiti bodove koje prikupila tijekom koronakrize. No, \u0161to \u0107e biti s ljudima kojima \u0107e u vrijeme izbora biti izre\u010dena mjera samoizolacije? Kako \u0107e oni glasati?<\/p>\n\n\n\n<p>&#8220;Ljudi u samoizolaciji nisu bolesni, oni su bili u kontaktu s nekim od zara\u017eenih, samo imaju ve\u0107u \u0161ansu da postanu bolesni. Mislim da nije problem organizirati da glasaju na daljinu. No, i ako stave masku i nemaju simptome i do\u0111u glasati, ne bi trebalo biti problema&#8221;, kazao je primarijus <strong>Krunoslav Capak<\/strong>, ravnatelj Hrvatskog zavoda za javno zdravstvo (HZJZ) i \u010dlan nacionalnog sto\u017eera Civilne za\u0161tite.<\/p>\n\n\n\n<p>Sve ovo ne bi bilo zbunjuju\u0107e da zbog sprje\u010davanja kr\u0161enja samoizolacije nisu uvedene brojne mjere kontrole i represije. Podsjetimo, upravo je zbog sprje\u010davanja kr\u0161enja samoizolacije uvedena kontrola OIB-a u ljekarnama, a policija je legitimirala gra\u0111ane, dok im je inspektorat izricao kazne od 8.000 kuna.<\/p><div id=\"mojev-1329102393\" class=\"mojev-u-tekstu mojev-entity-placement\" style=\"margin-left: auto;margin-right: auto;text-align: center;\"><div class=\"mojev-adlabel\">oglas<\/div><div style=\"height: 250px;\"><script async src=\"https:\/\/pagead2.googlesyndication.com\/pagead\/js\/adsbygoogle.js?client=ca-pub-8106111766207173\"\r\n     crossorigin=\"anonymous\"><\/script>\r\n<!-- Prikazni 1 u tekstu -->\r\n<ins class=\"adsbygoogle\"\r\n     style=\"display:block\"\r\n     data-ad-client=\"ca-pub-8106111766207173\"\r\n     data-ad-slot=\"8535551207\"\r\n     data-ad-format=\"auto\"\r\n     data-full-width-responsive=\"true\"><\/ins>\r\n<script>\r\n     (adsbygoogle = window.adsbygoogle || []).push({});\r\n<\/script><\/div><\/div><br style=\"clear: both; display: block; float: none;\"\/>\n\n\n\n<p>&#8220;Postupamo po dojavama, a one mogu biti razli\u010dite. To je bitno, to je ne\u0161to \u0161to je policija napravila kako bi pomogla svima u ovom trenutku&#8221;, izjavio je tada ministar policije i \u0161ef Sto\u017eera <strong>Davor Bo\u017einovi\u0107<\/strong>. &#8220;Javno zdravlje je na prvom mjestu. Ako netko sam od sebe ne mo\u017ee biti odgovoran, postoje institucije ove dr\u017eave koje \u0107e ga u to uvjeriti&#8221;, <a rel=\"noreferrer noopener\" href=\"https:\/\/www.mojevrijeme.hr\/magazin\/2020\/03\/niste-drukeri-ako-prijavite-one-koji-krse-samoizolaciju-policija-ceka-vas-poziv\/\" target=\"_blank\">kazao je prije dva mjeseca<\/a> ministar, a sam Sto\u017eer je tjednima svakodnevni izvje\u0161tavao o broju uhva\u0107enih u ovom nedjelu.<\/p>\n\n\n\n<p>&#8220;Bila sam preblaga kad sam rekla da je to kao kad pucate iz pi\u0161tolja. Sad \u0107u biti puno slikovitija. To je kao da s automatskom pu\u0161kom u\u0111ete u trgova\u010dki centar i pucate po ljudima\u00a0To se zove terorizam, a ovo bi bio bioterorizam. Mislim da, kad bi ti ljudi vidjeli \u0161to zna\u010di biti u samrtnoj agoniji od ovakvih bolesti, nikada to vi\u0161e ne bi napravili&#8221;, <a href=\"https:\/\/www.mojevrijeme.hr\/magazin\/2020\/03\/markotic-kad-bi-oni-vidjeli-kakva-je-to-smrtna-agonija-nikada-to-ne-bi-napravili\/\" target=\"_blank\" rel=\"noreferrer noopener\">komentirala je<\/a>\u00a0<strong>dr. Alemka Markoti\u0107<\/strong>, direktorica zagreba\u010dke Klinike za infektivne bolesti \u201cFran Mihaljevi\u0107\u201d za Novu TV u o\u017eujku. <\/p>\n\n\n\n<p>Uz to, policijske uprave i dalje poru\u010duju gra\u0111anima da &#8220;sve sumnje o kr\u0161enju mjera samoizolacije mo\u017eete prijaviti pozivom na 192 ili putem aplikacije za e-dojave&#8221;. <\/p>\n\n\n\n<p>Dodu\u0161e, ovo nije prva tvrdnja da bi osobe kojima je izre\u010dena samoizolacija mogle, bez opasnosti po javno zdravlje, napustiti svoj stan. &#8220;Ako je nekom nu\u017eno oti\u0107i po lijekove, osoba&nbsp;<em>(u samoizolaciji, op. mv.)<\/em>&nbsp;smije koriste\u0107i masku i uz higijenu ruku oti\u0107i u ljekarnu po svoje lijekove. Naravno, ne stupaju\u0107i u kontakt s drugima. S druge strane, policija tu samoizolaciju druga\u010dije shva\u0107a. \u010cak i sankcionira kada osobu kojoj je izre\u010dena samoizolacija zatekne na putu do ljekarne. To je ne\u0161to stro\u017ee nego \u0161to mi epidemiolozi smatramo nu\u017enim. Ali svrha je ista \u2013 sprije\u010diti ljude koji su mo\u017eda zara\u017eeni da do\u0111u u kontakt s drugima&#8221;, <a rel=\"noreferrer noopener\" href=\"https:\/\/www.mojevrijeme.hr\/magazin\/2020\/03\/epidemiolog-kaic-necete-se-zaraziti-ako-zastanete-i-s-nekim-porazgovarate-s-dva-metra\/\" target=\"_blank\">kazao je prije mjesec dana<\/a>, u jeku epidemije, \u0161ef Epidemiolo\u0161ke slu\u017ebe HZJZ-a, <strong>Bernard Kai\u0107<\/strong>, \u0161to je shva\u0107eno kao svojevrsna kritika Sto\u017eera &#8220;iznutra&#8221;.<\/p>\n<div id=\"mojev-2997570400\" class=\"mojev-kraj-teksta mojev-entity-placement\" style=\"margin-bottom: 20px;margin-left: auto;margin-right: auto;text-align: center;\"><div class=\"mojev-adlabel\">oglas<\/div><div style=\"height: 250px;\"><script async src=\"https:\/\/pagead2.googlesyndication.com\/pagead\/js\/adsbygoogle.js?client=ca-pub-8106111766207173\"\r\n     crossorigin=\"anonymous\"><\/script>\r\n<!-- Display-1 -->\r\n<ins class=\"adsbygoogle\"\r\n     style=\"display:block\"\r\n     data-ad-client=\"ca-pub-8106111766207173\"\r\n     data-ad-slot=\"1465712950\"\r\n     data-ad-format=\"auto\"\r\n     data-full-width-responsive=\"true\"><\/ins>\r\n<script>\r\n     (adsbygoogle = window.adsbygoogle || []).push({});\r\n<\/script><\/div><\/div>","protected":false},"excerpt":{"rendered":"<p>Sve ovo ne bi bilo zbunjuju\u0107e da zbog sprje\u010davanja kr\u0161enja samoizolacije nisu uvedene brojne mjere kontrole i represije.<\/p>\n","protected":false},"author":1,"featured_media":36085,"comment_status":"closed","ping_status":"closed","sticky":false,"template":"","format":"standard","meta":{"footnotes":""},"categories":[9],"tags":[223,2165,2172],"class_list":["post-37656","post","type-post","status-publish","format-standard","has-post-thumbnail","hentry","category-vijesti","tag-izbori","tag-koronakriza","tag-krunoslav-capak"],"_links":{"self":[{"href":"https:\/\/www.mojevrijeme.hr\/magazin\/wp-json\/wp\/v2\/posts\/37656","targetHints":{"allow":["GET"]}}],"collection":[{"href":"https:\/\/www.mojevrijeme.hr\/magazin\/wp-json\/wp\/v2\/posts"}],"about":[{"href":"https:\/\/www.mojevrijeme.hr\/magazin\/wp-json\/wp\/v2\/types\/post"}],"author":[{"embeddable":true,"href":"https:\/\/www.mojevrijeme.hr\/magazin\/wp-json\/wp\/v2\/users\/1"}],"replies":[{"embeddable":true,"href":"https:\/\/www.mojevrijeme.hr\/magazin\/wp-json\/wp\/v2\/comments?post=37656"}],"version-history":[{"count":0,"href":"https:\/\/www.mojevrijeme.hr\/magazin\/wp-json\/wp\/v2\/posts\/37656\/revisions"}],"wp:featuredmedia":[{"embeddable":true,"href":"https:\/\/www.mojevrijeme.hr\/magazin\/wp-json\/wp\/v2\/media\/36085"}],"wp:attachment":[{"href":"https:\/\/www.mojevrijeme.hr\/magazin\/wp-json\/wp\/v2\/media?parent=37656"}],"wp:term":[{"taxonomy":"category","embeddable":true,"href":"https:\/\/www.mojevrijeme.hr\/magazin\/wp-json\/wp\/v2\/categories?post=37656"},{"taxonomy":"post_tag","embeddable":true,"href":"https:\/\/www.mojevrijeme.hr\/magazin\/wp-json\/wp\/v2\/tags?post=37656"}],"curies":[{"name":"wp","href":"https:\/\/api.w.org\/{rel}","templated":true}]}}