{"id":3766,"date":"2015-03-28T08:02:42","date_gmt":"2015-03-28T07:02:42","guid":{"rendered":"http:\/\/www.mojevrijeme.hr\/magazin\/?p=3766"},"modified":"2019-04-21T12:43:59","modified_gmt":"2019-04-21T10:43:59","slug":"bakina-kosa-trend-medu-mladim-djevojkama","status":"publish","type":"post","link":"https:\/\/www.mojevrijeme.hr\/magazin\/2015\/03\/bakina-kosa-trend-medu-mladim-djevojkama\/","title":{"rendered":"Bakina kosa \u2013 trend me\u0111u mladim djevojkama"},"content":{"rendered":"<p>Silan trud i novac milijuni \u017eena diljem svijeta ula\u017eu kako bi sakrile sijede vlasi. Neke koriste boje, neke kolor-\u0161ampone, neke redovito idu frizeru, a neke ordiniraju same u privatnosti vlastite kupaonice. Sijede vlasi mu\u0161karcima se toleriraju, \u010dak i nadopunjuju njihov \u0161arm, no kod \u017eena je, htjeli mi to priznati ili ne, druga\u010dije. Mnoge idu tako daleko da &#8216;bijele izdajice&#8217; progla\u0161avaju neprijateljem broj jedan kad je u pitanju o\u010duvanje mladolikog izgleda. Ne\u0107emo pretjerati ako ka\u017eemo da skoro sve \u017eene srednje i starije dobi boje kosu, a ako nekad odlu\u010de i prestati s tom praksom, odluka je te\u0161ka i o njoj se puno razmi\u0161lja. Nisu rijetki ni slu\u010dajevi kad bi \u017eena odustala od bojenja i pustila sijedu kosu, no to ne \u010dini jer se to ne svi\u0111a njezinom suprugu. Ukratko, pritisak je velik.<\/p>\n<p>Ali novi trend koji se pojavio me\u0111u vrlo mladim djevojkama mo\u017eda donosi toliko \u017eeljeni odmor od diktata prekrivanja sijedih. Naime, sve je vi\u0161e slu\u010dajeva u kojima mlade djevojke svoju kosu boje u \u2013 sivo. Takvih je slu\u010dajeva ve\u0107 toliko da je taj novi fenomen dobio i svoje ime \u2013 <strong>&#8216;bakina kosa&#8217;<\/strong>, odnosno <strong>&#8216;GrannyHair&#8217;<\/strong>. Djevojke koriste razli\u010dite nijanse sive \u2013 od golublje sive, pa do srebrnih nijansi ili pak potpuno bijele. Frizure su i dalje razli\u010dite, moderne ili klasi\u010dnije, kratke ili duge, ali boja je- siva. Ba\u0161 poput kose neke bake.<\/p>\n<div id=\"mojev-1682771970\" class=\"mojev-kraj-teksta mojev-entity-placement\" style=\"margin-bottom: 20px;margin-left: auto;margin-right: auto;text-align: center;\"><div class=\"mojev-adlabel\">oglas<\/div><div style=\"height: 250px;\"><script async src=\"https:\/\/pagead2.googlesyndication.com\/pagead\/js\/adsbygoogle.js?client=ca-pub-8106111766207173\"\r\n     crossorigin=\"anonymous\"><\/script>\r\n<!-- Display-1 -->\r\n<ins class=\"adsbygoogle\"\r\n     style=\"display:block\"\r\n     data-ad-client=\"ca-pub-8106111766207173\"\r\n     data-ad-slot=\"1465712950\"\r\n     data-ad-format=\"auto\"\r\n     data-full-width-responsive=\"true\"><\/ins>\r\n<script>\r\n     (adsbygoogle = window.adsbygoogle || []).push({});\r\n<\/script><\/div><\/div>","protected":false},"excerpt":{"rendered":"<p>Novi trend pojavio se me\u0111u mladim djevojkama &#8211; &#8216;bakina kosa&#8217; ili &#8216;GrannyHair&#8217;. Naime, sve je popularnije kosu bojiti u sivo, dakle &#8211; sijedo. Djevojke koriste razli\u010dite nijanse sive \u2013 od golublje sive, pa do srebrnih nijansi ili pak potpuno bijele. <\/p>\n","protected":false},"author":1,"featured_media":3782,"comment_status":"closed","ping_status":"open","sticky":false,"template":"","format":"standard","meta":{"footnotes":""},"categories":[86],"tags":[90,276,479],"class_list":["post-3766","post","type-post","status-publish","format-standard","has-post-thumbnail","hentry","category-stil-i-ljepota","tag-kosa","tag-moda","tag-sijede"],"_links":{"self":[{"href":"https:\/\/www.mojevrijeme.hr\/magazin\/wp-json\/wp\/v2\/posts\/3766","targetHints":{"allow":["GET"]}}],"collection":[{"href":"https:\/\/www.mojevrijeme.hr\/magazin\/wp-json\/wp\/v2\/posts"}],"about":[{"href":"https:\/\/www.mojevrijeme.hr\/magazin\/wp-json\/wp\/v2\/types\/post"}],"author":[{"embeddable":true,"href":"https:\/\/www.mojevrijeme.hr\/magazin\/wp-json\/wp\/v2\/users\/1"}],"replies":[{"embeddable":true,"href":"https:\/\/www.mojevrijeme.hr\/magazin\/wp-json\/wp\/v2\/comments?post=3766"}],"version-history":[{"count":0,"href":"https:\/\/www.mojevrijeme.hr\/magazin\/wp-json\/wp\/v2\/posts\/3766\/revisions"}],"wp:featuredmedia":[{"embeddable":true,"href":"https:\/\/www.mojevrijeme.hr\/magazin\/wp-json\/wp\/v2\/media\/3782"}],"wp:attachment":[{"href":"https:\/\/www.mojevrijeme.hr\/magazin\/wp-json\/wp\/v2\/media?parent=3766"}],"wp:term":[{"taxonomy":"category","embeddable":true,"href":"https:\/\/www.mojevrijeme.hr\/magazin\/wp-json\/wp\/v2\/categories?post=3766"},{"taxonomy":"post_tag","embeddable":true,"href":"https:\/\/www.mojevrijeme.hr\/magazin\/wp-json\/wp\/v2\/tags?post=3766"}],"curies":[{"name":"wp","href":"https:\/\/api.w.org\/{rel}","templated":true}]}}