{"id":37731,"date":"2020-05-14T16:19:56","date_gmt":"2020-05-14T14:19:56","guid":{"rendered":"https:\/\/www.mojevrijeme.hr\/magazin\/?p=37731"},"modified":"2020-05-14T16:22:42","modified_gmt":"2020-05-14T14:22:42","slug":"rade-serbedzija-otkrio-sto-mu-je-oporucno-ostavio-krleza","status":"publish","type":"post","link":"https:\/\/www.mojevrijeme.hr\/magazin\/2020\/05\/rade-serbedzija-otkrio-sto-mu-je-oporucno-ostavio-krleza\/","title":{"rendered":"Rade \u0160erbed\u017eija otkrio \u0161to mu je oporu\u010dno ostavio slavni Miroslav Krle\u017ea"},"content":{"rendered":"\n<p>Iako prije nije koristio dru\u0161tvene mre\u017ee, na\u0161 proslavljeni glumac <strong>Rade \u0160erbed\u017eija<\/strong> je s po\u010detkom epidemije koronavirusa i karantene otvorio profil na Facebooku. I sjajno da je to u\u010dinio jer je nizom svojih objava u kojima govori poeziju ili svira i pjeva, dane koje smo proveli u svojim domovima u\u010dinio znatno lak\u0161ima.<\/p>\n\n\n\n<p>U jednoj od posljednjih objava na Facebooku otkrio i jednu zanimljivost o <strong>Miroslavu Krle\u017ei<\/strong> i odnosu koji je imao s velikim piscem te kako se na\u0161ao u njegovoj oporuci.<\/p>\n\n\n\n<p>&#8220;Krle\u017ea je moj svijet i moj svjetonazor. Jedne no\u0107i dok smo pili francuski konjak u njegovom stanu u Tu\u0161kancu rekao mi je:<br>&#8211; Mali, uskoro bum umrl. Kaj ho\u0107e\u0161\u00a0da ti ostavim?<br>&#8211; Pa nemate Vi ni\u0161ta, Vi ste socijalisti\u010dki pisac.<br>&#8211; Kaj pri\u010da\u0161? Imam para, slika,  autorskih prava&#8230;<br>&#8211; Dobro, ostavite mi va\u0161\u00a0sivi \u0161e\u0161ir Borsalino.<br>&#8211; Kaj \u0107e ti moj Borsalino?<br>&#8211; Pa kad umrete da Vas ponekad pro\u0161e\u0107em nedjeljom Trgom Republike.<\/p><div id=\"mojev-1901833747\" class=\"mojev-u-tekstu mojev-entity-placement\" style=\"margin-left: auto;margin-right: auto;text-align: center;\"><div class=\"mojev-adlabel\">oglas<\/div><div style=\"height: 250px;\"><script async src=\"https:\/\/pagead2.googlesyndication.com\/pagead\/js\/adsbygoogle.js?client=ca-pub-8106111766207173\"\r\n     crossorigin=\"anonymous\"><\/script>\r\n<!-- Prikazni 1 u tekstu -->\r\n<ins class=\"adsbygoogle\"\r\n     style=\"display:block\"\r\n     data-ad-client=\"ca-pub-8106111766207173\"\r\n     data-ad-slot=\"8535551207\"\r\n     data-ad-format=\"auto\"\r\n     data-full-width-responsive=\"true\"><\/ins>\r\n<script>\r\n     (adsbygoogle = window.adsbygoogle || []).push({});\r\n<\/script><\/div><\/div><br style=\"clear: both; display: block; float: none;\"\/>\n\n\n\n<p>U oporuci nakon njegove smrti stajalo je pod brojem 5: &#8216;Moj sivi Borsalino ostavljam Radi \u0160erbed\u017eiji.'&#8221;<\/p>\n\n\n\n<figure class=\"wp-block-embed-facebook wp-block-embed is-type-video is-provider-facebook\"><div class=\"wp-block-embed__wrapper\">\n<div id=\"fb-root\"><\/div><script async=\"1\" defer=\"1\" crossorigin=\"anonymous\" src=\"https:\/\/connect.facebook.net\/de_DE\/sdk.js#xfbml=1&amp;version=v7.0\"><\/script><div class=\"fb-video\" data-href=\"https:\/\/www.facebook.com\/radeserbedzijaofficial\/videos\/324120598551342\/\" data-width=\"740\"><blockquote cite=\"https:\/\/www.facebook.com\/radeserbedzijaofficial\/videos\/324120598551342\/\" class=\"fb-xfbml-parse-ignore\"><a href=\"https:\/\/www.facebook.com\/radeserbedzijaofficial\/videos\/324120598551342\/\">Part 29. Miroslav Krleza &#8211; Iz politickih eseja i Khevenhiller<\/a><p>Krleza je moj svijet i moj svjetonazor. Jedne noci dok smo pili francuski cognjac u njegovom stanu u Tuskancu rekao mi je: &#8211; Mali, uskoro bum umrl&#8230;kaj hoces da ti ostavim? &#8211; Pa nemate Vi nista Vi ste socijalisticki pisac &#8211; Kaj pricas&#8230;imam para&#8230;slika&#8230;autorskih prava&#8230;- Dobro, ostavite mi vas sivi sesir Borsalino&#8230;- Kaj ce ti moj Borsalino?- Pa kad umrete da vas ponekad prosecem nedeljom Trgom Republike&#8230;U oporuci nakon njegove smrti stajalo je pod brojem 5&#8230; moj sivi boralino ostavljam Radi Serbedziji.<\/p>Gepostet von <a href=\"https:\/\/www.facebook.com\/radeserbedzijaofficial\/\">Rade Serbedzija official<\/a> am Montag, 11. Mai 2020<\/blockquote><\/div>\n<\/div><\/figure>\n\n\n\n<p>Poslu\u0161ajte i Radinu izvedbu pjesme velikog <strong>Tina Ujevi\u0107a<\/strong>: &#8220;Pobratimstvo lica u svemiru&#8221;:<\/p>\n\n\n\n<figure class=\"wp-block-embed-youtube wp-block-embed is-type-video is-provider-youtube wp-embed-aspect-16-9 wp-has-aspect-ratio\"><div class=\"wp-block-embed__wrapper\">\n<iframe loading=\"lazy\" title=\"Rade \u0160erbed\u017eija - Part 15. Tin Ujevic - Pobratimstvo lica u svemiru\" width=\"740\" height=\"416\" src=\"https:\/\/www.youtube.com\/embed\/AVF0eg2soN0?feature=oembed\" frameborder=\"0\" allow=\"accelerometer; autoplay; encrypted-media; gyroscope; picture-in-picture\" allowfullscreen><\/iframe>\n<\/div><\/figure>\n<div id=\"mojev-2660282724\" class=\"mojev-kraj-teksta mojev-entity-placement\" style=\"margin-bottom: 20px;margin-left: auto;margin-right: auto;text-align: center;\"><div class=\"mojev-adlabel\">oglas<\/div><div style=\"height: 250px;\"><script async src=\"https:\/\/pagead2.googlesyndication.com\/pagead\/js\/adsbygoogle.js?client=ca-pub-8106111766207173\"\r\n     crossorigin=\"anonymous\"><\/script>\r\n<!-- Display-1 -->\r\n<ins class=\"adsbygoogle\"\r\n     style=\"display:block\"\r\n     data-ad-client=\"ca-pub-8106111766207173\"\r\n     data-ad-slot=\"1465712950\"\r\n     data-ad-format=\"auto\"\r\n     data-full-width-responsive=\"true\"><\/ins>\r\n<script>\r\n     (adsbygoogle = window.adsbygoogle || []).push({});\r\n<\/script><\/div><\/div>","protected":false},"excerpt":{"rendered":"<p>Veliki umjetnik Rade \u0160erbed\u017eija prisjetio se svoga prijateljstva s drugim velikim umjetnikom, Miroslavom Krle\u017eom i otkrio kako se na\u0161ao u oporuci slavnoga pisca&#8230; <\/p>\n","protected":false},"author":4,"featured_media":37739,"comment_status":"closed","ping_status":"closed","sticky":false,"template":"","format":"standard","meta":{"footnotes":""},"categories":[84],"tags":[2254,919,1293],"class_list":["post-37731","post","type-post","status-publish","format-standard","has-post-thumbnail","hentry","category-show","tag-miroslav-krleza","tag-oporuka","tag-rade-serbedzija"],"_links":{"self":[{"href":"https:\/\/www.mojevrijeme.hr\/magazin\/wp-json\/wp\/v2\/posts\/37731","targetHints":{"allow":["GET"]}}],"collection":[{"href":"https:\/\/www.mojevrijeme.hr\/magazin\/wp-json\/wp\/v2\/posts"}],"about":[{"href":"https:\/\/www.mojevrijeme.hr\/magazin\/wp-json\/wp\/v2\/types\/post"}],"author":[{"embeddable":true,"href":"https:\/\/www.mojevrijeme.hr\/magazin\/wp-json\/wp\/v2\/users\/4"}],"replies":[{"embeddable":true,"href":"https:\/\/www.mojevrijeme.hr\/magazin\/wp-json\/wp\/v2\/comments?post=37731"}],"version-history":[{"count":0,"href":"https:\/\/www.mojevrijeme.hr\/magazin\/wp-json\/wp\/v2\/posts\/37731\/revisions"}],"wp:featuredmedia":[{"embeddable":true,"href":"https:\/\/www.mojevrijeme.hr\/magazin\/wp-json\/wp\/v2\/media\/37739"}],"wp:attachment":[{"href":"https:\/\/www.mojevrijeme.hr\/magazin\/wp-json\/wp\/v2\/media?parent=37731"}],"wp:term":[{"taxonomy":"category","embeddable":true,"href":"https:\/\/www.mojevrijeme.hr\/magazin\/wp-json\/wp\/v2\/categories?post=37731"},{"taxonomy":"post_tag","embeddable":true,"href":"https:\/\/www.mojevrijeme.hr\/magazin\/wp-json\/wp\/v2\/tags?post=37731"}],"curies":[{"name":"wp","href":"https:\/\/api.w.org\/{rel}","templated":true}]}}