{"id":37990,"date":"2020-05-27T09:36:39","date_gmt":"2020-05-27T07:36:39","guid":{"rendered":"https:\/\/www.mojevrijeme.hr\/magazin\/?p=37990"},"modified":"2020-05-30T09:24:27","modified_gmt":"2020-05-30T07:24:27","slug":"au-revoir-drugarice-jugoslaveni-se-razvode-gdje-je-nastao-problem","status":"publish","type":"post","link":"https:\/\/www.mojevrijeme.hr\/magazin\/2020\/05\/au-revoir-drugarice-jugoslaveni-se-razvode-gdje-je-nastao-problem\/","title":{"rendered":"Au revoir, drugarice! Jugoslaveni se razvode, gdje je nastao problem?"},"content":{"rendered":"\n<p>&#8220;Moja \u017eena me ne razumije&#8221; &#8211; to zvu\u010di kao otrcana fraza, ali je mnogi izgovaraju. Tako je beogradski \u010dasopis za seksualno prosvje\u0107ivanje <strong>&#8220;Eva i Adam&#8221; daleke 1970. godine<\/strong> zapo\u010deo analizu raspada jugoslavenskih brakova. Tekst prenosimo u cijelosti. <\/p>\n\n\n\n<p>Jedan lekar i jedna profesorka razveli su se &#8220;zbog neslaganja naravi&#8221;. Njihova ispovest pred sudom imala je, me\u0111utim, sasvim drugu su\u0161tinu. &#8220;Moja \u017eena me nije shvatila onakvog kakav sam&#8221;, rekao je lekar. &#8220;Kao \u010doveka, kao ljubavnika, kao \u017eivotnog saputnika. I eto &#8211; potra\u017eio sam drugu \u017eenu koja me je bolje razumela.&#8221;<\/p>\n\n\n\n<p>Ovo je jedan od 25.840 razvedenih brakova samo pro\u0161le godine. Prema statistikama, u Jugoslaviji je danas gotovo svaki deseti brak &#8211; proma\u0161en.<\/p><div id=\"mojev-2807480707\" class=\"mojev-u-tekstu mojev-entity-placement\" style=\"margin-left: auto;margin-right: auto;text-align: center;\"><div class=\"mojev-adlabel\">oglas<\/div><div style=\"height: 250px;\"><script async src=\"https:\/\/pagead2.googlesyndication.com\/pagead\/js\/adsbygoogle.js?client=ca-pub-8106111766207173\"\r\n     crossorigin=\"anonymous\"><\/script>\r\n<!-- Prikazni 1 u tekstu -->\r\n<ins class=\"adsbygoogle\"\r\n     style=\"display:block\"\r\n     data-ad-client=\"ca-pub-8106111766207173\"\r\n     data-ad-slot=\"8535551207\"\r\n     data-ad-format=\"auto\"\r\n     data-full-width-responsive=\"true\"><\/ins>\r\n<script>\r\n     (adsbygoogle = window.adsbygoogle || []).push({});\r\n<\/script><\/div><\/div><br style=\"clear: both; display: block; float: none;\"\/>\n\n\n\n<p>Koji su uzroci ovako masovnih razvoda? Obi\u010dno slu\u0161amo: &#8220;o polnoj nezrelosti&#8221;, &#8220;o ekonomskoj migraciji&#8221;, o &#8220;dinami\u010dnom razvitku&#8221;, o &#8220;psihi\u010dkim traumama na\u0161eg veka&#8221;, o &#8220;emancipaciji \u017eene&#8221;, o &#8220;humanizaciji zakonodavstva&#8221;. A pred sudom &#8211; koji je izgleda postao &#8220;najpogodnije&#8221; mesto za razgovore o porodi\u010dnoj &#8220;sre\u0107i&#8221; &#8211; pri\u010de o &#8220;uzrocima&#8221; ipak izgledaju druk\u010dije.<\/p>\n\n\n\n<h3 class=\"wp-block-heading\">Ma\u0161ta i stvarnost<\/h3>\n\n\n\n<p>Irena je bila sre\u0107na kad je mladi\u0107 zaprosio. Uop\u0161te, svi su budu\u0107em bra\u010dnom paru proricali lepu budu\u0107nost. Nikome, pa ni Ireni nije padalo na um da \u0107e koreni njihovog razvoda po\u010deti jo\u0161 prve bra\u010dne no\u0107i.<\/p>\n\n\n\n<p>Dvadeset \u0161estogodi\u0161nji mladi\u0107, sada mu\u017e, bio je do ju\u010de ljubavnik jedne zrele \u017eene. Prvu bra\u010dnu no\u0107 sa &#8220;neiskusnom&#8221; osamnaestogodi\u0161njom Irenom do\u017eiveo je kao &#8220;neprijatno razo\u010darenje&#8221;. <\/p>\n\n\n\n<p>Potra\u017eio je ljubavnicu jo\u0161 u medenom mesecu. A na sudu je mogao samo da ka\u017ee: &#8220;Ljutio sam se na Irenu. U svojoj ma\u0161ti sam sve to druk\u010dije zami\u0161ljao. Nesvesno sam tra\u017eio bolju partnerku.&#8221;<\/p>\n\n\n\n<p>Kad oni koji se bave razvodima brakova zbiraju uzroke. (Ovaj primer je verovatno u onoj grupi &#8220;polne zrelosti ili nezrelosti&#8221;)<\/p>\n\n\n\n<h3 class=\"wp-block-heading\">Au revoir, drugarice!<\/h3>\n\n\n\n<p>Njih dvoje su bili 15 godina u braku. Sa dvoje dece i njegovom skromnom platom porodica se nije mnogo razlikovala od desetine drugih. Onda je on pre nekoliko godina oti\u0161ao na rad u Francusku.<\/p>\n\n\n\n<p>U po\u010detku je redovno pisao i dolazio za bo\u017ei\u010dne praznike. Ali, poslednji put je do\u0161ao da na sudu &#8220;pristane&#8221; &#8211; na razvod. Jednog Bo\u017ei\u0107a &#8220;priznao&#8221; je majci svoje dece da je u lep\u0161em svetu na\u0161ao bolju \u017eenu. Ona: \u0161ta je mogla? Podnela je tu\u017ebu za razvod braka.<\/p>\n\n\n\n<p>&#8220;Poznavao sam ovu porodicu&#8221;, pri\u010da sudija provincijskog suda. &#8220;Imao sam \u017earku \u017eelju da ih pomirim. Ali to bi bilo samo krpljenje ne\u010dega \u0161to je bar u njegovoj psihi sigurno ve\u0107 bilo &#8211; puklo. Odvezao se kolima strane registracije i nikad ga vi\u0161e nisam video. Samo ponekad sretnem njegovu biv\u0161u \u017eenu. Ne pri\u010da o svojoj sudbini. Samo svakog prvog u mesecu \u010deka po\u0161tara &#8211; sa alimentacijom. (Primer &#8220;ekonomske migracije&#8221;)<\/p>\n\n\n\n<h3 class=\"wp-block-heading\">Gorko iskustvo<\/h3>\n\n\n\n<p>&#8220;Bilo je to pre nekoliko godina&#8221;, pri\u010da ovaj isti sudija. &#8220;Nedavno, prilikom jednog drugog slu\u010daja setio sam se one porodice.&#8221;<\/p>\n\n\n\n<p>\u010covek koji je tada stajao pred sudijom, bio je do pre godinu dana marljiv slu\u017ebenik filijale Socijalnog osiguranja u njihovom mestu. Ali, jednog dana ukazala se prilika: dobio je bolje radno mesto &#8211; u centrali u Beogradu.<\/p>\n\n\n\n<p>Svakog dana je putovao 60 kilometara, a uve\u010de se vra\u0107ao da bi sa svojom \u017eenom, uvek iz po\u010detka, ma\u0161tali o tome kako \u0107e jednog dana dobiti stan u Beogradu &#8211; i svi se preseliti. \u017dena koja je nekad zavr\u0161ila Srednju ekonomsku \u0161kolu nikad se nije zaposlila.<\/p>\n\n\n\n<p>Sada me\u0111utim, kada on po ceo dan nije bio kod ku\u0107e po\u010dela je da misli o tome. Kad mu je jedne ve\u010deri saop\u0161tila da je na\u0161la posao u njihovom malom gradu, bio je prili\u010dno iznena\u0111en. Ipak, \u0161ta je mogao, dozvolio je i &#8211; sve je po\u010delo.<\/p>\n\n\n\n<p>&#8220;Sve \u010de\u0161\u0107e, kad sam se uve\u010de vra\u0107ao, ona nije bila kod ku\u0107e&#8221;, rekao je on kasnije na sudu. &#8220;Sve manje je imala vremena za mene i decu. I uvek je, s nekom ljutnjom, imala &#8220;opravdanje&#8221; za svoje odsustvovanje. Trpeo sam to mesecima, a onda sam najzad shvatio da je lopta pukla. Pokupio sam decu, na\u0161ao sobu u Beogradu, a nju ostavio njenom preduze\u0107u i obavezama.&#8221; Nedavno su se i zvani\u010dno razveli. (Primer &#8220;emancipacije \u017eene&#8221;)<\/p>\n\n\n\n<figure class=\"wp-block-image size-large\"><img loading=\"lazy\" decoding=\"async\" width=\"740\" height=\"410\" src=\"https:\/\/www.mojevrijeme.hr\/magazin\/wp-content\/uploads\/2015\/06\/eva-i-adam-2-740x410.jpg\" alt=\"\" class=\"wp-image-4788\" srcset=\"https:\/\/www.mojevrijeme.hr\/magazin\/wp-content\/uploads\/2015\/06\/eva-i-adam-2.jpg 740w, https:\/\/www.mojevrijeme.hr\/magazin\/wp-content\/uploads\/2015\/06\/eva-i-adam-2-636x352.jpg 636w\" sizes=\"auto, (max-width: 740px) 100vw, 740px\" \/><figcaption>Erotski \u010dasopis Eva i Adam<\/figcaption><\/figure>\n\n\n\n<h3 class=\"wp-block-heading\">Naknada \u0161tete za &#8220;prestanak ljubavi&#8221;<\/h3>\n\n\n\n<p>Za\u0161to se Jugosloveni, zaista, razvode? Neuspe\u0161nim jugoslovenskim brakovima bave se poslednjih godina i nau\u010dnici i zakonodavci. Sociolozi, psiholozi, pravnici ispisuju studije o tome. Ali kad su u pitanju UZROCI, njihova se mi\u0161ljenja retko presecaju u zajedni\u010dkoj ta\u010dki. Jedno je o\u010digledno: mi\u0161ljenja o razlozima za razvod veoma je mnogo.<\/p>\n\n\n\n<p>Sve to svedo\u010di o tome, re\u010deno je na jednom nedavnom savetovanju, kad je u pitanju jugoslovenski brak, dru\u0161tvu u toj oblasti predstoji i te kako veliki posao. Valjda je zbog toga, u predlogu novog Zakona o porodici, zakonodavac mnogo vi\u0161e &#8220;zabrinut&#8221; za posledice razvoda.<\/p>\n\n\n\n<p>Dru\u0161tvo je du\u017eno da za\u0161titi porodicu i li\u010dnost ako je ve\u0107 u krizi &#8211; brak. Komisija za kodifikaciju porodi\u010dnog zakonodavstva Savezne skup\u0161tine pita se izme\u0111u ostalog: da li zakon treba da predvidi posle razvoda, pored izdr\u017eavanja, i druge mere za\u0161tite &#8220;o\u0161te\u0107enog&#8221; bra\u010dnog druga. Na primer: naknadu \u0161tete.<\/p>\n\n\n\n<p>Jedni su kategori\u010dni: to je stvar gra\u0111anskog prava a ne zakona o porodici. Drugi imaju sasvim opre\u010dno mi\u0161ljenje i ubedljive argumente: razvodom se bitno menja dru\u0161tveni i li\u010dni polo\u017eaj jednog bra\u010dnog druga.<\/p>\n\n\n\n<p>U kakvom se polo\u017eaju na\u0111u mu\u0161karac ili \u017eena posle razvoda? \u017dene vi\u0161e nego mu\u0161karci su na milosti i nemilosti sudbine. Samo jedne od proteklih godina, oko 10.000 \u017eena Jugoslavije ostalo je posle razvoda &#8211; bez sredstava za \u017eivot.<\/p>\n\n\n\n<p>U jednom desetogodi\u0161njem periodu, u sedamdeset odsto svih razvedenih brakova, \u017eene nisu imale nikakvu \u0161kolsku spremu. Ra\u010duna se da 15.000 njih ostanu bez ikakve stru\u010dnosti i mogu\u0107nosti za zapo\u0161ljavanje.<\/p>\n\n\n\n<p>&#8220;Napustila sam studije i zaposlila se da bi on studirao&#8221;, rekla je jedna \u017eena. &#8220;Kad je zavr\u0161io fakultet i postao ugledan \u010dlan dru\u0161tva, napustio me je jer mu vi\u0161e nisam intelektualno odgovarala. Prava ironija. A za mene je sada sve kasno. Imam 40 godina i do\u017eivotno \u0107u ostati sitan slu\u017ebenik.&#8221;<\/p>\n\n\n\n<p>Da li \u0107e kona\u010dni tekst zakona priznati ovo pravo &#8220;o\u0161te\u0107enima&#8221; &#8211; odlu\u010di\u0107e poslanici. Ali, ma kakva da bude definitivna odluka, najmanje 20.000 razvedenih Jugoslovena \u017eeljno je o\u010dekuje. <em>(Predrag Kosti\u0107 \/ Eva i Adam, prosinac 1970. \/ <a rel=\"noreferrer noopener\" href=\"http:\/\/www.yugopapir.com\" target=\"_blank\">Yugopapir<\/a>)<\/em><\/p>\n<div id=\"mojev-1404063530\" class=\"mojev-kraj-teksta mojev-entity-placement\" style=\"margin-bottom: 20px;margin-left: auto;margin-right: auto;text-align: center;\"><div class=\"mojev-adlabel\">oglas<\/div><div style=\"height: 250px;\"><script async src=\"https:\/\/pagead2.googlesyndication.com\/pagead\/js\/adsbygoogle.js?client=ca-pub-8106111766207173\"\r\n     crossorigin=\"anonymous\"><\/script>\r\n<!-- Display-1 -->\r\n<ins class=\"adsbygoogle\"\r\n     style=\"display:block\"\r\n     data-ad-client=\"ca-pub-8106111766207173\"\r\n     data-ad-slot=\"1465712950\"\r\n     data-ad-format=\"auto\"\r\n     data-full-width-responsive=\"true\"><\/ins>\r\n<script>\r\n     (adsbygoogle = window.adsbygoogle || []).push({});\r\n<\/script><\/div><\/div>","protected":false},"excerpt":{"rendered":"<p>Prema podacima Dr\u017eavnog zavoda za statistiku u Hrvatskoj svaki tre\u0107i brak zavr\u0161i razvodom. U biv\u0161oj dr\u017eavi sedamdesetih godina raskidao se svaki deseti brak i to je ve\u0107 tada prepoznato kao rastu\u0107i problem. <\/p>\n","protected":false},"author":1,"featured_media":37996,"comment_status":"closed","ping_status":"closed","sticky":false,"template":"","format":"standard","meta":{"footnotes":""},"categories":[10],"tags":[188,252,328],"class_list":["post-37990","post","type-post","status-publish","format-standard","has-post-thumbnail","hentry","category-ljubav","tag-jugoslavija","tag-razvod","tag-retro"],"_links":{"self":[{"href":"https:\/\/www.mojevrijeme.hr\/magazin\/wp-json\/wp\/v2\/posts\/37990","targetHints":{"allow":["GET"]}}],"collection":[{"href":"https:\/\/www.mojevrijeme.hr\/magazin\/wp-json\/wp\/v2\/posts"}],"about":[{"href":"https:\/\/www.mojevrijeme.hr\/magazin\/wp-json\/wp\/v2\/types\/post"}],"author":[{"embeddable":true,"href":"https:\/\/www.mojevrijeme.hr\/magazin\/wp-json\/wp\/v2\/users\/1"}],"replies":[{"embeddable":true,"href":"https:\/\/www.mojevrijeme.hr\/magazin\/wp-json\/wp\/v2\/comments?post=37990"}],"version-history":[{"count":0,"href":"https:\/\/www.mojevrijeme.hr\/magazin\/wp-json\/wp\/v2\/posts\/37990\/revisions"}],"wp:featuredmedia":[{"embeddable":true,"href":"https:\/\/www.mojevrijeme.hr\/magazin\/wp-json\/wp\/v2\/media\/37996"}],"wp:attachment":[{"href":"https:\/\/www.mojevrijeme.hr\/magazin\/wp-json\/wp\/v2\/media?parent=37990"}],"wp:term":[{"taxonomy":"category","embeddable":true,"href":"https:\/\/www.mojevrijeme.hr\/magazin\/wp-json\/wp\/v2\/categories?post=37990"},{"taxonomy":"post_tag","embeddable":true,"href":"https:\/\/www.mojevrijeme.hr\/magazin\/wp-json\/wp\/v2\/tags?post=37990"}],"curies":[{"name":"wp","href":"https:\/\/api.w.org\/{rel}","templated":true}]}}