{"id":38041,"date":"2020-05-30T08:32:40","date_gmt":"2020-05-30T06:32:40","guid":{"rendered":"https:\/\/www.mojevrijeme.hr\/magazin\/?p=38041"},"modified":"2020-05-30T13:05:26","modified_gmt":"2020-05-30T11:05:26","slug":"kako-rade-trgovine-na-dan-drzavnosti-i-u-nedjelju-31-svibnja","status":"publish","type":"post","link":"https:\/\/www.mojevrijeme.hr\/magazin\/2020\/05\/kako-rade-trgovine-na-dan-drzavnosti-i-u-nedjelju-31-svibnja\/","title":{"rendered":"Kako rade trgovine na Dan dr\u017eavnosti i u nedjelju 31. svibnja"},"content":{"rendered":"\n<p>Nakon \u0161to je Nacionalni sto\u017eer Civilne za\u0161tite suspendirao svoju odluku o zabrani rada trgovina nedjeljom, neki \u0107e trgova\u010dki lanci otvoriti svoja vrata, a drugi \u0107e pri\u010dekati jo\u0161 jedan tjedan. Razlog je, priop\u0107ili su neki, zakonska odredba koja predvi\u0111a da se radniku takva odluka mora priop\u0107iti tjedan dana ranije. <\/p>\n\n\n\n<p>Trgovine ne\u0107e raditi danas na Dan dr\u017eavnosti jer zabrana rada praznicima i blagdanima jo\u0161 uvijek vrijedi. <\/p>\n\n\n\n<h3 class=\"wp-block-heading\">Tko \u0107e raditi u nedjelju?<\/h3>\n\n\n\n<ul class=\"wp-block-list\"><li>Najve\u0107i doma\u0107i trgova\u010dki lanac <strong>Konzum<\/strong> danas, na Dan dr\u017eavnosti, ne\u0107e raditi, dok \u0107e u nedjelju raditi prema nedjeljnom rasporedu.<\/li><li>Ni trgovine <strong>Lidla<\/strong> na Dan dr\u017eavnosti ne rade, dok se u nedjelju vra\u0107aju na svoj redovit na\u010din rada.<\/li><li>I <strong>Sparovi<\/strong> radnici danas \u0107e se odmarati, a sutra \u0107e ipak raditi. <\/li><li>Sve trgovine <strong>Kauflanda<\/strong> i na Dan dr\u017eavnosti i u nedjelju bit \u0107e zatvorene.<\/li><li><strong>Tommy<\/strong> \u0107e zatvoriti svoje trgovine za praznik, no radit \u0107e u nedjelju.<\/li><li><strong>Plodine<\/strong> ne rade na praznik, no otvorit \u0107e vrata u nedjelju. <\/li><li>Trgovine <strong>Peveca<\/strong> bit\u00a0\u0107e zatvorene.<\/li><li>Trgovine <strong>Bauhausa<\/strong> bit\u00a0\u0107e zatvorene.<\/li><\/ul>\n<div id=\"mojev-4259486541\" class=\"mojev-kraj-teksta mojev-entity-placement\" style=\"margin-bottom: 20px;margin-left: auto;margin-right: auto;text-align: center;\"><div class=\"mojev-adlabel\">oglas<\/div><div style=\"height: 250px;\"><script async src=\"https:\/\/pagead2.googlesyndication.com\/pagead\/js\/adsbygoogle.js?client=ca-pub-8106111766207173\"\r\n     crossorigin=\"anonymous\"><\/script>\r\n<!-- Display-1 -->\r\n<ins class=\"adsbygoogle\"\r\n     style=\"display:block\"\r\n     data-ad-client=\"ca-pub-8106111766207173\"\r\n     data-ad-slot=\"1465712950\"\r\n     data-ad-format=\"auto\"\r\n     data-full-width-responsive=\"true\"><\/ins>\r\n<script>\r\n     (adsbygoogle = window.adsbygoogle || []).push({});\r\n<\/script><\/div><\/div>","protected":false},"excerpt":{"rendered":"<p>Trgovine ne\u0107e raditi danas na Dan dr\u017eavnosti jer zabrana rada praznicima i blagdanima jo\u0161 uvijek vrijedi. <\/p>\n","protected":false},"author":1,"featured_media":37323,"comment_status":"closed","ping_status":"closed","sticky":false,"template":"","format":"standard","meta":{"footnotes":""},"categories":[9],"tags":[2060,2271,1073],"class_list":["post-38041","post","type-post","status-publish","format-standard","has-post-thumbnail","hentry","category-vijesti","tag-rad-nedjeljom","tag-radno-vrijeme","tag-trgovine"],"_links":{"self":[{"href":"https:\/\/www.mojevrijeme.hr\/magazin\/wp-json\/wp\/v2\/posts\/38041","targetHints":{"allow":["GET"]}}],"collection":[{"href":"https:\/\/www.mojevrijeme.hr\/magazin\/wp-json\/wp\/v2\/posts"}],"about":[{"href":"https:\/\/www.mojevrijeme.hr\/magazin\/wp-json\/wp\/v2\/types\/post"}],"author":[{"embeddable":true,"href":"https:\/\/www.mojevrijeme.hr\/magazin\/wp-json\/wp\/v2\/users\/1"}],"replies":[{"embeddable":true,"href":"https:\/\/www.mojevrijeme.hr\/magazin\/wp-json\/wp\/v2\/comments?post=38041"}],"version-history":[{"count":0,"href":"https:\/\/www.mojevrijeme.hr\/magazin\/wp-json\/wp\/v2\/posts\/38041\/revisions"}],"wp:featuredmedia":[{"embeddable":true,"href":"https:\/\/www.mojevrijeme.hr\/magazin\/wp-json\/wp\/v2\/media\/37323"}],"wp:attachment":[{"href":"https:\/\/www.mojevrijeme.hr\/magazin\/wp-json\/wp\/v2\/media?parent=38041"}],"wp:term":[{"taxonomy":"category","embeddable":true,"href":"https:\/\/www.mojevrijeme.hr\/magazin\/wp-json\/wp\/v2\/categories?post=38041"},{"taxonomy":"post_tag","embeddable":true,"href":"https:\/\/www.mojevrijeme.hr\/magazin\/wp-json\/wp\/v2\/tags?post=38041"}],"curies":[{"name":"wp","href":"https:\/\/api.w.org\/{rel}","templated":true}]}}