{"id":38236,"date":"2020-06-06T09:14:23","date_gmt":"2020-06-06T07:14:23","guid":{"rendered":"https:\/\/www.mojevrijeme.hr\/magazin\/?p=38236"},"modified":"2020-06-06T12:52:41","modified_gmt":"2020-06-06T10:52:41","slug":"ako-pobijedi-skoro-namjerava-otvoriti-ministarstvo-srece","status":"publish","type":"post","link":"https:\/\/www.mojevrijeme.hr\/magazin\/2020\/06\/ako-pobijedi-skoro-namjerava-otvoriti-ministarstvo-srece\/","title":{"rendered":"Ako pobijedi, \u0160koro namjerava otvoriti Ministarstvo sre\u0107e. Zna se i ime ministrice"},"content":{"rendered":"\n<p>Dio programa Domovinskog pokreta <strong>Miroslava \u0160kore<\/strong> posve\u0107en je kvaliteti \u017eivota, u sklopu \u010dijeg se pobolj\u0161anja predla\u017ee &#8220;osnivanje odre\u0111enog dr\u017eavnog tijela&#8221;, za \u010dije je ubacivanje u programska na\u010dela zaslu\u017ena <strong>Anita Freimann<\/strong>, ina\u010de \u010dlanica Domovinskog pokreta te &#8220;doktorica sre\u0107e&#8221;. <\/p>\n\n\n\n<p>Freimann je profesorica na Ekonomskom fakultetu u Osijeku, koja je Miroslavu \u0160kori bila sumentorica na doktorskoj disertaciji, dok je ona sama doktorirala ekonomiju sre\u0107e, javlja <a href=\"https:\/\/www.vecernji.hr\/vijesti\/bude-li-premijer-skoro-ce-osnovati-ministarstvo-srece-1407893\" target=\"_blank\" rel=\"noreferrer noopener\">Ve\u010dernji list.<\/a><\/p>\n\n\n\n<p>&#8220;Spoj je to ekonomije i psihologije, kojim se svjetski ekonomisti bave ve\u0107 vi\u0161e od \u010detrdeset godina. Ministarstva sre\u0107e ve\u0107 postoje, primjerice u Butanu, gdje su odavno shvatili da BDP nije indikator kvalitete \u017eivota i blagostanja u dr\u017eavi&#8221;, ka\u017ee Anita Freimann.<\/p><div id=\"mojev-3701098004\" class=\"mojev-u-tekstu mojev-entity-placement\" style=\"margin-left: auto;margin-right: auto;text-align: center;\"><div class=\"mojev-adlabel\">oglas<\/div><div style=\"height: 250px;\"><script async src=\"https:\/\/pagead2.googlesyndication.com\/pagead\/js\/adsbygoogle.js?client=ca-pub-8106111766207173\"\r\n     crossorigin=\"anonymous\"><\/script>\r\n<!-- Prikazni 1 u tekstu -->\r\n<ins class=\"adsbygoogle\"\r\n     style=\"display:block\"\r\n     data-ad-client=\"ca-pub-8106111766207173\"\r\n     data-ad-slot=\"8535551207\"\r\n     data-ad-format=\"auto\"\r\n     data-full-width-responsive=\"true\"><\/ins>\r\n<script>\r\n     (adsbygoogle = window.adsbygoogle || []).push({});\r\n<\/script><\/div><\/div><br style=\"clear: both; display: block; float: none;\"\/>\n\n\n\n<h3 class=\"wp-block-heading\">Kako bi resor Ministarstva sre\u0107e funkcionirao? <\/h3>\n\n\n\n<p>Osnovna mu je ideja, ka\u017ee, da &#8220;filtrira i bude neovisno&#8221;. &#8220;Konkretno, jedna od glavnih zna\u010dajki tog tijela, bilo da se ono zvalo ministarstvo sre\u0107e ili zadovoljstva, bilo da to na kraju bude agencija, jest da onemogu\u0107uje odluke koje smanjuju kvalitetu \u017eivota&#8221;, tvrdi Freimann pa kao primjer spominje otvaranje tvornica u naseljenim podru\u010djima. <\/p>\n\n\n\n<p>Do\u0111e li do takvog plana, ministarstvo sre\u0107e bavit \u0107e se time koliko su ljudi koji \u017eive u blizini te budu\u0107e tvornice uop\u0107e sretni time \u0161to ona dolazi na njihov teritorij. Naglasak \u0107e biti i na edukaciji, govori doktorica sre\u0107e, a imat \u0107e ulogu i u podizanju va\u017enosti emocija te sudjelovanju ljudi u civilnom dru\u0161tvu. Puls gra\u0111ana, isti\u010de Freimann, bit \u0107e najva\u017eniji.<\/p>\n\n\n\n<div id=\"sivo\"><\/p>\n\n\n\n<p>&#8220;Domovinski pokret ne planira pove\u0107avati broj ministarstava niti pospje\u0161ivati daljnje bujanje ionako preglomaznog dr\u017eavnog aparata. Boje nas se pa izmi\u0161ljaju da \u0107emo osnivati Ministarstvo sre\u0107e. Mi znamo kako \u0107emo hrvatski narod usre\u0107iti &#8211; tako \u0161to \u0107emo smanjiti broj ministarstava i decentralizirati dr\u017eavnu upravu. Za\u0161to neka ministarstva ne bi bila u Slavoniji, a neka u Dalmaciji? I, na kraju, kome bi uop\u0107e moglo smetati podizanje kvalitete \u017eivota i sre\u0107a hrvatskoga naroda?&#8221; napisao je na svojoj slu\u017ebenoj Facebook stranici Miroslav \u0160koro nakon objave ove vijesti. <\/p>\n\n\n\n<p><\/div>\n<div id=\"mojev-3490345162\" class=\"mojev-kraj-teksta mojev-entity-placement\" style=\"margin-bottom: 20px;margin-left: auto;margin-right: auto;text-align: center;\"><div class=\"mojev-adlabel\">oglas<\/div><div style=\"height: 250px;\"><script async src=\"https:\/\/pagead2.googlesyndication.com\/pagead\/js\/adsbygoogle.js?client=ca-pub-8106111766207173\"\r\n     crossorigin=\"anonymous\"><\/script>\r\n<!-- Display-1 -->\r\n<ins class=\"adsbygoogle\"\r\n     style=\"display:block\"\r\n     data-ad-client=\"ca-pub-8106111766207173\"\r\n     data-ad-slot=\"1465712950\"\r\n     data-ad-format=\"auto\"\r\n     data-full-width-responsive=\"true\"><\/ins>\r\n<script>\r\n     (adsbygoogle = window.adsbygoogle || []).push({});\r\n<\/script><\/div><\/div>","protected":false},"excerpt":{"rendered":"<p>Dio programa Domovinskog pokreta Miroslava \u0160kore posve\u0107en je kvaliteti \u017eivota, u sklopu \u010dijeg se pobolj\u0161anja predla\u017ee &#8220;osnivanje odre\u0111enog dr\u017eavnog tijela&#8221;, za \u010dije je ubacivanje u programska na\u010dela zaslu\u017ena Anita Freimann, ina\u010de \u010dlanica Domovinskog pokreta te &#8220;doktorica sre\u0107e&#8221;. Freimann je profesorica na Ekonomskom fakultetu u Osijeku, koja je Miroslavu \u0160kori bila sumentorica na doktorskoj disertaciji, dok [&hellip;]<\/p>\n","protected":false},"author":1,"featured_media":27333,"comment_status":"closed","ping_status":"closed","sticky":false,"template":"","format":"standard","meta":{"footnotes":""},"categories":[9],"tags":[2260,1620,35],"class_list":["post-38236","post","type-post","status-publish","format-standard","has-post-thumbnail","hentry","category-vijesti","tag-izbori-2020","tag-miroslav-skoro","tag-sreca"],"_links":{"self":[{"href":"https:\/\/www.mojevrijeme.hr\/magazin\/wp-json\/wp\/v2\/posts\/38236","targetHints":{"allow":["GET"]}}],"collection":[{"href":"https:\/\/www.mojevrijeme.hr\/magazin\/wp-json\/wp\/v2\/posts"}],"about":[{"href":"https:\/\/www.mojevrijeme.hr\/magazin\/wp-json\/wp\/v2\/types\/post"}],"author":[{"embeddable":true,"href":"https:\/\/www.mojevrijeme.hr\/magazin\/wp-json\/wp\/v2\/users\/1"}],"replies":[{"embeddable":true,"href":"https:\/\/www.mojevrijeme.hr\/magazin\/wp-json\/wp\/v2\/comments?post=38236"}],"version-history":[{"count":0,"href":"https:\/\/www.mojevrijeme.hr\/magazin\/wp-json\/wp\/v2\/posts\/38236\/revisions"}],"wp:featuredmedia":[{"embeddable":true,"href":"https:\/\/www.mojevrijeme.hr\/magazin\/wp-json\/wp\/v2\/media\/27333"}],"wp:attachment":[{"href":"https:\/\/www.mojevrijeme.hr\/magazin\/wp-json\/wp\/v2\/media?parent=38236"}],"wp:term":[{"taxonomy":"category","embeddable":true,"href":"https:\/\/www.mojevrijeme.hr\/magazin\/wp-json\/wp\/v2\/categories?post=38236"},{"taxonomy":"post_tag","embeddable":true,"href":"https:\/\/www.mojevrijeme.hr\/magazin\/wp-json\/wp\/v2\/tags?post=38236"}],"curies":[{"name":"wp","href":"https:\/\/api.w.org\/{rel}","templated":true}]}}