{"id":38314,"date":"2020-06-10T14:12:51","date_gmt":"2020-06-10T12:12:51","guid":{"rendered":"https:\/\/www.mojevrijeme.hr\/magazin\/?p=38314"},"modified":"2020-06-10T14:16:29","modified_gmt":"2020-06-10T12:16:29","slug":"hod-za-zivot-odrzat-ce-se-27-lipnja-osim-za-nerodene-hodat-ce-se-i-za-prava-starijih","status":"publish","type":"post","link":"https:\/\/www.mojevrijeme.hr\/magazin\/2020\/06\/hod-za-zivot-odrzat-ce-se-27-lipnja-osim-za-nerodene-hodat-ce-se-i-za-prava-starijih\/","title":{"rendered":"Hod za \u017eivot odr\u017eat \u0107e se 27. lipnja. Osim za nero\u0111ene, hodat \u0107e se i za prava starijih"},"content":{"rendered":"\n<p>Koordinatorica zagreba\u010dkog Hoda za \u017eivot <strong>Andrea Kotnik<\/strong> najavila je da \u0107e se ovogodi\u0161nji Hod za \u017eivot uz sve epidemiolo\u0161ke mjere odr\u017eati u subotu 27. lipnja u Zagrebu.<\/p>\n\n\n\n<p>Hod \u0107e ove godine imati ne\u0161to kra\u0107u rutu i, \u010dini se, skromniju produkciju. Podsjetimo, ranijih godina hodalo se od Trga Franje Tu\u0111mana do Trga bana Jela\u010di\u0107a na kojem je sve kulminiralo velikim koncertom. Ove godine, povorka \u0107e u deset sati krenuti od Hrvatskog narodnog kazali\u0161ta, Frankopanskom ulicom, preko Ilice do Trga Bana Jela\u010di\u0107a, sve do Zrinjevca gdje \u0107e i zavr\u0161iti.<\/p>\n\n\n\n<p>Hodat \u0107e se pod parolom &#8220;Za za\u0161titu \u017eivota bez diskriminacije&#8221;, a organizatori ove godine \u017eele upozoriti i na nu\u017enost brige za starije osobe. Kotnik je rekla da su svi gra\u0111ani suodgovorni o tome kako se dru\u0161tvo, politika i zakoni odnose prema svakom \u017eivotu, od za\u010de\u0107a do smrti, i pozvala je gra\u0111ane da im se pridru\u017ee.<\/p><div id=\"mojev-864975386\" class=\"mojev-u-tekstu mojev-entity-placement\" style=\"margin-left: auto;margin-right: auto;text-align: center;\"><div class=\"mojev-adlabel\">oglas<\/div><div style=\"height: 250px;\"><script async src=\"https:\/\/pagead2.googlesyndication.com\/pagead\/js\/adsbygoogle.js?client=ca-pub-8106111766207173\"\r\n     crossorigin=\"anonymous\"><\/script>\r\n<!-- Prikazni 1 u tekstu -->\r\n<ins class=\"adsbygoogle\"\r\n     style=\"display:block\"\r\n     data-ad-client=\"ca-pub-8106111766207173\"\r\n     data-ad-slot=\"8535551207\"\r\n     data-ad-format=\"auto\"\r\n     data-full-width-responsive=\"true\"><\/ins>\r\n<script>\r\n     (adsbygoogle = window.adsbygoogle || []).push({});\r\n<\/script><\/div><\/div><br style=\"clear: both; display: block; float: none;\"\/>\n\n\n\n<p>&#8220;\u017delimo odgovorne podsjetiti na za\u0161titu \u017eivota i da svi imaju pravo na \u017eivot, bez diskriminacije, stari, mladi, oni s ve\u0107im i manjim obrazovanjem, a osobito nero\u0111eni&#8221;, rekao je koordinator <strong>Luka Hudin\u010dec<\/strong>.<\/p>\n\n\n\n<p>Osim u Zagrebu, manifestacija \u0107e se odr\u017eati i u Rijeci, Osijeku, Splitu i Zadru, a tri nova grada su Imotski, Sisak i Slavonski Brod. Datum odr\u017eavanja za ove gradove bit \u0107e naknadno objavljen.<\/p>\n<div id=\"mojev-3053691900\" class=\"mojev-kraj-teksta mojev-entity-placement\" style=\"margin-bottom: 20px;margin-left: auto;margin-right: auto;text-align: center;\"><div class=\"mojev-adlabel\">oglas<\/div><div style=\"height: 250px;\"><script async src=\"https:\/\/pagead2.googlesyndication.com\/pagead\/js\/adsbygoogle.js?client=ca-pub-8106111766207173\"\r\n     crossorigin=\"anonymous\"><\/script>\r\n<!-- Display-1 -->\r\n<ins class=\"adsbygoogle\"\r\n     style=\"display:block\"\r\n     data-ad-client=\"ca-pub-8106111766207173\"\r\n     data-ad-slot=\"1465712950\"\r\n     data-ad-format=\"auto\"\r\n     data-full-width-responsive=\"true\"><\/ins>\r\n<script>\r\n     (adsbygoogle = window.adsbygoogle || []).push({});\r\n<\/script><\/div><\/div>","protected":false},"excerpt":{"rendered":"<p>Osim u Zagrebu, manifestacija \u0107e se odr\u017eati i u Rijeci, Osijeku, Splitu i Zadru, a tri nova grada su Imotski, Sisak i Slavonski Brod. <\/p>\n","protected":false},"author":1,"featured_media":15487,"comment_status":"closed","ping_status":"closed","sticky":false,"template":"","format":"standard","meta":{"footnotes":""},"categories":[9],"tags":[1072,1244,1110],"class_list":["post-38314","post","type-post","status-publish","format-standard","has-post-thumbnail","hentry","category-vijesti","tag-aktivizam","tag-hod-za-zivot","tag-konzervativna-revolucija"],"_links":{"self":[{"href":"https:\/\/www.mojevrijeme.hr\/magazin\/wp-json\/wp\/v2\/posts\/38314","targetHints":{"allow":["GET"]}}],"collection":[{"href":"https:\/\/www.mojevrijeme.hr\/magazin\/wp-json\/wp\/v2\/posts"}],"about":[{"href":"https:\/\/www.mojevrijeme.hr\/magazin\/wp-json\/wp\/v2\/types\/post"}],"author":[{"embeddable":true,"href":"https:\/\/www.mojevrijeme.hr\/magazin\/wp-json\/wp\/v2\/users\/1"}],"replies":[{"embeddable":true,"href":"https:\/\/www.mojevrijeme.hr\/magazin\/wp-json\/wp\/v2\/comments?post=38314"}],"version-history":[{"count":0,"href":"https:\/\/www.mojevrijeme.hr\/magazin\/wp-json\/wp\/v2\/posts\/38314\/revisions"}],"wp:featuredmedia":[{"embeddable":true,"href":"https:\/\/www.mojevrijeme.hr\/magazin\/wp-json\/wp\/v2\/media\/15487"}],"wp:attachment":[{"href":"https:\/\/www.mojevrijeme.hr\/magazin\/wp-json\/wp\/v2\/media?parent=38314"}],"wp:term":[{"taxonomy":"category","embeddable":true,"href":"https:\/\/www.mojevrijeme.hr\/magazin\/wp-json\/wp\/v2\/categories?post=38314"},{"taxonomy":"post_tag","embeddable":true,"href":"https:\/\/www.mojevrijeme.hr\/magazin\/wp-json\/wp\/v2\/tags?post=38314"}],"curies":[{"name":"wp","href":"https:\/\/api.w.org\/{rel}","templated":true}]}}