{"id":38321,"date":"2020-06-10T20:53:15","date_gmt":"2020-06-10T18:53:15","guid":{"rendered":"https:\/\/www.mojevrijeme.hr\/magazin\/?p=38321"},"modified":"2020-06-10T20:53:17","modified_gmt":"2020-06-10T18:53:17","slug":"colicev-koncert-u-opatiji-odrzat-ce-se-prema-planu-18-srpnja","status":"publish","type":"post","link":"https:\/\/www.mojevrijeme.hr\/magazin\/2020\/06\/colicev-koncert-u-opatiji-odrzat-ce-se-prema-planu-18-srpnja\/","title":{"rendered":"\u010coli\u0107ev koncert u Opatiji odr\u017eat \u0107e se prema planu 18. srpnja"},"content":{"rendered":"\n<p>Iako su zbog epidemije novog koronavirusa mnoga doga\u0111anja morala biti odgo\u0111ena ili \u010dak otkazana, koncert jedne od najve\u0107ih glazbenih zvijezda na ovim prostorima odr\u017eat \u0107e se kao \u0161to je i planirano: <strong>Zdravko \u010coli\u0107<\/strong> nastupit \u0107e 18. srpnja na Ljetnoj pozornici u Opatiji.<\/p>\n\n\n\n<p>Nakon stresa koji nam je priu\u0161tila korona, vrijeme je za u\u017eivanje u dobroj glazbi pod vedrim nebom , a legendarni \u010coli\u0107 \u0107e bez sumnje i ovoga puta pripremiti koncert za pam\u0107enje.<\/p>\n\n\n\n<p>&#8220;Vje\u010dni mladi\u0107&#8221; iz Sarajeva u\u0161ao je ve\u0107 u sedamdesetu godinu, no njegova glazba i dalje je rado slu\u0161ana me\u0111u svim generacijama. \u010coli\u0107 je svojedobno bio najpopularniji pjeva\u010d Jugoslavije \u010dije su se plo\u010de prodavale u stotinama tisu\u0107a primjeraka.<\/p><div id=\"mojev-366963488\" class=\"mojev-u-tekstu mojev-entity-placement\" style=\"margin-left: auto;margin-right: auto;text-align: center;\"><div class=\"mojev-adlabel\">oglas<\/div><div style=\"height: 250px;\"><script async src=\"https:\/\/pagead2.googlesyndication.com\/pagead\/js\/adsbygoogle.js?client=ca-pub-8106111766207173\"\r\n     crossorigin=\"anonymous\"><\/script>\r\n<!-- Prikazni 1 u tekstu -->\r\n<ins class=\"adsbygoogle\"\r\n     style=\"display:block\"\r\n     data-ad-client=\"ca-pub-8106111766207173\"\r\n     data-ad-slot=\"8535551207\"\r\n     data-ad-format=\"auto\"\r\n     data-full-width-responsive=\"true\"><\/ins>\r\n<script>\r\n     (adsbygoogle = window.adsbygoogle || []).push({});\r\n<\/script><\/div><\/div><br style=\"clear: both; display: block; float: none;\"\/>\n\n\n\n<p>No dok su za njim uzdisale \u017eene diljem biv\u0161e dr\u017eave, njegovo je srce osvojila supruga <strong>Sandra<\/strong> s kojom se vjen\u010dao 2001. godine te s njom dobio dvije k\u0107eri Unu (18) i Laru (13).<\/p>\n\n\n\n<figure class=\"wp-block-embed\"><div class=\"wp-block-embed__wrapper\">\nhttps:\/\/www.youtube.com\/watch?v=GutzFHfrWrg\n<\/div><\/figure>\n\n\n\n<p>No jeste li znali da je ovaj neprikosnoveni kralj jugoslavenske glazbe silno \u017eelio i svjetsku karijeru za \u0161to je \u010dak osmi\u0161ljen i pseudonim Dravco?<\/p>\n\n\n\n<p>Dok ponavljate tekstove njegovih pjesama kako biste se pripremili za koncert u Opatiji, prisjetite se i <a href=\"https:\/\/www.mojevrijeme.hr\/magazin\/2018\/05\/dravco-nije-uspio-jer-nije-mogao-zivjeti-u-njemackoj\/\">na\u0161eg teksta<\/a> o poku\u0161ajima inozemne karijere Zdravka \u010coli\u0107a te poslu\u0161ajte kako je zvu\u010dao na njema\u010dkom jeziku.<\/p>\n\n\n\n<figure class=\"wp-block-embed-youtube wp-block-embed is-type-video is-provider-youtube wp-embed-aspect-16-9 wp-has-aspect-ratio\"><div class=\"wp-block-embed__wrapper\">\n<iframe loading=\"lazy\" title=\"Zdravko Colic - Alles was Ich Hab - (Audio)\" width=\"740\" height=\"416\" src=\"https:\/\/www.youtube.com\/embed\/XvdiikVirWU?feature=oembed\" frameborder=\"0\" allow=\"accelerometer; autoplay; encrypted-media; gyroscope; picture-in-picture\" allowfullscreen><\/iframe>\n<\/div><\/figure>\n<div id=\"mojev-3656538941\" class=\"mojev-kraj-teksta mojev-entity-placement\" style=\"margin-bottom: 20px;margin-left: auto;margin-right: auto;text-align: center;\"><div class=\"mojev-adlabel\">oglas<\/div><div style=\"height: 250px;\"><script async src=\"https:\/\/pagead2.googlesyndication.com\/pagead\/js\/adsbygoogle.js?client=ca-pub-8106111766207173\"\r\n     crossorigin=\"anonymous\"><\/script>\r\n<!-- Display-1 -->\r\n<ins class=\"adsbygoogle\"\r\n     style=\"display:block\"\r\n     data-ad-client=\"ca-pub-8106111766207173\"\r\n     data-ad-slot=\"1465712950\"\r\n     data-ad-format=\"auto\"\r\n     data-full-width-responsive=\"true\"><\/ins>\r\n<script>\r\n     (adsbygoogle = window.adsbygoogle || []).push({});\r\n<\/script><\/div><\/div>","protected":false},"excerpt":{"rendered":"<p>Jedna od najve\u0107ih glazbenih zvijezda ovih prostora, Zdravko \u010coli\u0107, odr\u017eat \u0107e koncert na Ljetnoj pozornici u Opatiji 18. srpnja. <\/p>\n","protected":false},"author":4,"featured_media":38334,"comment_status":"closed","ping_status":"closed","sticky":false,"template":"","format":"standard","meta":{"footnotes":""},"categories":[84],"tags":[75,161,461],"class_list":["post-38321","post","type-post","status-publish","format-standard","has-post-thumbnail","hentry","category-show","tag-glazba","tag-koncert","tag-zdravko-colic"],"_links":{"self":[{"href":"https:\/\/www.mojevrijeme.hr\/magazin\/wp-json\/wp\/v2\/posts\/38321","targetHints":{"allow":["GET"]}}],"collection":[{"href":"https:\/\/www.mojevrijeme.hr\/magazin\/wp-json\/wp\/v2\/posts"}],"about":[{"href":"https:\/\/www.mojevrijeme.hr\/magazin\/wp-json\/wp\/v2\/types\/post"}],"author":[{"embeddable":true,"href":"https:\/\/www.mojevrijeme.hr\/magazin\/wp-json\/wp\/v2\/users\/4"}],"replies":[{"embeddable":true,"href":"https:\/\/www.mojevrijeme.hr\/magazin\/wp-json\/wp\/v2\/comments?post=38321"}],"version-history":[{"count":0,"href":"https:\/\/www.mojevrijeme.hr\/magazin\/wp-json\/wp\/v2\/posts\/38321\/revisions"}],"wp:featuredmedia":[{"embeddable":true,"href":"https:\/\/www.mojevrijeme.hr\/magazin\/wp-json\/wp\/v2\/media\/38334"}],"wp:attachment":[{"href":"https:\/\/www.mojevrijeme.hr\/magazin\/wp-json\/wp\/v2\/media?parent=38321"}],"wp:term":[{"taxonomy":"category","embeddable":true,"href":"https:\/\/www.mojevrijeme.hr\/magazin\/wp-json\/wp\/v2\/categories?post=38321"},{"taxonomy":"post_tag","embeddable":true,"href":"https:\/\/www.mojevrijeme.hr\/magazin\/wp-json\/wp\/v2\/tags?post=38321"}],"curies":[{"name":"wp","href":"https:\/\/api.w.org\/{rel}","templated":true}]}}