{"id":3843,"date":"2015-03-30T21:52:04","date_gmt":"2015-03-30T19:52:04","guid":{"rendered":"http:\/\/www.mojevrijeme.hr\/magazin\/?p=3843"},"modified":"2019-04-18T15:22:41","modified_gmt":"2019-04-18T13:22:41","slug":"istrazivanje-je-li-nam-nekad-bilo-bolje","status":"publish","type":"post","link":"https:\/\/www.mojevrijeme.hr\/magazin\/2015\/03\/istrazivanje-je-li-nam-nekad-bilo-bolje\/","title":{"rendered":"ISTRA\u017dIVANJE: Je li nam nekad bilo bolje?"},"content":{"rendered":"<p>Jesmo li nekada, u biv\u0161oj dr\u017eavi, zaista \u017eivjeli bolje? Ili je to samo mit? Jesmo li imali vi\u0161e posla, \u017eivjeli sigurnije, a dru\u0161tvene usluge su nam bile dostupnije? Jesmo li jugonostalgi\u010dari, ako ka\u017eemo da smo \u017eivjeli zadovoljnije? I je li to samo posljedica starenja pa se kroz \u201enekad je bilo bolje\u201c prisje\u0107amo izgubljenih osje\u0107aja iz mladosti? Zahvaljujemo vam na vremenu kojega \u0107ete odvojiti za ovo istra\u017eivanje kako bismo donijeli kona\u010dan odgovor na postavljena pitanja.<\/p>\n<div id=\"crveno\">Zahvaljujemo na sudjelovanju. Istra\u017eivanje je zavr\u0161eno. <a title=\"Hrvatska i BiH slo\u017ene: U SFRJ se \u017eivjelo bolje\" href=\"http:\/\/www.mojevrijeme.hr\/magazin\/2015\/04\/hrvatska-i-bih-slozne-u-sfrj-se-zivjelo-bolje\/\">Rezultate pro\u010ditajte ovdje<\/a>.<\/div>\n<div id=\"zeleno\"><\/p>\n<h3>Uputstva<\/h3>\n<p>&#8211; za popunjavanje ovog upitnika potrebne su vam <strong>3 minute,<\/strong> popunite ga<strong> samo ako ste \u017eivjeli u Jugoslaviji 70-ih i 80-ih godina pro\u0161log stolje\u0107a.<\/strong><br \/>\n&#8211; istra\u017eivanje je potpuno<strong> anonimno<\/strong>, ne bilje\u017eimo va\u0161e ime ni pristupne podatke na bilo koji na\u010din<br \/>\n&#8211; odaberite izme\u0111u ponu\u0111enih odgovora i stisnite <strong>\u201eSUBMIT\u201c<\/strong> gumb na kraju upitnika<br \/>\n&#8211; molimo da va\u0161i odgovori budu <strong>istiniti<br \/>\n<\/strong>&#8211; ako ste propustili odgovoriti na neko pitanje, obrazac \u0107e vam <strong>crvenom bojom<\/strong> ukazati na neodgovoreno pitanje, odgovorite i opet stisnite \u201eSUBMIT\u201c<br \/>\n&#8211; po zavr\u0161etku istra\u017eivanja, na ovim \u0107emo stranicama objaviti objedinjene rezultate i dati kona\u010dan odgovor na pitanje: <strong>Je li nam nekada bilo bolje?<\/strong><\/p>\n<p><\/div>\n<p>&nbsp;<\/p>\n<div id=\"mojev-751243481\" class=\"mojev-kraj-teksta mojev-entity-placement\" style=\"margin-bottom: 20px;margin-left: auto;margin-right: auto;text-align: center;\"><div class=\"mojev-adlabel\">oglas<\/div><div style=\"height: 250px;\"><script async src=\"https:\/\/pagead2.googlesyndication.com\/pagead\/js\/adsbygoogle.js?client=ca-pub-8106111766207173\"\r\n     crossorigin=\"anonymous\"><\/script>\r\n<!-- Display-1 -->\r\n<ins class=\"adsbygoogle\"\r\n     style=\"display:block\"\r\n     data-ad-client=\"ca-pub-8106111766207173\"\r\n     data-ad-slot=\"1465712950\"\r\n     data-ad-format=\"auto\"\r\n     data-full-width-responsive=\"true\"><\/ins>\r\n<script>\r\n     (adsbygoogle = window.adsbygoogle || []).push({});\r\n<\/script><\/div><\/div>","protected":false},"excerpt":{"rendered":"<p>Jesmo li jugonostalgi\u010dari, ako ka\u017eemo da smo \u017eivjeli zadovoljnije? I je li to samo posljedica starenja pa se kroz &#8216;nekad je bilo bolje&#8217; prisje\u0107amo izgubljenih osje\u0107aja iz mladosti? <\/p>\n","protected":false},"author":1,"featured_media":3851,"comment_status":"closed","ping_status":"open","sticky":false,"template":"","format":"standard","meta":{"footnotes":""},"categories":[9],"tags":[188],"class_list":["post-3843","post","type-post","status-publish","format-standard","has-post-thumbnail","hentry","category-vijesti","tag-jugoslavija"],"_links":{"self":[{"href":"https:\/\/www.mojevrijeme.hr\/magazin\/wp-json\/wp\/v2\/posts\/3843","targetHints":{"allow":["GET"]}}],"collection":[{"href":"https:\/\/www.mojevrijeme.hr\/magazin\/wp-json\/wp\/v2\/posts"}],"about":[{"href":"https:\/\/www.mojevrijeme.hr\/magazin\/wp-json\/wp\/v2\/types\/post"}],"author":[{"embeddable":true,"href":"https:\/\/www.mojevrijeme.hr\/magazin\/wp-json\/wp\/v2\/users\/1"}],"replies":[{"embeddable":true,"href":"https:\/\/www.mojevrijeme.hr\/magazin\/wp-json\/wp\/v2\/comments?post=3843"}],"version-history":[{"count":0,"href":"https:\/\/www.mojevrijeme.hr\/magazin\/wp-json\/wp\/v2\/posts\/3843\/revisions"}],"wp:featuredmedia":[{"embeddable":true,"href":"https:\/\/www.mojevrijeme.hr\/magazin\/wp-json\/wp\/v2\/media\/3851"}],"wp:attachment":[{"href":"https:\/\/www.mojevrijeme.hr\/magazin\/wp-json\/wp\/v2\/media?parent=3843"}],"wp:term":[{"taxonomy":"category","embeddable":true,"href":"https:\/\/www.mojevrijeme.hr\/magazin\/wp-json\/wp\/v2\/categories?post=3843"},{"taxonomy":"post_tag","embeddable":true,"href":"https:\/\/www.mojevrijeme.hr\/magazin\/wp-json\/wp\/v2\/tags?post=3843"}],"curies":[{"name":"wp","href":"https:\/\/api.w.org\/{rel}","templated":true}]}}