{"id":38457,"date":"2020-06-13T11:36:19","date_gmt":"2020-06-13T09:36:19","guid":{"rendered":"https:\/\/www.mojevrijeme.hr\/magazin\/?p=38457"},"modified":"2020-06-13T11:36:20","modified_gmt":"2020-06-13T09:36:20","slug":"na-jesen-bismo-svi-mogli-nositi-maske-opca-izolacija-vise-nije-opcija","status":"publish","type":"post","link":"https:\/\/www.mojevrijeme.hr\/magazin\/2020\/06\/na-jesen-bismo-svi-mogli-nositi-maske-opca-izolacija-vise-nije-opcija\/","title":{"rendered":"Na jesen bismo svi mogli nositi maske, op\u0107a izolacija vi\u0161e nije opcija"},"content":{"rendered":"\n<p>U slu\u010daju drugog vala epidemije ili pojavljivanja ve\u0107ih \u017eari\u0161ta novog koronavirusa zbog turisti\u010dke sezone u Hrvatskoj \u0107e se preporu\u010diti no\u0161enje za\u0161titnih maski, a razmi\u0161lja se i o tome da njihovo no\u0161enje postane obavezno, javlja <a href=\"https:\/\/www.jutarnji.hr\/vijesti\/hrvatska\/maske-od-jeseni-obavezne-za-sve-trebat-ce-se-nositi-u-zatvorenom-prostoru-javnom-prijevozu-i-mjestima-gdje-se-okuplja-ili-boravi-veci-broj-ljudi\/10398514\/\" target=\"_blank\" rel=\"noreferrer noopener\">Jutarnji list<\/a>. <\/p>\n\n\n\n<p>Isprva se govorilo da maske ne trebaju nositi zdrave osobe, nego samo oboljele. No u me\u0111uvremenu su se pojavila brojna istra\u017eivanja koja ukazuju na njihovu u\u010dinkovitost, a i Svjetska zdravstvena organizacija izrazila je sklonost njihovu no\u0161enju.<\/p>\n\n\n\n<p>Kada bi do\u0161lo do drugog vala, nadle\u017eni u Hrvatskoj jasno su dali do znanja da vi\u0161e ne\u0107e biti restriktivnih mjera kojima smo pribjegli tijekom o\u017eujka i travnja jer ni na\u0161a, ni druge europske ekonomije to ne bi mogle podnijeti.<\/p><div id=\"mojev-474887833\" class=\"mojev-u-tekstu mojev-entity-placement\" style=\"margin-left: auto;margin-right: auto;text-align: center;\"><div class=\"mojev-adlabel\">oglas<\/div><div style=\"height: 250px;\"><script async src=\"https:\/\/pagead2.googlesyndication.com\/pagead\/js\/adsbygoogle.js?client=ca-pub-8106111766207173\"\r\n     crossorigin=\"anonymous\"><\/script>\r\n<!-- Prikazni 1 u tekstu -->\r\n<ins class=\"adsbygoogle\"\r\n     style=\"display:block\"\r\n     data-ad-client=\"ca-pub-8106111766207173\"\r\n     data-ad-slot=\"8535551207\"\r\n     data-ad-format=\"auto\"\r\n     data-full-width-responsive=\"true\"><\/ins>\r\n<script>\r\n     (adsbygoogle = window.adsbygoogle || []).push({});\r\n<\/script><\/div><\/div><br style=\"clear: both; display: block; float: none;\"\/>\n\n\n\n<p>&#8220;Vrlo je vjerojatno da \u0107emo i\u0107i s tom preporukom jer je zaklju\u010dak da maske pru\u017eaju za\u0161titu. To se odnosi i na zdrave i na bolesne i na sumnjive. Naravno da su najbolje kirur\u0161ke maske, ali i platnene mogu biti za\u0161tita&#8221;, kazao je za Jutarnji <strong>Bernard Kai\u0107<\/strong>, voditelj Slu\u017ebe za epidemiologiju Hrvatskog zavoda za javno zdravstvo. To se odnosi prvenstveno na zatvorene prostore, ali i na javne ako je fizi\u010dka distanca nedovoljna.<\/p>\n<div id=\"mojev-834158629\" class=\"mojev-kraj-teksta mojev-entity-placement\" style=\"margin-bottom: 20px;margin-left: auto;margin-right: auto;text-align: center;\"><div class=\"mojev-adlabel\">oglas<\/div><div style=\"height: 250px;\"><script async src=\"https:\/\/pagead2.googlesyndication.com\/pagead\/js\/adsbygoogle.js?client=ca-pub-8106111766207173\"\r\n     crossorigin=\"anonymous\"><\/script>\r\n<!-- Display-1 -->\r\n<ins class=\"adsbygoogle\"\r\n     style=\"display:block\"\r\n     data-ad-client=\"ca-pub-8106111766207173\"\r\n     data-ad-slot=\"1465712950\"\r\n     data-ad-format=\"auto\"\r\n     data-full-width-responsive=\"true\"><\/ins>\r\n<script>\r\n     (adsbygoogle = window.adsbygoogle || []).push({});\r\n<\/script><\/div><\/div>","protected":false},"excerpt":{"rendered":"<p>Vrlo je vjerojatno da \u0107e se i\u0107i s tom preporukom jer je zaklju\u010dak da maske pru\u017eaju za\u0161titu.<\/p>\n","protected":false},"author":1,"featured_media":36051,"comment_status":"closed","ping_status":"closed","sticky":false,"template":"","format":"standard","meta":{"footnotes":""},"categories":[9],"tags":[2119,2046,2059],"class_list":["post-38457","post","type-post","status-publish","format-standard","has-post-thumbnail","hentry","category-vijesti","tag-bernard-kaic","tag-korona-virus","tag-maske-za-lice"],"_links":{"self":[{"href":"https:\/\/www.mojevrijeme.hr\/magazin\/wp-json\/wp\/v2\/posts\/38457","targetHints":{"allow":["GET"]}}],"collection":[{"href":"https:\/\/www.mojevrijeme.hr\/magazin\/wp-json\/wp\/v2\/posts"}],"about":[{"href":"https:\/\/www.mojevrijeme.hr\/magazin\/wp-json\/wp\/v2\/types\/post"}],"author":[{"embeddable":true,"href":"https:\/\/www.mojevrijeme.hr\/magazin\/wp-json\/wp\/v2\/users\/1"}],"replies":[{"embeddable":true,"href":"https:\/\/www.mojevrijeme.hr\/magazin\/wp-json\/wp\/v2\/comments?post=38457"}],"version-history":[{"count":0,"href":"https:\/\/www.mojevrijeme.hr\/magazin\/wp-json\/wp\/v2\/posts\/38457\/revisions"}],"wp:featuredmedia":[{"embeddable":true,"href":"https:\/\/www.mojevrijeme.hr\/magazin\/wp-json\/wp\/v2\/media\/36051"}],"wp:attachment":[{"href":"https:\/\/www.mojevrijeme.hr\/magazin\/wp-json\/wp\/v2\/media?parent=38457"}],"wp:term":[{"taxonomy":"category","embeddable":true,"href":"https:\/\/www.mojevrijeme.hr\/magazin\/wp-json\/wp\/v2\/categories?post=38457"},{"taxonomy":"post_tag","embeddable":true,"href":"https:\/\/www.mojevrijeme.hr\/magazin\/wp-json\/wp\/v2\/tags?post=38457"}],"curies":[{"name":"wp","href":"https:\/\/api.w.org\/{rel}","templated":true}]}}