{"id":38483,"date":"2020-06-15T08:54:18","date_gmt":"2020-06-15T06:54:18","guid":{"rendered":"https:\/\/www.mojevrijeme.hr\/magazin\/?p=38483"},"modified":"2020-06-15T08:55:58","modified_gmt":"2020-06-15T06:55:58","slug":"danas-pocinje-snimanje-nastavka-kultnog-filma-tko-pjeva-zlo-ne-misli","status":"publish","type":"post","link":"https:\/\/www.mojevrijeme.hr\/magazin\/2020\/06\/danas-pocinje-snimanje-nastavka-kultnog-filma-tko-pjeva-zlo-ne-misli\/","title":{"rendered":"Danas po\u010dinje snimanje nastavka kultnog filma &#8216;Tko pjeva zlo ne misli&#8221;"},"content":{"rendered":"\n<p>HRT \u0107e u jesenskoj shemi prikazati novu doma\u0107u seriju &#8220;Dnevnik velikog Perice&#8221;, \u010dija se radnja nastavlja tridesetak godina nakon kultnog filma Kre\u0161e Golika Tko pjeva zlo ne misli. Kako je <a href=\"https:\/\/hrtprikazuje.hrt.hr\/624607\/pocinje-snimanje-nove-hrt-ove-hit-serije-dnevnik-velikog-perice\" target=\"_blank\" rel=\"noreferrer noopener\">priop\u0107ila javna televizija<\/a>, snimanje po\u010dinje danas.<\/p>\n\n\n\n<p>Serija reanimira duh hrvatskog filmskog klasika produ\u017euju\u0107i \u017eivote nekim junacima u novom, druk\u010dijem i po mnogo \u010demu zanimljivom vremenu. Film Kre\u0161e Golika &#8220;Tko pjeva zlo&#8221; ne misli najbolji je hrvatski film prema izboru filmskih kriti\u010dara i jedan od najgledanijih filmova u povijesti hrvatske kinematografije.<\/p>\n\n\n\n<p>U novoj seriji Dnevnik velikog Perice kroz \u0161est epizoda pratit \u0107emo doga\u0111anja u \u017eivotu Perice \u0160afraneka i njegove obitelji tijekom 1964. godine. Perica prolazi turbulentno razdoblje svog \u017eivota, a duh politi\u010dkog Zapada sa svime \u0161to ga \u010dini \u2013 od mode do glazbe, od ideja do tehnolo\u0161kog napretka \u2013 postaje sve primjetniji i utjecajniji.<\/p><div id=\"mojev-879424908\" class=\"mojev-u-tekstu mojev-entity-placement\" style=\"margin-left: auto;margin-right: auto;text-align: center;\"><div class=\"mojev-adlabel\">oglas<\/div><div style=\"height: 250px;\"><script async src=\"https:\/\/pagead2.googlesyndication.com\/pagead\/js\/adsbygoogle.js?client=ca-pub-8106111766207173\"\r\n     crossorigin=\"anonymous\"><\/script>\r\n<!-- Prikazni 1 u tekstu -->\r\n<ins class=\"adsbygoogle\"\r\n     style=\"display:block\"\r\n     data-ad-client=\"ca-pub-8106111766207173\"\r\n     data-ad-slot=\"8535551207\"\r\n     data-ad-format=\"auto\"\r\n     data-full-width-responsive=\"true\"><\/ins>\r\n<script>\r\n     (adsbygoogle = window.adsbygoogle || []).push({});\r\n<\/script><\/div><\/div><br style=\"clear: both; display: block; float: none;\"\/>\n\n\n\n<p>Zagreb iz tog vremena zanimljiv je grad koji se ubrzano razvija, ba\u0161 kao i bogata pop-kultura koja nezaustavljivo prodire u onda\u0161nje socijalisti\u010dko dru\u0161tvo. U vremenu plesnjaka, po\u010detaka televizije, glamuroznih glazbenih festivala, doga\u0111a se pri\u010da puna emocija, realnih \u017eivotnih izbora izme\u0111u oportunizma i iskrene ljubavi koja \u0107e zaintrigirati gledatelje.<\/p>\n\n\n\n<p>Redatelj serije je <strong>Vinko Bre\u0161an<\/strong>, a autor<strong> Albino Ur\u0161i\u0107<\/strong>. Scenaristi su Renato Bareti\u0107, Emir Imamovi\u0107 Pirke i Albino Ur\u0161i\u0107. Glavne uloge igraju \u017divko Ano\u010di\u0107, Csilla Barath Bastaji\u0107, Du\u0161an Bu\u0107an, Iva Babi\u0107, <strong>Mirjana Bohanec Vidovi\u0107<\/strong>, Otokar Levaj i Nikola Kojo. U ostalim ulogama bit \u0107e Goran Navojec, Ana Begi\u0107 Tahiri, Pjer Meni\u010danin, Dejan A\u0107imovi\u0107, Milan Ple\u0161tina, Ljiljana Bogojevi\u0107, Damir \u0160aban, Ivana Legati, Damir Orli\u0107, Iva Viskovi\u0107 i mnogi drugi.<\/p>\n\n\n\n<p>Direktor fotografije je <strong>Radislav Jovanov Gonzo<\/strong>, glazbeni producent i aran\u017eer Coco Mosquito, scenografkinja \u017deljka Buri\u0107, kostimografkinja \u017deljka Franulovi\u0107, slikarica maske Ana Bulaji\u0107 \u010cr\u010dek. Za HRT seriju proizvodi producent Croatia film, a urednica je Zinka Kiseljak.<\/p>\n\n\n\n<p>Producenti u ime Croatia filma su Biserka Mihali\u0107 i \u017deljko Zima, a autor, scenarist i izvr\u0161ni producent serije Dnevnik velikog Perice Albino Ur\u0161i\u0107.<\/p>\n\n\n\n<p>Snimanje po\u010dinje 15. lipnja i trajat \u0107e do sredine kolovoza na brojnim lokacijama u Zagrebu i okolici. Gledatelji \u0107e seriju mo\u0107i premijerno pratiti na Prvom programu Hrvatske televizije u jesenskoj shemi, kao i putem platforme HRTi.<\/p>\n<div id=\"mojev-451730166\" class=\"mojev-kraj-teksta mojev-entity-placement\" style=\"margin-bottom: 20px;margin-left: auto;margin-right: auto;text-align: center;\"><div class=\"mojev-adlabel\">oglas<\/div><div style=\"height: 250px;\"><script async src=\"https:\/\/pagead2.googlesyndication.com\/pagead\/js\/adsbygoogle.js?client=ca-pub-8106111766207173\"\r\n     crossorigin=\"anonymous\"><\/script>\r\n<!-- Display-1 -->\r\n<ins class=\"adsbygoogle\"\r\n     style=\"display:block\"\r\n     data-ad-client=\"ca-pub-8106111766207173\"\r\n     data-ad-slot=\"1465712950\"\r\n     data-ad-format=\"auto\"\r\n     data-full-width-responsive=\"true\"><\/ins>\r\n<script>\r\n     (adsbygoogle = window.adsbygoogle || []).push({});\r\n<\/script><\/div><\/div>","protected":false},"excerpt":{"rendered":"<p>Zagreb iz tog vremena zanimljiv je grad koji se ubrzano razvija, ba\u0161 kao i bogata pop-kultura koja nezaustavljivo prodire u onda\u0161nje socijalisti\u010dko dru\u0161tvo. <\/p>\n","protected":false},"author":1,"featured_media":38485,"comment_status":"closed","ping_status":"closed","sticky":false,"template":"","format":"standard","meta":{"footnotes":""},"categories":[84],"tags":[1387,1182,142],"class_list":["post-38483","post","type-post","status-publish","format-standard","has-post-thumbnail","hentry","category-show","tag-serije","tag-sezdesete","tag-televizija"],"_links":{"self":[{"href":"https:\/\/www.mojevrijeme.hr\/magazin\/wp-json\/wp\/v2\/posts\/38483","targetHints":{"allow":["GET"]}}],"collection":[{"href":"https:\/\/www.mojevrijeme.hr\/magazin\/wp-json\/wp\/v2\/posts"}],"about":[{"href":"https:\/\/www.mojevrijeme.hr\/magazin\/wp-json\/wp\/v2\/types\/post"}],"author":[{"embeddable":true,"href":"https:\/\/www.mojevrijeme.hr\/magazin\/wp-json\/wp\/v2\/users\/1"}],"replies":[{"embeddable":true,"href":"https:\/\/www.mojevrijeme.hr\/magazin\/wp-json\/wp\/v2\/comments?post=38483"}],"version-history":[{"count":0,"href":"https:\/\/www.mojevrijeme.hr\/magazin\/wp-json\/wp\/v2\/posts\/38483\/revisions"}],"wp:featuredmedia":[{"embeddable":true,"href":"https:\/\/www.mojevrijeme.hr\/magazin\/wp-json\/wp\/v2\/media\/38485"}],"wp:attachment":[{"href":"https:\/\/www.mojevrijeme.hr\/magazin\/wp-json\/wp\/v2\/media?parent=38483"}],"wp:term":[{"taxonomy":"category","embeddable":true,"href":"https:\/\/www.mojevrijeme.hr\/magazin\/wp-json\/wp\/v2\/categories?post=38483"},{"taxonomy":"post_tag","embeddable":true,"href":"https:\/\/www.mojevrijeme.hr\/magazin\/wp-json\/wp\/v2\/tags?post=38483"}],"curies":[{"name":"wp","href":"https:\/\/api.w.org\/{rel}","templated":true}]}}