{"id":38566,"date":"2020-06-18T19:09:58","date_gmt":"2020-06-18T17:09:58","guid":{"rendered":"https:\/\/www.mojevrijeme.hr\/magazin\/?p=38566"},"modified":"2020-06-18T19:53:48","modified_gmt":"2020-06-18T17:53:48","slug":"i-kolinda-je-pokazala-srednji-prst-skori-proslo-je-vrijeme-kad-je-zena-sjedila-u-cosku-i-cekala-baju","status":"publish","type":"post","link":"https:\/\/www.mojevrijeme.hr\/magazin\/2020\/06\/i-kolinda-je-pokazala-srednji-prst-skori-proslo-je-vrijeme-kad-je-zena-sjedila-u-cosku-i-cekala-baju\/","title":{"rendered":"I Kolinda je pokazala srednji prst \u0160kori: &#8216;Pro\u0161lo je vrijeme kad je \u017eena sjedila u \u0107o\u0161ku i \u010dekala baju&#8217;"},"content":{"rendered":"\n<p>Biv\u0161a predsjednica&nbsp;<strong>Kolinda Grabar Kitarovi\u0107<\/strong>&nbsp;pridru\u017eila se reakcijama brojnih \u017eena na izjave&nbsp;<strong>Miroslava \u0160kore<\/strong>&nbsp;i&nbsp;<strong>Nine Raspudi\u0107a&nbsp;<\/strong>o poba\u010daju u slu\u010daju \u017eena koje su silovane.&nbsp;<\/p>\n\n\n\n<p>Nesumnjivo, dizanjem srednjeg prsta predsjednica je pru\u017eila i potporu HDZ-u u predizbornoj utrci, budu\u0107i da \u0160koro ra\u010duna ba\u0161 na dio nezadovoljnika u bira\u010dkoj bazi vladaju\u0107e stranke. Ipak, fotografiju snimljenu na balkonu zagreba\u010dkog stana nije objavila na slu\u017ebenom Facebooku, ve\u0107 ju je poslala <a rel=\"noreferrer noopener\" href=\"https:\/\/www.jutarnji.hr\/vijesti\/hrvatska\/bivsa-predsjednica-samo-za-jutarnji-proslo-je-vrijeme-kad-je-zena-cekala-sto-ce-baja-reci-15003295\" target=\"_blank\">Jutarnjem listu<\/a>. <\/p>\n\n\n\n<p>&#8220;Pridru\u017eujem se svim \u017eenama koje ovim &#8216;nepristojnim&#8217; \u010dinom pokazuju svoj stav i di\u017eu glas protiv onih koji nas poku\u0161avaju vratiti stolje\u0107ima unazad. Pro\u0161lo je vrijeme kad je \u017eena sjedila u \u0107o\u0161ku i \u010dekala \u0161to \u0107e &#8216;baja&#8217; re\u0107i.&#8221;<\/p><div id=\"mojev-3567887574\" class=\"mojev-u-tekstu mojev-entity-placement\" style=\"margin-left: auto;margin-right: auto;text-align: center;\"><div class=\"mojev-adlabel\">oglas<\/div><div style=\"height: 250px;\"><script async src=\"https:\/\/pagead2.googlesyndication.com\/pagead\/js\/adsbygoogle.js?client=ca-pub-8106111766207173\"\r\n     crossorigin=\"anonymous\"><\/script>\r\n<!-- Prikazni 1 u tekstu -->\r\n<ins class=\"adsbygoogle\"\r\n     style=\"display:block\"\r\n     data-ad-client=\"ca-pub-8106111766207173\"\r\n     data-ad-slot=\"8535551207\"\r\n     data-ad-format=\"auto\"\r\n     data-full-width-responsive=\"true\"><\/ins>\r\n<script>\r\n     (adsbygoogle = window.adsbygoogle || []).push({});\r\n<\/script><\/div><\/div><br style=\"clear: both; display: block; float: none;\"\/>\n\n\n\n<p>&#8220;Uvijek sam bila za \u017eivot, ali i za \u017eivot koji ima pravo na izbor.&nbsp;Bez pritiska, bez stigmatizacije i uvjetovanja, posebno u najosjetljivim \u017eivotnim situacijama poput silovanja. Stoga i ja u znak potpore di\u017eem srednji prst za nas \u017eene i na\u0161a prava, ali i za mu\u0161karce koji nas podr\u017eavaju&#8221;, rekla je biv\u0161a predsjednica Kolinda Grabar-Kitarovi\u0107 za <a rel=\"noreferrer noopener\" href=\"https:\/\/www.jutarnji.hr\/vijesti\/hrvatska\/bivsa-predsjednica-samo-za-jutarnji-proslo-je-vrijeme-kad-je-zena-cekala-sto-ce-baja-reci-15003295\" target=\"_blank\">Jutarnji list<\/a> i poslala fotografiju sebe kako pokazuje srednji prst.<\/p>\n\n\n\n<p>Serijsko dizanje srednjeg prsta pokrenula je osje\u010dka dogradona\u010delnica \u017dana Gamo\u0161 (HNS) koja je na Facebooku uz fotografiju dopisala: &#8220;Milo moje, evo damski odgovor na d\u017eentlmensko razmi\u0161ljanje genijalaca koji imaju savjete \u0161to silovana \u017eena treba napraviti. Pa se posavjetuj!&#8221;<\/p>\n\n\n\n<p>\u0160koro je, naime, ranije rekao kako bi se \u017eene koje su zatrudnjele silovanjem o tome trebaju li pobaciti ili ne  &#8211; trebale posavjetovati s obitelji. <\/p>\n<div id=\"mojev-3717625635\" class=\"mojev-kraj-teksta mojev-entity-placement\" style=\"margin-bottom: 20px;margin-left: auto;margin-right: auto;text-align: center;\"><div class=\"mojev-adlabel\">oglas<\/div><div style=\"height: 250px;\"><script async src=\"https:\/\/pagead2.googlesyndication.com\/pagead\/js\/adsbygoogle.js?client=ca-pub-8106111766207173\"\r\n     crossorigin=\"anonymous\"><\/script>\r\n<!-- Display-1 -->\r\n<ins class=\"adsbygoogle\"\r\n     style=\"display:block\"\r\n     data-ad-client=\"ca-pub-8106111766207173\"\r\n     data-ad-slot=\"1465712950\"\r\n     data-ad-format=\"auto\"\r\n     data-full-width-responsive=\"true\"><\/ins>\r\n<script>\r\n     (adsbygoogle = window.adsbygoogle || []).push({});\r\n<\/script><\/div><\/div>","protected":false},"excerpt":{"rendered":"<p>&#8216;Uvijek sam bila za \u017eivot, ali i za \u017eivot koji ima pravo na izbor. Bez pritiska, bez stigmatizacije i uvjetovanja, posebno u najosjetljivim \u017eivotnim situacijama poput silovanja.&#8217;<\/p>\n","protected":false},"author":1,"featured_media":38567,"comment_status":"closed","ping_status":"closed","sticky":false,"template":"","format":"standard","meta":{"footnotes":""},"categories":[84],"tags":[285,223,359],"class_list":["post-38566","post","type-post","status-publish","format-standard","has-post-thumbnail","hentry","category-show","tag-feminizam","tag-izbori","tag-kolinda"],"_links":{"self":[{"href":"https:\/\/www.mojevrijeme.hr\/magazin\/wp-json\/wp\/v2\/posts\/38566","targetHints":{"allow":["GET"]}}],"collection":[{"href":"https:\/\/www.mojevrijeme.hr\/magazin\/wp-json\/wp\/v2\/posts"}],"about":[{"href":"https:\/\/www.mojevrijeme.hr\/magazin\/wp-json\/wp\/v2\/types\/post"}],"author":[{"embeddable":true,"href":"https:\/\/www.mojevrijeme.hr\/magazin\/wp-json\/wp\/v2\/users\/1"}],"replies":[{"embeddable":true,"href":"https:\/\/www.mojevrijeme.hr\/magazin\/wp-json\/wp\/v2\/comments?post=38566"}],"version-history":[{"count":0,"href":"https:\/\/www.mojevrijeme.hr\/magazin\/wp-json\/wp\/v2\/posts\/38566\/revisions"}],"wp:featuredmedia":[{"embeddable":true,"href":"https:\/\/www.mojevrijeme.hr\/magazin\/wp-json\/wp\/v2\/media\/38567"}],"wp:attachment":[{"href":"https:\/\/www.mojevrijeme.hr\/magazin\/wp-json\/wp\/v2\/media?parent=38566"}],"wp:term":[{"taxonomy":"category","embeddable":true,"href":"https:\/\/www.mojevrijeme.hr\/magazin\/wp-json\/wp\/v2\/categories?post=38566"},{"taxonomy":"post_tag","embeddable":true,"href":"https:\/\/www.mojevrijeme.hr\/magazin\/wp-json\/wp\/v2\/tags?post=38566"}],"curies":[{"name":"wp","href":"https:\/\/api.w.org\/{rel}","templated":true}]}}