{"id":38579,"date":"2020-06-19T12:56:19","date_gmt":"2020-06-19T10:56:19","guid":{"rendered":"https:\/\/www.mojevrijeme.hr\/magazin\/?p=38579"},"modified":"2020-06-19T13:01:40","modified_gmt":"2020-06-19T11:01:40","slug":"milanovic-o-srednjem-prstu-moze-biti-i-duhovit-i-vulgaran-bivsu-predsjednicu-nije-komentirao","status":"publish","type":"post","link":"https:\/\/www.mojevrijeme.hr\/magazin\/2020\/06\/milanovic-o-srednjem-prstu-moze-biti-i-duhovit-i-vulgaran-bivsu-predsjednicu-nije-komentirao\/","title":{"rendered":"MIlanovi\u0107 o srednjem prstu: &#8216;Mo\u017ee biti i duhovit i vulgaran&#8217; Bez komentara o biv\u0161oj predsjednici"},"content":{"rendered":"\n<p>Predsjednik <strong>Zoran Milanovi\u0107<\/strong> nije \u017eelio komentirati <a href=\"https:\/\/www.mojevrijeme.hr\/magazin\/2020\/06\/i-kolinda-je-pokazala-srednji-prst-skori-proslo-je-vrijeme-kad-je-zena-sjedila-u-cosku-i-cekala-baju\/\" target=\"_blank\" rel=\"noreferrer noopener\">potez biv\u0161e predsjednice<\/a>, <strong>Kolinde Grabar Kitarovi\u0107<\/strong>. Naime novinari su ga zatra\u017eili komentar poslije  sve\u010danosti dodjele leta\u010dkog znaka pilota Hrvatskog ratnog zrakoplovstva (HRZ) kadetima 24. nara\u0161taja vojnih pilota.\u00a0<\/p>\n\n\n\n<p>&#8220;Jako dobro znate kakvi su moji stavovi, kampanja je i ja ne mogu govoriti, jer uvijek nekome di\u017eem ili spu\u0161tam akcije. Znate moje stavove o tim pitanjima, pravo na izbore je kompleksno, \u017eena je ta koju se pita. Po\u0161tujem konzervativne stavove, ali se s njima ne sla\u017eem&#8221;, rekao je hrvatski predsjednik.<\/p>\n\n\n\n<p>Ka\u017ee da svojim komentarom nikome ne \u017eeli davati potporu: &#8220;Nakon \u0161to zavr\u0161i ova kampanja, opet \u0107emo o tome. Ovo je razdoblje u kojemu ja moram biti suzdr\u017ean, nakon izbora idu konzultacije, o\u010dekivat \u0107ete da budem neutralan, a ja se na ovaj na\u010din \u010duvam za to.&#8221;<\/p><div id=\"mojev-2652275675\" class=\"mojev-u-tekstu mojev-entity-placement\" style=\"margin-left: auto;margin-right: auto;text-align: center;\"><div class=\"mojev-adlabel\">oglas<\/div><div style=\"height: 250px;\"><script async src=\"https:\/\/pagead2.googlesyndication.com\/pagead\/js\/adsbygoogle.js?client=ca-pub-8106111766207173\"\r\n     crossorigin=\"anonymous\"><\/script>\r\n<!-- Prikazni 1 u tekstu -->\r\n<ins class=\"adsbygoogle\"\r\n     style=\"display:block\"\r\n     data-ad-client=\"ca-pub-8106111766207173\"\r\n     data-ad-slot=\"8535551207\"\r\n     data-ad-format=\"auto\"\r\n     data-full-width-responsive=\"true\"><\/ins>\r\n<script>\r\n     (adsbygoogle = window.adsbygoogle || []).push({});\r\n<\/script><\/div><\/div><br style=\"clear: both; display: block; float: none;\"\/>\n\n\n\n<figure class=\"wp-block-image size-large\"><img loading=\"lazy\" decoding=\"async\" width=\"740\" height=\"444\" src=\"https:\/\/www.mojevrijeme.hr\/magazin\/wp-content\/uploads\/2020\/06\/kolinda-srednji-prst-740x444.jpg\" alt=\"\" class=\"wp-image-38567\" srcset=\"https:\/\/www.mojevrijeme.hr\/magazin\/wp-content\/uploads\/2020\/06\/kolinda-srednji-prst-740x444.jpg 740w, https:\/\/www.mojevrijeme.hr\/magazin\/wp-content\/uploads\/2020\/06\/kolinda-srednji-prst-636x382.jpg 636w, https:\/\/www.mojevrijeme.hr\/magazin\/wp-content\/uploads\/2020\/06\/kolinda-srednji-prst-768x461.jpg 768w, https:\/\/www.mojevrijeme.hr\/magazin\/wp-content\/uploads\/2020\/06\/kolinda-srednji-prst-1536x922.jpg 1536w, https:\/\/www.mojevrijeme.hr\/magazin\/wp-content\/uploads\/2020\/06\/kolinda-srednji-prst-1500x900.jpg 1500w, https:\/\/www.mojevrijeme.hr\/magazin\/wp-content\/uploads\/2020\/06\/kolinda-srednji-prst-1600x960.jpg 1600w, https:\/\/www.mojevrijeme.hr\/magazin\/wp-content\/uploads\/2020\/06\/kolinda-srednji-prst-590x354.jpg 590w, https:\/\/www.mojevrijeme.hr\/magazin\/wp-content\/uploads\/2020\/06\/kolinda-srednji-prst-400x240.jpg 400w, https:\/\/www.mojevrijeme.hr\/magazin\/wp-content\/uploads\/2020\/06\/kolinda-srednji-prst-1000x600.jpg 1000w, https:\/\/www.mojevrijeme.hr\/magazin\/wp-content\/uploads\/2020\/06\/kolinda-srednji-prst-820x492.jpg 820w, https:\/\/www.mojevrijeme.hr\/magazin\/wp-content\/uploads\/2020\/06\/kolinda-srednji-prst.jpg 2000w\" sizes=\"auto, (max-width: 740px) 100vw, 740px\" \/><figcaption>Kolinda Grabar-Kitarovi\u0107 (privatni album)<\/figcaption><\/figure>\n\n\n\n<p>Na pitanje \u0161to ka\u017ee na \u010dinjenicu da je ba\u0161 srednji prst postao simbol reakcije, predsjednik je rekao: &#8220;Srednji prst mi ne zna\u010di ni\u0161ta, mo\u017ee biti i duhovit i vulgaran.&#8221;<\/p>\n\n\n\n<p>Biv\u0161a predsjednica je, podsjetimo, na izjavu Miroslava \u0160kore da bi silovane \u017eene s obiteljima trebale razgovarati o poba\u010daju, objavila fotografiju s ispru\u017eenim srednjim prstom, poru\u010div\u0161i da je&nbsp;&#8220;pro\u0161lo vrijeme kad je \u017eena \u010dekala \u0161to \u0107e &#8216;baja&#8217; re\u0107i&#8221;.<\/p>\n<div id=\"mojev-3324626614\" class=\"mojev-kraj-teksta mojev-entity-placement\" style=\"margin-bottom: 20px;margin-left: auto;margin-right: auto;text-align: center;\"><div class=\"mojev-adlabel\">oglas<\/div><div style=\"height: 250px;\"><script async src=\"https:\/\/pagead2.googlesyndication.com\/pagead\/js\/adsbygoogle.js?client=ca-pub-8106111766207173\"\r\n     crossorigin=\"anonymous\"><\/script>\r\n<!-- Display-1 -->\r\n<ins class=\"adsbygoogle\"\r\n     style=\"display:block\"\r\n     data-ad-client=\"ca-pub-8106111766207173\"\r\n     data-ad-slot=\"1465712950\"\r\n     data-ad-format=\"auto\"\r\n     data-full-width-responsive=\"true\"><\/ins>\r\n<script>\r\n     (adsbygoogle = window.adsbygoogle || []).push({});\r\n<\/script><\/div><\/div>","protected":false},"excerpt":{"rendered":"<p>Biv\u0161a predsjednica je, podsjetimo, na izjavu Miroslava \u0160kore da bi silovane \u017eene s obiteljima trebale razgovarati o poba\u010daju, objavila fotografiju s ispru\u017eenim srednjim prstom.<\/p>\n","protected":false},"author":1,"featured_media":34333,"comment_status":"closed","ping_status":"closed","sticky":false,"template":"","format":"standard","meta":{"footnotes":""},"categories":[9],"tags":[359,1620,300],"class_list":["post-38579","post","type-post","status-publish","format-standard","has-post-thumbnail","hentry","category-vijesti","tag-kolinda","tag-miroslav-skoro","tag-zoran-milanovic"],"_links":{"self":[{"href":"https:\/\/www.mojevrijeme.hr\/magazin\/wp-json\/wp\/v2\/posts\/38579","targetHints":{"allow":["GET"]}}],"collection":[{"href":"https:\/\/www.mojevrijeme.hr\/magazin\/wp-json\/wp\/v2\/posts"}],"about":[{"href":"https:\/\/www.mojevrijeme.hr\/magazin\/wp-json\/wp\/v2\/types\/post"}],"author":[{"embeddable":true,"href":"https:\/\/www.mojevrijeme.hr\/magazin\/wp-json\/wp\/v2\/users\/1"}],"replies":[{"embeddable":true,"href":"https:\/\/www.mojevrijeme.hr\/magazin\/wp-json\/wp\/v2\/comments?post=38579"}],"version-history":[{"count":0,"href":"https:\/\/www.mojevrijeme.hr\/magazin\/wp-json\/wp\/v2\/posts\/38579\/revisions"}],"wp:featuredmedia":[{"embeddable":true,"href":"https:\/\/www.mojevrijeme.hr\/magazin\/wp-json\/wp\/v2\/media\/34333"}],"wp:attachment":[{"href":"https:\/\/www.mojevrijeme.hr\/magazin\/wp-json\/wp\/v2\/media?parent=38579"}],"wp:term":[{"taxonomy":"category","embeddable":true,"href":"https:\/\/www.mojevrijeme.hr\/magazin\/wp-json\/wp\/v2\/categories?post=38579"},{"taxonomy":"post_tag","embeddable":true,"href":"https:\/\/www.mojevrijeme.hr\/magazin\/wp-json\/wp\/v2\/tags?post=38579"}],"curies":[{"name":"wp","href":"https:\/\/api.w.org\/{rel}","templated":true}]}}