{"id":38997,"date":"2020-07-06T15:56:46","date_gmt":"2020-07-06T13:56:46","guid":{"rendered":"https:\/\/www.mojevrijeme.hr\/magazin\/?p=38997"},"modified":"2020-07-06T15:57:00","modified_gmt":"2020-07-06T13:57:00","slug":"plenkovic-je-izborima-potvrdio-svoj-smjer-gradani-su-zadovoljni-jer-je-neutraliziran-skoro","status":"publish","type":"post","link":"https:\/\/www.mojevrijeme.hr\/magazin\/2020\/07\/plenkovic-je-izborima-potvrdio-svoj-smjer-gradani-su-zadovoljni-jer-je-neutraliziran-skoro\/","title":{"rendered":"Plenkovi\u0107 je izborima potvrdio smjer, gra\u0111ani su zadovoljni jer je neutraliziran \u0160koro"},"content":{"rendered":"\n<p>Hrvatski gra\u0111ani uglavnom su zadovoljni rezultatima izbora. Ka\u017eu da je najgore izbjegnuto te da \u0107e u Sabor u\u0107i moderne i liberalne politike koje idu\u0107e \u010detiri godine mogu izrasti u krupne igra\u010de. U regiji ni\u0161ta novo, analiza <a href=\"https:\/\/www.dw.com\/hr\/plenkovi%C4%87-vozi-sredinom-puta-srbiji-gromoglasno-ignoriranje\/a-54067491\" target=\"_blank\" rel=\"noreferrer noopener\">Deutsche Welle<\/a>. <\/p>\n\n\n\n<p>Samo dan nakon parlamentarnih izbora HDZ, koji je osvojio 66 mandata, \u010dini se da ima saborsku ve\u0107inu. Kako je izvije\u0161teno iz Banskih dvora, obavljen je prvi krug pregovora s osam manjinskih zastupnika te po jednim zastupnikom HNS-a i Reformista. Tako bi se <strong>Andrej Plenkovi\u0107<\/strong> uskoro trebao zaputiti na Pantov\u010dak po mandatarsku funkciju koju mu formalno treba potvrditi predsjednik <strong>Zoran Milanovi\u0107<\/strong>.<\/p>\n\n\n\n<p>U regionalnoj i europskoj perspektivi to zna\u010di nastavak aktualne hrvatske politike, ka\u017ee za Deutsche Welle nezavisni politi\u010dki analiti\u010dar <strong>Davor Gjenero<\/strong>. &#8220;Idu\u0107e \u010detiri godine Hrvatska \u0107e sna\u017eno podupirati Bosnu i Hercegovinu, gdje god to mo\u017ee, primjerice u uspostavi dijaloga s Europskom unijom. Dramati\u010dnih iskoraka ne\u0107e biti. Crna Gora i Makedonija u europskom smislu ostaju prioriteti, uz Albaniju i podr\u0161ku Kosovu. A prema Srbiji \u0107e se nastaviti politika gromoglasnog ignoriranja, kako je to definirao jedan diplomat&#8221;, ka\u017ee analiti\u010dar.<\/p><div id=\"mojev-1219651624\" class=\"mojev-u-tekstu mojev-entity-placement\" style=\"margin-left: auto;margin-right: auto;text-align: center;\"><div class=\"mojev-adlabel\">oglas<\/div><div style=\"height: 250px;\"><script async src=\"https:\/\/pagead2.googlesyndication.com\/pagead\/js\/adsbygoogle.js?client=ca-pub-8106111766207173\"\r\n     crossorigin=\"anonymous\"><\/script>\r\n<!-- Prikazni 1 u tekstu -->\r\n<ins class=\"adsbygoogle\"\r\n     style=\"display:block\"\r\n     data-ad-client=\"ca-pub-8106111766207173\"\r\n     data-ad-slot=\"8535551207\"\r\n     data-ad-format=\"auto\"\r\n     data-full-width-responsive=\"true\"><\/ins>\r\n<script>\r\n     (adsbygoogle = window.adsbygoogle || []).push({});\r\n<\/script><\/div><\/div><br style=\"clear: both; display: block; float: none;\"\/>\n\n\n\n<h3 class=\"wp-block-heading\">Izbjegnuto o\u0161tro skretanje udesno<\/h3>\n\n\n\n<p>Paradoksalno, nakon objave polovi\u010dnih rezultata izlaznih anketa i objava potopa SDP-a, \u010dak je i velik dio lijevih bira\u010da po\u010deo navijati za HDZ. Pokazalo se da mnogi gra\u0111ani ne \u017eele situaciju u kojoj bi Plenkovi\u0107u za sastavljanje parlamentarne ve\u0107ine bio nu\u017ean Domovinski pokret <strong>Miroslava \u0160kore<\/strong>, zasnovan na nacionalisti\u010dkim i suverenisti\u010dkim idejama. Naime, Hrvatska se jo\u0161 nije u potpunosti oporavila od kratke vladavine Karamarko-Ore\u0161kovi\u0107 koja je objavila rat civilnom dru\u0161tvu i za koju se jo\u0161 uvijek govori da je &#8220;pustila duh usta\u0161tva iz boce&#8221;.<\/p>\n\n\n\n<p>Analiti\u010dar Gjenero \u0160kori, koji sada nema koalicijski potencijal, predvi\u0111a propast. &#8220;Barem pet mandata s njegove kulise Domovinskog pokreta nisu njegovi i ne vjerujem da \u0107e se Zekanovi\u0107, Sa\u010di\u0107 ili Penava povezati u njegov klub. Taj pokret bio je oru\u0111e lojalno Putinovom re\u017eimu. Gazprom je kroz njega poku\u0161ao promovirati svoje ekonomske interese u Hrvatskoj i destabilizirati proeuropsku vladu&#8221;, navodi Gjenero. On smatra da je Pokret poku\u0161ao natjerati HDZ da se okrene od Plenkovi\u0107a. &#8220;Sada im dolazi na naplatu ruska investicija i nezadovoljstva anga\u017eiranih ljudi koji su se nadali kontroli energetskog sektora. Od \u0160korinog pokreta u kratkom roku ne\u0107e ostati kamen na kamenu.&#8221;<\/p>\n\n\n\n<p>S druge strane, Most se, navodi Gjenero, pretvorio iz sindikata na\u010delnika op\u0107ina dalmatinskog zale\u0111a u klerikalnu stranku koja ima svoju politi\u010dku ni\u0161u, mre\u017eu <strong>\u017deljke Marki\u0107<\/strong> i njenih organizacija, svoje bira\u010de i prostor u civilnom dru\u0161tvu. Zato \u0107e, misli, ovaj nekad nekoherentan pokret opstati kao desna marginalna platforma.<\/p>\n\n\n\n<h3 class=\"wp-block-heading\">Neo\u010dekivani Plenkovi\u0107ev trijumf<\/h3>\n\n\n\n<p>&#8220;Plenkovi\u0107ev uspjeh je logi\u010dan. Pokazalo se da je tijekom mandata uspio povu\u0107i svoje strana\u010dke kolege iz prostora desnice u desni centar, a na ovim se izborima dokazalo da mu je isto uspjelo s bira\u010dkim tijelom&#8221;, ka\u017ee Gjenero.<\/p>\n\n\n\n<p>On podsje\u0107a da su i oni koji su za vrijeme pro\u0161log mandata podr\u017eavali sna\u017enu centristi\u010dku politiku, preferencijskim glasovima lansirani visoko. &#8220;Bira\u010dko tijelo je podr\u017ealo refokusiranje HDZ-ove strategije. Osim toga, izbori se dobivaju u centru, a ne na lijevoj ili desnoj margini. Time \u0161to je ignorirao napade s desne margine i fokusirao se na centar, Plenkovi\u0107 je ve\u0107 osigurao pobjedu.&#8221;<\/p>\n\n\n\n<p>Ipak, mnoge je iznenadio dramati\u010dan pad SDP-a koji je s koalicijom Restart osigurao samo 41 mandat. Bira\u010di su, ka\u017ee na\u0161 sugovornik, kaznili negativnu kampanju u zavr\u0161noj fazi, ali i permanentne unutarstrana\u010dke raskole. &#8220;Dio bira\u010da je oti\u0161ao u apstinenciju i rezignaciju, dok je drugi dio odabrao dvije nove platforme &#8216;Mo\u017eemo!&#8217; i Pametno.&#8221; Davor Bernardi\u0107 je ve\u0107 podnio ostavku na mjesto \u0161efa SDP-a.<\/p>\n\n\n\n<h3 class=\"wp-block-heading\">\u0160to mo\u017ee Mo\u017eemo?<\/h3>\n\n\n\n<p>Razo\u010darani SDP-ovci zadovoljni su pozicioniranjem lijevo-zelene platforme &#8220;Mo\u017eemo!&#8221; kojoj pripada sedam saborskih fotelja. To su mahom aktivisti i zagovaratelji lijevih politika iz civilnog dru\u0161tva koji znaju voditi kampanje i moderno komunicirati s bira\u010dima. Osvajanje zagreba\u010dke vlasti njihov je cilj koji su jasno ponovili i u izbornoj no\u0107i.<\/p>\n\n\n\n<p>&#8220;Imaju sjajno umre\u017eavanje s medijima. Do sada nisu bili u prilici kreirati javne politike. Dio njih svoju perspektivu vidi u Zagrebu, ali \u0107e se neki sasvim jednostavno akomodirati na parlament, pogotovo oni koji se sustavno bave za\u0161titom ljudskih prava&#8221;, analizira Gjenero, ali ipak upozorava: &#8220;Ne \u010dini se da je njihov put u Gradu Zagrebu ba\u0161 tako siguran. Bez upori\u0161ta u gradskom prstenu, te\u0161ko je osvojiti grad.&#8221;<\/p>\n\n\n\n<h3 class=\"wp-block-heading\">Milanovi\u0107ev manevar<\/h3>\n\n\n\n<p>Uz sve valja ponoviti da je na izbore iza\u0161lo samo 47 posto bira\u010da, \u0161to je ispod psiholo\u0161ke granice od 50 posto. Iako su mnogi gra\u0111ani odlu\u010dili ostati kod ku\u0107e, kako se ne bi izlo\u017eili koronavirusu, njihovu je odluku svojim pona\u0161anjem osna\u017eio i predsjednik Zoran Milanovi\u0107.<\/p>\n\n\n\n<p>Iz mnogima nerazumljivih razloga on je prije po\u010detka kampanje objavio da mo\u017eda ne\u0107e glasati, jer to nije njegova obveza, ve\u0107 pravo. Tako javnost po prvi puta nije u jutarnjim vijestima mogla vidjeti predsjednika Republike kako na birali\u0161tu motivira gra\u0111ane na participiranje u najva\u017enijem demokratskom procesu.<\/p>\n\n\n\n<p>Stoga ne treba isklju\u010diti scenarij po kojem \u0107e oporba, pa \u010dak i predsjednik dr\u017eave, idu\u0107e \u010detiri godine spo\u010ditavati budu\u0107oj Plenkovi\u0107evoj garnituri da nema legitimitet natpolovi\u010dne volje bira\u010da.<\/p>\n<div id=\"mojev-1518057347\" class=\"mojev-kraj-teksta mojev-entity-placement\" style=\"margin-bottom: 20px;margin-left: auto;margin-right: auto;text-align: center;\"><div class=\"mojev-adlabel\">oglas<\/div><div style=\"height: 250px;\"><script async src=\"https:\/\/pagead2.googlesyndication.com\/pagead\/js\/adsbygoogle.js?client=ca-pub-8106111766207173\"\r\n     crossorigin=\"anonymous\"><\/script>\r\n<!-- Display-1 -->\r\n<ins class=\"adsbygoogle\"\r\n     style=\"display:block\"\r\n     data-ad-client=\"ca-pub-8106111766207173\"\r\n     data-ad-slot=\"1465712950\"\r\n     data-ad-format=\"auto\"\r\n     data-full-width-responsive=\"true\"><\/ins>\r\n<script>\r\n     (adsbygoogle = window.adsbygoogle || []).push({});\r\n<\/script><\/div><\/div>","protected":false},"excerpt":{"rendered":"<p>Paradoksalno, nakon objave polovi\u010dnih rezultata izlaznih anketa i objava potopa SDP-a, \u010dak je i velik dio lijevih bira\u010da po\u010deo navijati za HDZ. <\/p>\n","protected":false},"author":1,"featured_media":39000,"comment_status":"closed","ping_status":"closed","sticky":false,"template":"","format":"standard","meta":{"footnotes":""},"categories":[9],"tags":[888,665,2260],"class_list":["post-38997","post","type-post","status-publish","format-standard","has-post-thumbnail","hentry","category-vijesti","tag-andrej-plenkovic","tag-hdz","tag-izbori-2020"],"_links":{"self":[{"href":"https:\/\/www.mojevrijeme.hr\/magazin\/wp-json\/wp\/v2\/posts\/38997","targetHints":{"allow":["GET"]}}],"collection":[{"href":"https:\/\/www.mojevrijeme.hr\/magazin\/wp-json\/wp\/v2\/posts"}],"about":[{"href":"https:\/\/www.mojevrijeme.hr\/magazin\/wp-json\/wp\/v2\/types\/post"}],"author":[{"embeddable":true,"href":"https:\/\/www.mojevrijeme.hr\/magazin\/wp-json\/wp\/v2\/users\/1"}],"replies":[{"embeddable":true,"href":"https:\/\/www.mojevrijeme.hr\/magazin\/wp-json\/wp\/v2\/comments?post=38997"}],"version-history":[{"count":0,"href":"https:\/\/www.mojevrijeme.hr\/magazin\/wp-json\/wp\/v2\/posts\/38997\/revisions"}],"wp:featuredmedia":[{"embeddable":true,"href":"https:\/\/www.mojevrijeme.hr\/magazin\/wp-json\/wp\/v2\/media\/39000"}],"wp:attachment":[{"href":"https:\/\/www.mojevrijeme.hr\/magazin\/wp-json\/wp\/v2\/media?parent=38997"}],"wp:term":[{"taxonomy":"category","embeddable":true,"href":"https:\/\/www.mojevrijeme.hr\/magazin\/wp-json\/wp\/v2\/categories?post=38997"},{"taxonomy":"post_tag","embeddable":true,"href":"https:\/\/www.mojevrijeme.hr\/magazin\/wp-json\/wp\/v2\/tags?post=38997"}],"curies":[{"name":"wp","href":"https:\/\/api.w.org\/{rel}","templated":true}]}}