{"id":3913,"date":"2015-04-05T12:01:21","date_gmt":"2015-04-05T10:01:21","guid":{"rendered":"http:\/\/www.mojevrijeme.hr\/magazin\/?p=3913"},"modified":"2016-03-24T18:41:20","modified_gmt":"2016-03-24T17:41:20","slug":"izlozba-osamdesete-slatka-dekadencija-postmoderne","status":"publish","type":"post","link":"https:\/\/www.mojevrijeme.hr\/magazin\/2015\/04\/izlozba-osamdesete-slatka-dekadencija-postmoderne\/","title":{"rendered":"Izlo\u017eba: Osamdesete \u2013 slatka dekadencija postmoderne"},"content":{"rendered":"<p>Izlo\u017eba <strong>Osamdesete \u2013 slatka dekadencija postmoderne<\/strong>\u00a0u svom postavu predstavlja razdoblje od smrti <strong>Josipa Broza Tita<\/strong>, sve do po\u010detka 90-ih godina kada je zapo\u010deo proces raspada Jugoslavije. Cilj izlo\u017ebe je prikazati hrvatsku umjetni\u010dku scenu osamdesetih godina, a naglasak \u0107e biti na istaknute radove s podru\u010dja likovnosti, performansa, fotografije, dizajna, arhitekture, stripa, mode, kazali\u0161ta, knji\u017eevnosti, medija, filma, stripa, sporta i glazbe.<\/p>\n<p>Zanimljivost ove izlo\u017ebe je \u010dinjenica da su u njenom stvaranju uz autore <strong>Branka Kostelnika<\/strong> (pop-kultura) i <strong>Fe\u0111e Vuki\u0107a<\/strong> (dizajn), sudjelovali relevantni i renomirani pojedinci svih zastupljenih disciplina kao svojevrsni za\u0161titni znak toga vremena. Tako \u0107e se kao koautori izlo\u017ebe pojaviti: <strong>Kre\u0161imir Rogina\u00a0<\/strong>(arhitektura), <strong>\u017deljko Kipke<\/strong> (likovnost), <strong>Suzana Marjani\u0107<\/strong> (performans), <strong>Damir Fabijani\u0107<\/strong> (fotografija), <strong>Jurica Pavi\u010di\u0107<\/strong> (film), <strong>Ivica Buljan<\/strong> (kazali\u0161te), <strong>Jagna Poga\u010dnik<\/strong> i <strong>Kre\u0161imir Bagi\u0107<\/strong> (knji\u017eevnost), <strong>Ana Lendvaj<\/strong> (moda), <strong>Boris De\u017eulovi\u0107\u00a0<\/strong>(sport), <strong>Tvrtko Jakovina<\/strong> (povijesni kontekst), <strong>Darko Macan<\/strong> (strip), <strong>Tomislav Brlek<\/strong> (rock), <strong>Marijana Grbe\u0161a<\/strong>,\u00a0<strong>Boris Ra\u0161eta<\/strong> i <strong>Zrinka Vrabec Mojze\u0161<\/strong> (masovni mediji i politika).<\/p>\n<p>\u201cIzlo\u017ebom OSAMDESETE- slatka dekadencija postmoderne,\u00a0\u017eelimo prikazati \u00a0najbolje art radove i dokumente toga potentnog razdoblja i, \u00a0s ove vremenske distance od tridesetak godina,\u00a0 poku\u0161ati\u00a0 i kriti\u010dki progovoriti o toj nadasve zanimljivoj, kreativnoj,\u00a0 ali i kontradiktornoj dekadi\u00a0 pro\u0161log stolje\u0107a. Svi izlo\u0161ci zajedno \u010dine, usudim se re\u0107i, jednu\u00a0 osebujnu, heterogenu\u00a0 i multimedijalnu izlo\u017ebu rijetko vi\u0111enu, \u00a0sposebnim autorskim pe\u010datom i \u00a0postavom\u00a0 dizajnerica mla\u0111e generacije Katarine Peri\u0107 i Marite Bona\u010di\u0107\u201d, rekao je jedan od autora izlo\u017ebe Branko Kostelnik.<\/p><div id=\"mojev-3538043711\" class=\"mojev-u-tekstu mojev-entity-placement\" style=\"margin-left: auto;margin-right: auto;text-align: center;\"><div class=\"mojev-adlabel\">oglas<\/div><div style=\"height: 250px;\"><script async src=\"https:\/\/pagead2.googlesyndication.com\/pagead\/js\/adsbygoogle.js?client=ca-pub-8106111766207173\"\r\n     crossorigin=\"anonymous\"><\/script>\r\n<!-- Prikazni 1 u tekstu -->\r\n<ins class=\"adsbygoogle\"\r\n     style=\"display:block\"\r\n     data-ad-client=\"ca-pub-8106111766207173\"\r\n     data-ad-slot=\"8535551207\"\r\n     data-ad-format=\"auto\"\r\n     data-full-width-responsive=\"true\"><\/ins>\r\n<script>\r\n     (adsbygoogle = window.adsbygoogle || []).push({});\r\n<\/script><\/div><\/div><br style=\"clear: both; display: block; float: none;\"\/>\n<p>Za popratni program u sklopu izlo\u017ebe planiraju se tematske tribine i koncerti, DJ nastupi, performansi te velika revija avangardne mode koja \u0107e sve prisutne vratiti u specifi\u010dan modni izri\u010daj toga vremena. Poseban naglasak stavljen je na glazbu, stoga \u0107e svoje najve\u0107e hitove osamdesetih u Tvornici kulture izvoditi kultni zagreba\u010dki predstavnici art \u2013 rocka, grupa Boa (11.04.) te legendarna makedonska rock grupa Mizar (16.04.).\u00a0Uz to, u sklopu izlo\u017ebe odr\u017eat \u0107e se promocija specijalnog CD-a \u201cOsamdesete !!! Jugoton\u201d urednika Branka Kostelnika koji okuplja 24 pjesme i 24 benda iz pop-rock \u017eanra.<\/p>\n<h3>Vrijeme i mjesto:<\/h3>\n<p>Dom Hrvatsko dru\u0161tvo likovnih umjetnika, Trg \u017ertava fa\u0161izma 16, Zagreb<\/p>\n<p>od 11.4. do 10.5.2015.<\/p>\n<p>Otvorenje: 10.4.2015. u 20:00<\/p>\n<h3>Radno vrijeme izlo\u017ebe:<\/h3>\n<p>Utorak 11:00 \u2013 22:00<br \/>\nSrijeda \u2013 petak 11:00 \u2013 20:00<br \/>\nSubota \u2013 nedjelja 10:00 \u2013 18:00<br \/>\nPonedjeljak zatvoreno<\/p>\n<h3>Ulaznice:<\/h3>\n<p>Odrasle osobe: 20,00 kn<br \/>\nOsobe do 18 godina i umirovljenici: 10,00 kn<br \/>\nGrupe (min. 5 osoba), cijena po osobi: 10,00 kn<br \/>\nRedovni \u010dlanovi HDLU-a GRATIS<\/p>\n<div id=\"mojev-3126810273\" class=\"mojev-kraj-teksta mojev-entity-placement\" style=\"margin-bottom: 20px;margin-left: auto;margin-right: auto;text-align: center;\"><div class=\"mojev-adlabel\">oglas<\/div><div style=\"height: 250px;\"><script async src=\"https:\/\/pagead2.googlesyndication.com\/pagead\/js\/adsbygoogle.js?client=ca-pub-8106111766207173\"\r\n     crossorigin=\"anonymous\"><\/script>\r\n<!-- Display-1 -->\r\n<ins class=\"adsbygoogle\"\r\n     style=\"display:block\"\r\n     data-ad-client=\"ca-pub-8106111766207173\"\r\n     data-ad-slot=\"1465712950\"\r\n     data-ad-format=\"auto\"\r\n     data-full-width-responsive=\"true\"><\/ins>\r\n<script>\r\n     (adsbygoogle = window.adsbygoogle || []).push({});\r\n<\/script><\/div><\/div>","protected":false},"excerpt":{"rendered":"<p>\u017delimo prikazati  najbolje art radove i dokumente toga potentnog razdoblja i,  s ove vremenske distance od tridesetak godina,  poku\u0161ati  i kriti\u010dki progovoriti o toj nadasve zanimljivoj, kreativnoj,  ali i kontradiktornoj dekadi  pro\u0161log stolje\u0107a. <\/p>\n","protected":false},"author":5,"featured_media":3914,"comment_status":"closed","ping_status":"open","sticky":false,"template":"","format":"standard","meta":{"footnotes":""},"categories":[136],"tags":[194,125,507,92,39],"class_list":["post-3913","post","type-post","status-publish","format-standard","has-post-thumbnail","hentry","category-promo","tag-izlozba","tag-kultura","tag-osamdesete","tag-umjetnost","tag-zagreb"],"_links":{"self":[{"href":"https:\/\/www.mojevrijeme.hr\/magazin\/wp-json\/wp\/v2\/posts\/3913","targetHints":{"allow":["GET"]}}],"collection":[{"href":"https:\/\/www.mojevrijeme.hr\/magazin\/wp-json\/wp\/v2\/posts"}],"about":[{"href":"https:\/\/www.mojevrijeme.hr\/magazin\/wp-json\/wp\/v2\/types\/post"}],"author":[{"embeddable":true,"href":"https:\/\/www.mojevrijeme.hr\/magazin\/wp-json\/wp\/v2\/users\/5"}],"replies":[{"embeddable":true,"href":"https:\/\/www.mojevrijeme.hr\/magazin\/wp-json\/wp\/v2\/comments?post=3913"}],"version-history":[{"count":0,"href":"https:\/\/www.mojevrijeme.hr\/magazin\/wp-json\/wp\/v2\/posts\/3913\/revisions"}],"wp:featuredmedia":[{"embeddable":true,"href":"https:\/\/www.mojevrijeme.hr\/magazin\/wp-json\/wp\/v2\/media\/3914"}],"wp:attachment":[{"href":"https:\/\/www.mojevrijeme.hr\/magazin\/wp-json\/wp\/v2\/media?parent=3913"}],"wp:term":[{"taxonomy":"category","embeddable":true,"href":"https:\/\/www.mojevrijeme.hr\/magazin\/wp-json\/wp\/v2\/categories?post=3913"},{"taxonomy":"post_tag","embeddable":true,"href":"https:\/\/www.mojevrijeme.hr\/magazin\/wp-json\/wp\/v2\/tags?post=3913"}],"curies":[{"name":"wp","href":"https:\/\/api.w.org\/{rel}","templated":true}]}}