{"id":39293,"date":"2020-07-17T19:36:30","date_gmt":"2020-07-17T17:36:30","guid":{"rendered":"https:\/\/www.mojevrijeme.hr\/magazin\/?p=39293"},"modified":"2020-07-17T19:45:18","modified_gmt":"2020-07-17T17:45:18","slug":"kolinda-grabar-kitarovic-sluzbeno-je-clanica-moo-to-je-priznanje-hrvatskom-sportu","status":"publish","type":"post","link":"https:\/\/www.mojevrijeme.hr\/magazin\/2020\/07\/kolinda-grabar-kitarovic-sluzbeno-je-clanica-moo-to-je-priznanje-hrvatskom-sportu\/","title":{"rendered":"Kolinda o novoj funkciji u MOO: &#8216;Zaboravite veliku pla\u0107u! To je priznanje hrvatskom sportu!&#8217;"},"content":{"rendered":"\n<p>Biv\u0161a hrvatska predsjednica Kolinda Grabar Kitarovi\u0107 slu\u017ebeno je na dana\u0161njem zasjedanju Skup\u0161tine Me\u0111unarodnog olimpijskog odbora (MOO) izabrana u \u010dlanstvo organizacije koja je na \u010delu olimpijskog pokreta. Biv\u0161u hrvatsku predsjednicu za tu je du\u017enost predlo\u017eio predsjednik MOO-a Thomas Bach.<\/p>\n\n\n\n<p>&#8220;Iznimno sam po\u010da\u0161\u0107ena \u010dlanstvom u Me\u0111unarodnom olimpijskom odboru. To nije samo moj osobni uspjeh, nego priznanje svim dosezima hrvatskoga sporta i odli\u010dnih rezultata hrvatskih sporta\u0161a, koji na\u0161u Domovinu predstavljaju u svijetu kao naciju sjajnih talenata i vrijednih ljudi, te dosljedno promi\u010du na\u010dela i vrijednosti Olimpijskog pokreta&#8221;, priop\u0107ila je Grabar-Kitarovi\u0107 putem Facebooka. <\/p>\n\n\n\n<h3 class=\"wp-block-heading\">Kolika je pla\u0107a? <\/h3>\n\n\n\n<p>&#8220;Obaveze ovise o meni samoj. Iako, ako se prihvatite takve funkcije &#8211; trebate raditi i raditi \u0161to je mogu\u0107e vi\u0161e. Volonterska je funkcija, ne pla\u0107a se. Sve one spekulacije koje sam vidjela o velikoj pla\u0107i &#8211; zaboravite. Zbog toga nisam ni ulazila u sve ovo ve\u0107 zato \u0161to volim sport, \u017eelim promicati sport, vrijednosti olimpizma i UN-a. Aktivirat \u0107u se kolikogod mi to vrijeme bude dopu\u0161talo jer sam u me\u0111uvremenu postala \u010dlanicom nekoliko upravnih vije\u0107a, raznih&nbsp;think-thank&nbsp;grupa diljem svijeta. Ali to mi je i cilj &#8211; raditi vi\u0161e globalno nego lokalno&#8221;, navela je u razgovoru s novinarima.<\/p><div id=\"mojev-2249306598\" class=\"mojev-u-tekstu mojev-entity-placement\" style=\"margin-left: auto;margin-right: auto;text-align: center;\"><div class=\"mojev-adlabel\">oglas<\/div><div style=\"height: 250px;\"><script async src=\"https:\/\/pagead2.googlesyndication.com\/pagead\/js\/adsbygoogle.js?client=ca-pub-8106111766207173\"\r\n     crossorigin=\"anonymous\"><\/script>\r\n<!-- Prikazni 1 u tekstu -->\r\n<ins class=\"adsbygoogle\"\r\n     style=\"display:block\"\r\n     data-ad-client=\"ca-pub-8106111766207173\"\r\n     data-ad-slot=\"8535551207\"\r\n     data-ad-format=\"auto\"\r\n     data-full-width-responsive=\"true\"><\/ins>\r\n<script>\r\n     (adsbygoogle = window.adsbygoogle || []).push({});\r\n<\/script><\/div><\/div><br style=\"clear: both; display: block; float: none;\"\/>\n\n\n\n<h3 class=\"wp-block-heading\">Nisam samo veliki entuzijast&#8230;<\/h3>\n\n\n\n<p>&#8220;Sport igra klju\u010dnu ulogu u borbi protiv rasizma i govora mr\u017enje. Sport ujedinjuje na\u0161e zajedni\u010dke ciljeve, vrijednosti i nadanja. Sport \u0161iri optimizam i uvjerenje kako se trud, rad i ostale temeljne ljudske vrijednosti nagra\u0111uju pravednim natjecanjem i uspjehom koji svijet priznaje&#8221;, poru\u010dila  je biv\u0161a predsjednica putem dru\u0161tvenih mre\u017ea.<\/p>\n\n\n\n<p>&#8220;Osobno nisam samo velik sportski entuzijast, koji \u0107e svim srcem navijati za hrvatske sporta\u0161e i reprezentacije, nego i promicatelj dostupnosti i jednakih mogu\u0107nosti za svu djecu za bavljenje individualnim i kolektivnim sportovima, bez obzira bilo to iz natjecateljskih pobuda ili iz \u010distog zadovoljstva. Uvijek sam zagovarala ve\u0107a ulaganja u sportske aktivnosti za mlade i omogu\u0107avanje masovnog pristupa sportskim aktivnostima od najranijeg djetinjstva, jer jedino se tako mogu postizati veliki sportski uspjesi te stvarati i razvijati vrhunski sporta\u0161i, koji promoviraju i svoju domovinu i op\u0107eljudske vrijednosti truda, humanosti, upornosti i prijateljstva. To je iznimno va\u017eno za sve razine dru\u0161tvenog razvoja &#8211; od obitelji, preko lokalne zajednice, do dr\u017eave i me\u0111unarodne zajednice&#8221;, zaklju\u010dila je nova \u010dlanica MOO.<\/p>\n<div id=\"mojev-3513101895\" class=\"mojev-kraj-teksta mojev-entity-placement\" style=\"margin-bottom: 20px;margin-left: auto;margin-right: auto;text-align: center;\"><div class=\"mojev-adlabel\">oglas<\/div><div style=\"height: 250px;\"><script async src=\"https:\/\/pagead2.googlesyndication.com\/pagead\/js\/adsbygoogle.js?client=ca-pub-8106111766207173\"\r\n     crossorigin=\"anonymous\"><\/script>\r\n<!-- Display-1 -->\r\n<ins class=\"adsbygoogle\"\r\n     style=\"display:block\"\r\n     data-ad-client=\"ca-pub-8106111766207173\"\r\n     data-ad-slot=\"1465712950\"\r\n     data-ad-format=\"auto\"\r\n     data-full-width-responsive=\"true\"><\/ins>\r\n<script>\r\n     (adsbygoogle = window.adsbygoogle || []).push({});\r\n<\/script><\/div><\/div>","protected":false},"excerpt":{"rendered":"<p>&#8216;Sve one spekulacije koje sam vidjela o velikoj pla\u0107i &#8211; zaboravite. Zbog toga nisam ni ulazila u sve ovo ve\u0107 zato \u0161to volim sport&#8217;, ka\u017ee biv\u0161a predsjednica.<\/p>\n","protected":false},"author":1,"featured_media":16807,"comment_status":"closed","ping_status":"closed","sticky":false,"template":"","format":"standard","meta":{"footnotes":""},"categories":[9],"tags":[359,2286,283],"class_list":["post-39293","post","type-post","status-publish","format-standard","has-post-thumbnail","hentry","category-vijesti","tag-kolinda","tag-medunarodni-olimpijski-odbor","tag-sport"],"_links":{"self":[{"href":"https:\/\/www.mojevrijeme.hr\/magazin\/wp-json\/wp\/v2\/posts\/39293","targetHints":{"allow":["GET"]}}],"collection":[{"href":"https:\/\/www.mojevrijeme.hr\/magazin\/wp-json\/wp\/v2\/posts"}],"about":[{"href":"https:\/\/www.mojevrijeme.hr\/magazin\/wp-json\/wp\/v2\/types\/post"}],"author":[{"embeddable":true,"href":"https:\/\/www.mojevrijeme.hr\/magazin\/wp-json\/wp\/v2\/users\/1"}],"replies":[{"embeddable":true,"href":"https:\/\/www.mojevrijeme.hr\/magazin\/wp-json\/wp\/v2\/comments?post=39293"}],"version-history":[{"count":0,"href":"https:\/\/www.mojevrijeme.hr\/magazin\/wp-json\/wp\/v2\/posts\/39293\/revisions"}],"wp:featuredmedia":[{"embeddable":true,"href":"https:\/\/www.mojevrijeme.hr\/magazin\/wp-json\/wp\/v2\/media\/16807"}],"wp:attachment":[{"href":"https:\/\/www.mojevrijeme.hr\/magazin\/wp-json\/wp\/v2\/media?parent=39293"}],"wp:term":[{"taxonomy":"category","embeddable":true,"href":"https:\/\/www.mojevrijeme.hr\/magazin\/wp-json\/wp\/v2\/categories?post=39293"},{"taxonomy":"post_tag","embeddable":true,"href":"https:\/\/www.mojevrijeme.hr\/magazin\/wp-json\/wp\/v2\/tags?post=39293"}],"curies":[{"name":"wp","href":"https:\/\/api.w.org\/{rel}","templated":true}]}}