{"id":39418,"date":"2020-07-24T19:30:43","date_gmt":"2020-07-24T17:30:43","guid":{"rendered":"https:\/\/www.mojevrijeme.hr\/magazin\/?p=39418"},"modified":"2020-07-24T19:30:43","modified_gmt":"2020-07-24T17:30:43","slug":"plenkoviceva-obecanja-umirovljenicima-plan-za-iduce-cetiri-godine","status":"publish","type":"post","link":"https:\/\/www.mojevrijeme.hr\/magazin\/2020\/07\/plenkoviceva-obecanja-umirovljenicima-plan-za-iduce-cetiri-godine\/","title":{"rendered":"Plenkovi\u0107eva obe\u0107anja umirovljenicima; plan za idu\u0107e \u010detiri godine"},"content":{"rendered":"\n<p>Program nove Vlade <strong>Andreja Plenkovi\u0107a<\/strong> u potpunosti se naslanja na izborni program HDZ-a i dogovore s koalicijskim partnerima. U Saboru ga je ju\u010der predstavio sam premijer koji je nekoliko puta spomenu i mirovine.<\/p>\n\n\n\n<p>Izme\u0111u ostalog, najavljuje se i pove\u0107anje mirovina za najmanje 10 posto, omogu\u0107avanje korisnicima obiteljske mirovine pravedniji na\u010din izra\u010duna te pro\u0161irivanje umirovljenika koji mogu raditi nakon 65. godine. Ja\u010dat \u0107e se i drugi stup te omogu\u0107iti ulaganja fondova u infrastrukturu. Cilj je da prosje\u010dna mirovina dosegne 50 posto prosje\u010dne neto pla\u0107e.<\/p>\n\n\n\n<p>Plenkovi\u0107 najavljuje da \u0107e se privatizirati i dr\u017eavne tvrtke kroz mirovinske fondove. Uz to, Vlada planira dodatno porezno rasteretiti gra\u0111ane. Za svu hranu stopa PDV-a smanjit \u0107e se s 25 na 13 posto, smanjit \u0107e se i porezi na dohodak i dobit.<\/p><div id=\"mojev-870801813\" class=\"mojev-u-tekstu mojev-entity-placement\" style=\"margin-left: auto;margin-right: auto;text-align: center;\"><div class=\"mojev-adlabel\">oglas<\/div><div style=\"height: 250px;\"><script async src=\"https:\/\/pagead2.googlesyndication.com\/pagead\/js\/adsbygoogle.js?client=ca-pub-8106111766207173\"\r\n     crossorigin=\"anonymous\"><\/script>\r\n<!-- Prikazni 1 u tekstu -->\r\n<ins class=\"adsbygoogle\"\r\n     style=\"display:block\"\r\n     data-ad-client=\"ca-pub-8106111766207173\"\r\n     data-ad-slot=\"8535551207\"\r\n     data-ad-format=\"auto\"\r\n     data-full-width-responsive=\"true\"><\/ins>\r\n<script>\r\n     (adsbygoogle = window.adsbygoogle || []).push({});\r\n<\/script><\/div><\/div><br style=\"clear: both; display: block; float: none;\"\/>\n<div id=\"mojev-4074391532\" class=\"mojev-kraj-teksta mojev-entity-placement\" style=\"margin-bottom: 20px;margin-left: auto;margin-right: auto;text-align: center;\"><div class=\"mojev-adlabel\">oglas<\/div><div style=\"height: 250px;\"><script async src=\"https:\/\/pagead2.googlesyndication.com\/pagead\/js\/adsbygoogle.js?client=ca-pub-8106111766207173\"\r\n     crossorigin=\"anonymous\"><\/script>\r\n<!-- Display-1 -->\r\n<ins class=\"adsbygoogle\"\r\n     style=\"display:block\"\r\n     data-ad-client=\"ca-pub-8106111766207173\"\r\n     data-ad-slot=\"1465712950\"\r\n     data-ad-format=\"auto\"\r\n     data-full-width-responsive=\"true\"><\/ins>\r\n<script>\r\n     (adsbygoogle = window.adsbygoogle || []).push({});\r\n<\/script><\/div><\/div>","protected":false},"excerpt":{"rendered":"<p>Vlada planira dodatno porezno rasteretiti gra\u0111ane. Za svu hranu stopa PDV-a smanjit \u0107e se s 25 na 13 posto, smanjit \u0107e se i porezi na dohodak i dobit.<\/p>\n","protected":false},"author":1,"featured_media":26014,"comment_status":"closed","ping_status":"closed","sticky":false,"template":"","format":"standard","meta":{"footnotes":""},"categories":[9],"tags":[888,2260,18,2332,112],"class_list":["post-39418","post","type-post","status-publish","format-standard","has-post-thumbnail","hentry","category-vijesti","tag-andrej-plenkovic","tag-izbori-2020","tag-mirovine","tag-pdv","tag-vlada"],"_links":{"self":[{"href":"https:\/\/www.mojevrijeme.hr\/magazin\/wp-json\/wp\/v2\/posts\/39418","targetHints":{"allow":["GET"]}}],"collection":[{"href":"https:\/\/www.mojevrijeme.hr\/magazin\/wp-json\/wp\/v2\/posts"}],"about":[{"href":"https:\/\/www.mojevrijeme.hr\/magazin\/wp-json\/wp\/v2\/types\/post"}],"author":[{"embeddable":true,"href":"https:\/\/www.mojevrijeme.hr\/magazin\/wp-json\/wp\/v2\/users\/1"}],"replies":[{"embeddable":true,"href":"https:\/\/www.mojevrijeme.hr\/magazin\/wp-json\/wp\/v2\/comments?post=39418"}],"version-history":[{"count":0,"href":"https:\/\/www.mojevrijeme.hr\/magazin\/wp-json\/wp\/v2\/posts\/39418\/revisions"}],"wp:featuredmedia":[{"embeddable":true,"href":"https:\/\/www.mojevrijeme.hr\/magazin\/wp-json\/wp\/v2\/media\/26014"}],"wp:attachment":[{"href":"https:\/\/www.mojevrijeme.hr\/magazin\/wp-json\/wp\/v2\/media?parent=39418"}],"wp:term":[{"taxonomy":"category","embeddable":true,"href":"https:\/\/www.mojevrijeme.hr\/magazin\/wp-json\/wp\/v2\/categories?post=39418"},{"taxonomy":"post_tag","embeddable":true,"href":"https:\/\/www.mojevrijeme.hr\/magazin\/wp-json\/wp\/v2\/tags?post=39418"}],"curies":[{"name":"wp","href":"https:\/\/api.w.org\/{rel}","templated":true}]}}