{"id":39654,"date":"2020-08-08T09:47:47","date_gmt":"2020-08-08T07:47:47","guid":{"rendered":"https:\/\/www.mojevrijeme.hr\/magazin\/?p=39654"},"modified":"2020-08-08T09:48:30","modified_gmt":"2020-08-08T07:48:30","slug":"dw-laznim-vijestima-o-koronavirusu-rusija-pokusava-destabilizirati-europsku-uniju","status":"publish","type":"post","link":"https:\/\/www.mojevrijeme.hr\/magazin\/2020\/08\/dw-laznim-vijestima-o-koronavirusu-rusija-pokusava-destabilizirati-europsku-uniju\/","title":{"rendered":"DW: La\u017enim vijestima o koronavirusu Rusija poku\u0161ava destabilizirati Europsku uniju"},"content":{"rendered":"\n<p>Dobro do\u0161li u svijet <em>korona-fake-news<\/em>. U tom svijetu je &#8220;korona virus ciljani akt bio-terorizma kojim NATO \u017eeli pobijediti Rusiju. Njegovo \u0161irenje u Italiji moglo je biti zaustavljeno samo zahvaljaju\u0107i ruskoj pomo\u0107i. Rusko cjepivo protiv korone je ve\u0107 odavno spremno, pranje ruku kao prevencija pandemije je beskorisno, COVID-19 je normalni val gripe, a iza svega toga su skriveni planovi Bila Gatesa o vladavini svijetom&#8221;.<\/p>\n\n\n\n<p>U vrtlogu straha od korona virusa ve\u0107 odavno se pro\u0161irila jedna druga po\u0161ast: tzv. &#8220;infodemija&#8221;. Od otkri\u0107a korona virusa Sars-Cov-2 teorije zavjera, la\u017ene informacije i glasine ni\u010du kao gljive poslije ki\u0161e. Kao i stvarni virus i &#8220;infodemija&#8221; utje\u010de na ljude i mo\u017ee imati opasne posljedice. U me\u0111uvremenu istinski razmjer ove epidemije poluistina i la\u017ei postaje sve jasniji, a akteri koji stoje iza nje sve izra\u017eeniji, analizira <a href=\"https:\/\/www.dw.com\/hr\/kome-koriste-fake-news-o-koroni\/a-54436483\" target=\"_blank\" rel=\"noreferrer noopener\">Deutsche Welle<\/a>.<\/p>\n\n\n\n<h3 class=\"wp-block-heading\">&#8220;Cilj je oslabiti EU&#8221;<\/h3>\n\n\n\n<p>Od kako se virus \u0161iri intenzivirala se borba za utjecaj i poja\u0161njenja na digitalnim platformama. &#8220;Pandemija je perfektno plodno tlo za dezinformacije&#8221;, ka\u017ee Petar Stano u razgovoru za <a rel=\"noreferrer noopener\" href=\"https:\/\/www.dw.com\/hr\/kome-koriste-fake-news-o-koroni\/a-54436483\" target=\"_blank\">DW<\/a>. &#8220;Cilj je potkopati i oslabiti EU&#8221;, ka\u017ee on. Stano je glasnogovornik Europske slu\u017ebe za vanjske poslove i izme\u0111u ostalog je zadu\u017een za dezinformacije i hibridne prijetnje.<\/p><div id=\"mojev-2067129827\" class=\"mojev-u-tekstu mojev-entity-placement\" style=\"margin-left: auto;margin-right: auto;text-align: center;\"><div class=\"mojev-adlabel\">oglas<\/div><div style=\"height: 250px;\"><script async src=\"https:\/\/pagead2.googlesyndication.com\/pagead\/js\/adsbygoogle.js?client=ca-pub-8106111766207173\"\r\n     crossorigin=\"anonymous\"><\/script>\r\n<!-- Prikazni 1 u tekstu -->\r\n<ins class=\"adsbygoogle\"\r\n     style=\"display:block\"\r\n     data-ad-client=\"ca-pub-8106111766207173\"\r\n     data-ad-slot=\"8535551207\"\r\n     data-ad-format=\"auto\"\r\n     data-full-width-responsive=\"true\"><\/ins>\r\n<script>\r\n     (adsbygoogle = window.adsbygoogle || []).push({});\r\n<\/script><\/div><\/div><br style=\"clear: both; display: block; float: none;\"\/>\n\n\n\n<p>Od kako je virus stigao u Europu njegov tim je ve\u0107 registrirao vi\u0161e od 600 slu\u010dajeva dezinfomracija o virusu korona u bazi podatataka EUvsDisinfo i to samo vezano za Europu. Arsenal digitalnih dezinformacija je raznolik: Tako je <strong>posijano nepovjerenje prema zdravstvenim sustavima<\/strong>, donositelji politi\u010dkih odluka su predstavljeni kao slabi, demokratske institucije kao nesposobne, a Europa kao podijeljena.<\/p>\n\n\n\n<p>Ponekad se izjave i \u010dinjenice izvade iz konteksta i iznova kombiniraju, nekada se <strong>neukusno i drsko la\u017ee<\/strong>. Obje varijante imaju potencijal, posije se sumnja i \u010dak ugro\u017eava ljudske \u017eivote.<\/p>\n\n\n\n<h3 class=\"wp-block-heading\">Veliki doseg <em>fake newsa<\/em><\/h3>\n\n\n\n<p>Tako su zbog la\u017enih vijesti da <strong>mobilna mre\u017ea 5G uzrokuje COVID-19<\/strong>, zabilje\u017eeni vandalizmi na stupovima za mobilnu mre\u017eu u Belgiji, Velikoj Britaniji i Nizozemskoj. A ako se dovedu u pitanje pravila higijene poput pranja ruku ili dr\u017eanja distance onda &#8220;takve poruke mogu biti smrtonosne&#8221;, ka\u017ee Stano.<\/p>\n\n\n\n<p>On smatra da je posebno pogo\u0111ena regija Balkan. Tamo &#8220;akteri ruske propagande poku\u0161avaju stvoriti nesigurnost i sprije\u010diti planirani pristup EU-u&#8221;, vjeruje Stano. Dodu\u0161e, kako ka\u017ee, ne postoje jasni dokazi o u\u010dinku propagandnih metoda, ali postoje neke indicije.<\/p>\n\n\n\n<p>U jednoj aktualnoj studiji istra\u017eiva\u010di sa Sveu\u010dili\u0161ta Oxford su uspjeli dokazati vode\u0107u ulogu dr\u017eavnih ruskih medija. Prilozi o temi korone, koji su objavljeni na francuskom, njema\u010dkom i \u0161panjolskom, imali su prosje\u010dno ve\u0107u stopu interakcije nego \u010dlanci u nacionalnim vode\u0107im medijima poput &#8220;Le Monda&#8221;, &#8220;Der Spiegela&#8221; i &#8220;El Paisa&#8221;.<\/p>\n\n\n\n<p><strong>Christian Schwieter<\/strong>, koautor studije, obja\u0161njava za\u0161to: &#8220;Mediji poput <strong>Russia Today (RT)<\/strong> \u010desto izvje\u0161tavaju o socijalnim protestima i temama koje uzburkavaju. Emocionalno izvje\u0161tavanje provocira vi\u0161e reakcija na dru\u0161tvenim mre\u017eama&#8221;, ka\u017ee ovaj istra\u017eiva\u010d iz Njema\u010dke koji je zajedno sa svojim kolegama analizirao pisanje 35.856 \u010dlanaka na tri jezika.<\/p>\n\n\n\n<h3 class=\"wp-block-heading\">Po\u0161iljalac nepoznat<\/h3>\n\n\n\n<p>Prema istra\u017eivanjima sa Oxforda ruski dr\u017eavni mediji posebice op\u0161irno izvje\u0161tavaju o anti-korona protestima i teorijama zavjere. Kineski i turski dr\u017eavni mediji nagla\u0161avaju radije navodni uzorni odnos prema epidemiji u svojim zemljama. HispanTV, ogranak iranske dr\u017eavne televizije \u201cIRIB\u201d na \u0161anjolskom jeziku, je iskoristio pandemiju, prema ocjenama istra\u017eiva\u010dkog tima, kako bi pro\u0161irio kriti\u010dke glasove prema SAD-u.<\/p>\n\n\n\n<p>Ipak postoje napadi bez jasne identifikacije po\u0161iljatelja. Tako portali vijesti InfoRos, InfoBrics.org kao i OneWorld.Press \u0161ire informacije o pandemiji korona virusom, koje prema saznanjima slu\u017ebenika ameri\u010dke vlade imaju svoje izvore u ruskoj vojnoj tajnoj slu\u017ebi GRU.<\/p>\n\n\n\n<p>&#8220;New York Times&#8221; kao i novinska agencija AP su izvje\u0161tavali o odgovaraju\u0107im naznakama iz krugova ameri\u010dkih tajnih slu\u017ebi prema kojima se \u0161irenje la\u017enih informacija na ovim platformama mo\u017ee pripisati dvjema osobama koje su imale vezu sa GRU. Na ovaj na\u010din bi trebalo stvoriti zbrku uo\u010di ameri\u010dkih predsjedni\u010dkih izbora u studenom. To je, kako se navodi, dalji razvoj ruske propagandne taktike, koja je ve\u0107 kori\u0161tena u ameri\u010dkoj predizbornoj kampanji 2016. godine.<\/p>\n\n\n\n<h3 class=\"wp-block-heading\">Skrenuti pa\u017enju s pandemije<\/h3>\n\n\n\n<p>U Rusiji se ovakvi izvje\u0161taji \u010desto primaju k znanju slijeganjem ramenima. &#8220;Jo\u0161 jedna porcija <em>fake news<\/em> iz NYT&#8221;, objavila je dr\u017eavna televizija Vesti.ru. Publikacije su na pogre\u0161an na\u010din stavljene u kontekst mije\u0161anja u ameri\u010dku predizbornu kampanju, rekao je <strong>Andrei Ilja\u0161enko<\/strong>, glavni urednik InfoRos-a. Pro\u0161lost Denisa Tjurina i Alexandra Starunskija, kao navodnih ljudi u pozadini ruske vojne tajne slu\u017ebe GRU, nije uop\u0107e dokazana, glasi komentar u Vesti.ru. Pri\u010da, kako se dalje navodi, nije ni\u0161ta drugo nego poku\u0161aj da se skrene pa\u017enja s vlastitih problema vezanih uz pandemiju. I ruski stru\u010dnjaci koji slove kao neovisni su skepti\u010dni kada je rije\u010d o posljednjim publikacijama o la\u017enim vijestima iz Rusije. &#8220;Je li vojska umije\u0161ana u strate\u0161ku dezinformacijsku kampanju o virusu korona? Ne vjerujem&#8221;, ka\u017ee <strong>Ivan Sassurskij<\/strong> u razgovoru za <a href=\"https:\/\/www.dw.com\/hr\/kome-koriste-fake-news-o-koroni\/a-54436483\" target=\"_blank\" rel=\"noreferrer noopener\">DW<\/a>.<\/p>\n\n\n\n<p>Sassurskij je \u0161ef Katedre za nove medije i teorije komunikacije na Sveu\u010dili\u0161tu Lomonosov u Moskvi. Objavljene informacije tajnih slu\u017ebi ne zna\u010de automatski da je rije\u010d o vjerodostojnom izvoru, ka\u017ee on. &#8220;Ni izdaleka nije mogu\u0107e sve objasniti \u2018rukom Moskve\u2019&#8221;, ka\u017ee Sassurskj. &#8220;Na predsjedni\u010dkim izborima u SAD-u se puno govorilo o ruskom utjecaju, ali se samo rijetko radilo sa verificiranim informacijama. Ra\u010duna se s tim da ameri\u010dka predizborna kampanja sama proizvodi mno\u0161tvo la\u017enih vijesti&#8221;, ka\u017ee on.<\/p>\n\n\n\n<h3 class=\"wp-block-heading\">\u017delja za osvetom<\/h3>\n\n\n\n<p>Aktuelna ruska propaganda se razlikuje pri tome u osnovi od starog sovjetskog stila: &#8220;Umjesto propagiranja vjere u komunisti\u010dki napredak, dana\u0161nje dezinformacijske kampanje poku\u0161avaju potkopati povjerenje u racionalno rje\u0161avanje problema&#8221;, smatra ruski medijski analiti\u010dar <strong>Andrej Arhangelskij<\/strong>. &#8220;To nije samo poku\u0161aj diskreditacije demokracije, ve\u0107 i \u017eelja Kremlja da se demokraciji osveti za propast sovjetskog projekta&#8221;, tvrdi on. Brojne <em>fake news<\/em> su, kako dalje ka\u017ee, razumljive ako se razmisli o tom motivu.<\/p>\n\n\n\n<p>Peter Stano je uvjeren da se u ratu u glavama mo\u017ee pobijediti samo dru\u0161tvenim naporima. &#8220;Civilno dru\u0161tvo je pozvano, svi mi moramo reagirati&#8221;, ka\u017ee on. &#8220;Jedan od na\u010dina borbe protiv \u0161irenja dezinformacija se sastoji u tome da se pove\u0107a medijska pismenost stanovni\u0161tva i da se s vi\u0161e kritike preispituju izvori na internetu&#8221;, ka\u017ee Stano.<\/p>\n<div id=\"mojev-4132794084\" class=\"mojev-kraj-teksta mojev-entity-placement\" style=\"margin-bottom: 20px;margin-left: auto;margin-right: auto;text-align: center;\"><div class=\"mojev-adlabel\">oglas<\/div><div style=\"height: 250px;\"><script async src=\"https:\/\/pagead2.googlesyndication.com\/pagead\/js\/adsbygoogle.js?client=ca-pub-8106111766207173\"\r\n     crossorigin=\"anonymous\"><\/script>\r\n<!-- Display-1 -->\r\n<ins class=\"adsbygoogle\"\r\n     style=\"display:block\"\r\n     data-ad-client=\"ca-pub-8106111766207173\"\r\n     data-ad-slot=\"1465712950\"\r\n     data-ad-format=\"auto\"\r\n     data-full-width-responsive=\"true\"><\/ins>\r\n<script>\r\n     (adsbygoogle = window.adsbygoogle || []).push({});\r\n<\/script><\/div><\/div>","protected":false},"excerpt":{"rendered":"<p>Ponekad se izjave i \u010dinjenice izvade iz konteksta i iznova kombiniraju, nekada se neukusno i drsko la\u017ee. Obje varijante imaju potencijal, posije se sumnja i \u010dak ugro\u017eava ljudske \u017eivote.<\/p>\n","protected":false},"author":1,"featured_media":39659,"comment_status":"closed","ping_status":"closed","sticky":false,"template":"","format":"standard","meta":{"footnotes":""},"categories":[9],"tags":[982,2046,1333],"class_list":["post-39654","post","type-post","status-publish","format-standard","has-post-thumbnail","hentry","category-vijesti","tag-fake-news","tag-korona-virus","tag-medijska-pismenost"],"_links":{"self":[{"href":"https:\/\/www.mojevrijeme.hr\/magazin\/wp-json\/wp\/v2\/posts\/39654","targetHints":{"allow":["GET"]}}],"collection":[{"href":"https:\/\/www.mojevrijeme.hr\/magazin\/wp-json\/wp\/v2\/posts"}],"about":[{"href":"https:\/\/www.mojevrijeme.hr\/magazin\/wp-json\/wp\/v2\/types\/post"}],"author":[{"embeddable":true,"href":"https:\/\/www.mojevrijeme.hr\/magazin\/wp-json\/wp\/v2\/users\/1"}],"replies":[{"embeddable":true,"href":"https:\/\/www.mojevrijeme.hr\/magazin\/wp-json\/wp\/v2\/comments?post=39654"}],"version-history":[{"count":0,"href":"https:\/\/www.mojevrijeme.hr\/magazin\/wp-json\/wp\/v2\/posts\/39654\/revisions"}],"wp:featuredmedia":[{"embeddable":true,"href":"https:\/\/www.mojevrijeme.hr\/magazin\/wp-json\/wp\/v2\/media\/39659"}],"wp:attachment":[{"href":"https:\/\/www.mojevrijeme.hr\/magazin\/wp-json\/wp\/v2\/media?parent=39654"}],"wp:term":[{"taxonomy":"category","embeddable":true,"href":"https:\/\/www.mojevrijeme.hr\/magazin\/wp-json\/wp\/v2\/categories?post=39654"},{"taxonomy":"post_tag","embeddable":true,"href":"https:\/\/www.mojevrijeme.hr\/magazin\/wp-json\/wp\/v2\/tags?post=39654"}],"curies":[{"name":"wp","href":"https:\/\/api.w.org\/{rel}","templated":true}]}}