{"id":40182,"date":"2020-09-03T11:55:36","date_gmt":"2020-09-03T09:55:36","guid":{"rendered":"https:\/\/www.mojevrijeme.hr\/magazin\/?p=40182"},"modified":"2020-09-03T11:55:37","modified_gmt":"2020-09-03T09:55:37","slug":"u-zagrebu-novih-79-slucajeva-gradski-stozer-kaze-da-nema-zarista","status":"publish","type":"post","link":"https:\/\/www.mojevrijeme.hr\/magazin\/2020\/09\/u-zagrebu-novih-79-slucajeva-gradski-stozer-kaze-da-nema-zarista\/","title":{"rendered":"U Zagrebu novih 79 slu\u010dajeva, gradski Sto\u017eer ka\u017ee da nema \u017eari\u0161ta"},"content":{"rendered":"\n<p>Tijekom ju\u010dera\u0161njeg dana u Zagrebu je zabilje\u017eeno 79 novih slu\u010dajeva zaraze koronavirusom od 555 analiziranih testova, a posljedi\u010dno time za 196 osoba izre\u010dena je mjera samoizolacije.<\/p>\n\n\n\n<p>Od novih slu\u010daja zaraze, 10 je negativne epidemiolo\u0161ke anamneze, 7-ero je virusu bilo izlo\u017eeno tijekom godi\u0161njih odmora, jedna osoba je zara\u017eena na svadbi, 12 je uvoza iz BiH, a 41 su kontakti prethodno zara\u017eenih osoba. <\/p>\n\n\n\n<p>Tako\u0111er je 51 osoba vi\u0161e oporavljena od prethodnog dana, tako da je aktivnih slu\u010dajeva 611, izvijestio je gradski Sto\u017eer civilne za\u0161tite uz napomenu da u Zagrebu nema \u017eari\u0161ta tako da ni nema potreba za uvo\u0111enjem nekih dodatnih mjera. U samoizolaciji se ukupno nalazi 1 745 osoba i nije zabilje\u017een niti jedan slu\u010daj kr\u0161enja mjera Nacionalnog sto\u017eera.<\/p><div id=\"mojev-2191937529\" class=\"mojev-u-tekstu mojev-entity-placement\" style=\"margin-left: auto;margin-right: auto;text-align: center;\"><div class=\"mojev-adlabel\">oglas<\/div><div style=\"height: 250px;\"><script async src=\"https:\/\/pagead2.googlesyndication.com\/pagead\/js\/adsbygoogle.js?client=ca-pub-8106111766207173\"\r\n     crossorigin=\"anonymous\"><\/script>\r\n<!-- Prikazni 1 u tekstu -->\r\n<ins class=\"adsbygoogle\"\r\n     style=\"display:block\"\r\n     data-ad-client=\"ca-pub-8106111766207173\"\r\n     data-ad-slot=\"8535551207\"\r\n     data-ad-format=\"auto\"\r\n     data-full-width-responsive=\"true\"><\/ins>\r\n<script>\r\n     (adsbygoogle = window.adsbygoogle || []).push({});\r\n<\/script><\/div><\/div><br style=\"clear: both; display: block; float: none;\"\/>\n<div id=\"mojev-776397209\" class=\"mojev-kraj-teksta mojev-entity-placement\" style=\"margin-bottom: 20px;margin-left: auto;margin-right: auto;text-align: center;\"><div class=\"mojev-adlabel\">oglas<\/div><div style=\"height: 250px;\"><script async src=\"https:\/\/pagead2.googlesyndication.com\/pagead\/js\/adsbygoogle.js?client=ca-pub-8106111766207173\"\r\n     crossorigin=\"anonymous\"><\/script>\r\n<!-- Display-1 -->\r\n<ins class=\"adsbygoogle\"\r\n     style=\"display:block\"\r\n     data-ad-client=\"ca-pub-8106111766207173\"\r\n     data-ad-slot=\"1465712950\"\r\n     data-ad-format=\"auto\"\r\n     data-full-width-responsive=\"true\"><\/ins>\r\n<script>\r\n     (adsbygoogle = window.adsbygoogle || []).push({});\r\n<\/script><\/div><\/div>","protected":false},"excerpt":{"rendered":"<p>U samoizolaciji se ukupno nalazi 1 745 osoba i nije zabilje\u017een niti jedan slu\u010daj kr\u0161enja mjera Nacionalnog sto\u017eera.<\/p>\n","protected":false},"author":1,"featured_media":39833,"comment_status":"closed","ping_status":"closed","sticky":false,"template":"","format":"standard","meta":{"footnotes":""},"categories":[9],"tags":[2046,39],"class_list":["post-40182","post","type-post","status-publish","format-standard","has-post-thumbnail","hentry","category-vijesti","tag-korona-virus","tag-zagreb"],"_links":{"self":[{"href":"https:\/\/www.mojevrijeme.hr\/magazin\/wp-json\/wp\/v2\/posts\/40182","targetHints":{"allow":["GET"]}}],"collection":[{"href":"https:\/\/www.mojevrijeme.hr\/magazin\/wp-json\/wp\/v2\/posts"}],"about":[{"href":"https:\/\/www.mojevrijeme.hr\/magazin\/wp-json\/wp\/v2\/types\/post"}],"author":[{"embeddable":true,"href":"https:\/\/www.mojevrijeme.hr\/magazin\/wp-json\/wp\/v2\/users\/1"}],"replies":[{"embeddable":true,"href":"https:\/\/www.mojevrijeme.hr\/magazin\/wp-json\/wp\/v2\/comments?post=40182"}],"version-history":[{"count":0,"href":"https:\/\/www.mojevrijeme.hr\/magazin\/wp-json\/wp\/v2\/posts\/40182\/revisions"}],"wp:featuredmedia":[{"embeddable":true,"href":"https:\/\/www.mojevrijeme.hr\/magazin\/wp-json\/wp\/v2\/media\/39833"}],"wp:attachment":[{"href":"https:\/\/www.mojevrijeme.hr\/magazin\/wp-json\/wp\/v2\/media?parent=40182"}],"wp:term":[{"taxonomy":"category","embeddable":true,"href":"https:\/\/www.mojevrijeme.hr\/magazin\/wp-json\/wp\/v2\/categories?post=40182"},{"taxonomy":"post_tag","embeddable":true,"href":"https:\/\/www.mojevrijeme.hr\/magazin\/wp-json\/wp\/v2\/tags?post=40182"}],"curies":[{"name":"wp","href":"https:\/\/api.w.org\/{rel}","templated":true}]}}