{"id":40187,"date":"2020-09-03T14:44:14","date_gmt":"2020-09-03T12:44:14","guid":{"rendered":"https:\/\/www.mojevrijeme.hr\/magazin\/?p=40187"},"modified":"2020-09-03T14:44:52","modified_gmt":"2020-09-03T12:44:52","slug":"petrovic-suh-i-fortuna-muh-su-obisle-ministra-izlozile-su-mu-niz-prijedloga-i-zahtjeva","status":"publish","type":"post","link":"https:\/\/www.mojevrijeme.hr\/magazin\/2020\/09\/petrovic-suh-i-fortuna-muh-su-obisle-ministra-izlozile-su-mu-niz-prijedloga-i-zahtjeva\/","title":{"rendered":"Petrovi\u0107 (SUH) i Fortuna (MUH) na sastanku s ministrom Aladrovi\u0107em"},"content":{"rendered":"\n<p>Predsjednice umirovljeni\u010dkih udruga Sindikata umirovljenika Hrvatske i Matice umirovljenika Hrvatske, Jasna A. Petrovi\u0107 i Vi\u0161nja Fortuna, u srijedu su razgovarale s ministrom rada, mirovinskog sustava, obitelji i socijalne politike Josipom Aladrovi\u0107em. <\/p>\n\n\n\n<p>Tema sastanka bila je uspostava novog Nacionalnog vije\u0107a za umirovljenike i starije osobe kao savjetodavnog tijela Vlade RH za sva pitanja od interesa za umirovljenike.<\/p>\n\n\n\n<p>Tako\u0111er, razgovaralo se o drugim prijedlozima SUH-a i MUH-a vezanima za uskla\u0111ivanje mirovina te pobolj\u0161anju kvalitete \u017eivota umirovljenika za vrijeme pandemije koronavirusa. Predsjednice su predlo\u017eile da se jednokratno isplati dodatak solidarnosti za umirovljenike i to u iznosima obrnuto proporcionalnima visini mirovine. Tako bi siroma\u0161niji dobili vi\u0161e, a oni s vi\u0161im mirovinama manje.<\/p><div id=\"mojev-3471199715\" class=\"mojev-u-tekstu mojev-entity-placement\" style=\"margin-left: auto;margin-right: auto;text-align: center;\"><div class=\"mojev-adlabel\">oglas<\/div><div style=\"height: 250px;\"><script async src=\"https:\/\/pagead2.googlesyndication.com\/pagead\/js\/adsbygoogle.js?client=ca-pub-8106111766207173\"\r\n     crossorigin=\"anonymous\"><\/script>\r\n<!-- Prikazni 1 u tekstu -->\r\n<ins class=\"adsbygoogle\"\r\n     style=\"display:block\"\r\n     data-ad-client=\"ca-pub-8106111766207173\"\r\n     data-ad-slot=\"8535551207\"\r\n     data-ad-format=\"auto\"\r\n     data-full-width-responsive=\"true\"><\/ins>\r\n<script>\r\n     (adsbygoogle = window.adsbygoogle || []).push({});\r\n<\/script><\/div><\/div><br style=\"clear: both; display: block; float: none;\"\/>\n\n\n\n<p>Tako\u0111er, pozvale su ministra da se zalo\u017ei u Vladi za produljenje odgode ovr\u0161avanja mirovina sve dok se ne donese po hitnom postupku kvalitetniji Ovr\u0161ni zakon. Nadalje, nakon dugotrajnog lobiranja umirovljeni\u010dkih udruga, ministar je potvrdio da su se stekli uvjeti da se vlasni\u010dka prava nad \u017eupanijskim domovima &#8220;spuste&#8221; sa HZMO-a na \u017eupanije, \u010dime \u0107e se dati poticaj pro\u0161irenju kapaciteta i pobolj\u0161anju smje\u0161taja.<\/p>\n\n\n\n<p>Razgovaralo se i o potrebi unapre\u0111enja modela uskla\u0111ivanja, kako bi se zaustavio pad udjela prosje\u010dne mirovine u prosje\u010dnoj pla\u0107i koji sada iznosi 37,3 posto te je zatra\u017eeno da se preispitaju posljednja dva izra\u010duna indeksacije zbog promjene metodologije i retroaktivne promjene iznosa prosje\u010dne bruto pla\u0107e. Dogovoreno je kako \u0107e se nastaviti i promi\u0161ljanje novog modela obiteljske mirovine.<\/p>\n\n\n\n<p>Naposljetku, usugla\u0161eno je da \u0107e se 1. listopada 2020. godine, na Me\u0111unarodni dan starijih osoba, odr\u017eati sve\u010dana konstituiraju\u0107a sjednica Nacionalnog vije\u0107a za umirovljenike i starije osobe.<\/p>\n<div id=\"mojev-1881094649\" class=\"mojev-kraj-teksta mojev-entity-placement\" style=\"margin-bottom: 20px;margin-left: auto;margin-right: auto;text-align: center;\"><div class=\"mojev-adlabel\">oglas<\/div><div style=\"height: 250px;\"><script async src=\"https:\/\/pagead2.googlesyndication.com\/pagead\/js\/adsbygoogle.js?client=ca-pub-8106111766207173\"\r\n     crossorigin=\"anonymous\"><\/script>\r\n<!-- Display-1 -->\r\n<ins class=\"adsbygoogle\"\r\n     style=\"display:block\"\r\n     data-ad-client=\"ca-pub-8106111766207173\"\r\n     data-ad-slot=\"1465712950\"\r\n     data-ad-format=\"auto\"\r\n     data-full-width-responsive=\"true\"><\/ins>\r\n<script>\r\n     (adsbygoogle = window.adsbygoogle || []).push({});\r\n<\/script><\/div><\/div>","protected":false},"excerpt":{"rendered":"<p>Pozvale su ministra da se zalo\u017ei u Vladi za produljenje odgode ovr\u0161avanja mirovina sve dok se ne donese po hitnom postupku kvalitetniji Ovr\u0161ni zakon. <\/p>\n","protected":false},"author":1,"featured_media":40188,"comment_status":"closed","ping_status":"closed","sticky":false,"template":"","format":"standard","meta":{"footnotes":""},"categories":[9],"tags":[684,1804,583,167,1221],"class_list":["post-40187","post","type-post","status-publish","format-standard","has-post-thumbnail","hentry","category-vijesti","tag-jasna-petrovic","tag-josip-aladrovic","tag-matica-umirovljenika-hrvatske","tag-sindikat-umirovljenika","tag-visnja-fortuna"],"_links":{"self":[{"href":"https:\/\/www.mojevrijeme.hr\/magazin\/wp-json\/wp\/v2\/posts\/40187","targetHints":{"allow":["GET"]}}],"collection":[{"href":"https:\/\/www.mojevrijeme.hr\/magazin\/wp-json\/wp\/v2\/posts"}],"about":[{"href":"https:\/\/www.mojevrijeme.hr\/magazin\/wp-json\/wp\/v2\/types\/post"}],"author":[{"embeddable":true,"href":"https:\/\/www.mojevrijeme.hr\/magazin\/wp-json\/wp\/v2\/users\/1"}],"replies":[{"embeddable":true,"href":"https:\/\/www.mojevrijeme.hr\/magazin\/wp-json\/wp\/v2\/comments?post=40187"}],"version-history":[{"count":0,"href":"https:\/\/www.mojevrijeme.hr\/magazin\/wp-json\/wp\/v2\/posts\/40187\/revisions"}],"wp:featuredmedia":[{"embeddable":true,"href":"https:\/\/www.mojevrijeme.hr\/magazin\/wp-json\/wp\/v2\/media\/40188"}],"wp:attachment":[{"href":"https:\/\/www.mojevrijeme.hr\/magazin\/wp-json\/wp\/v2\/media?parent=40187"}],"wp:term":[{"taxonomy":"category","embeddable":true,"href":"https:\/\/www.mojevrijeme.hr\/magazin\/wp-json\/wp\/v2\/categories?post=40187"},{"taxonomy":"post_tag","embeddable":true,"href":"https:\/\/www.mojevrijeme.hr\/magazin\/wp-json\/wp\/v2\/tags?post=40187"}],"curies":[{"name":"wp","href":"https:\/\/api.w.org\/{rel}","templated":true}]}}