{"id":40228,"date":"2020-09-05T18:49:59","date_gmt":"2020-09-05T16:49:59","guid":{"rendered":"https:\/\/www.mojevrijeme.hr\/magazin\/?p=40228"},"modified":"2020-09-13T12:04:58","modified_gmt":"2020-09-13T10:04:58","slug":"milanovic-o-festivalu-slobode-obilaske-domova-nazvao-idiotskim-to-je-katastrofa","status":"publish","type":"post","link":"https:\/\/www.mojevrijeme.hr\/magazin\/2020\/09\/milanovic-o-festivalu-slobode-obilaske-domova-nazvao-idiotskim-to-je-katastrofa\/","title":{"rendered":"Milanovi\u0107 o &#8216;Festivalu slobode&#8217;, obilaske domova nazvao idiotskim: &#8216;To je katastrofa!&#8217;"},"content":{"rendered":"\n<p>Predsjednik <strong>Zoran Milanovi\u0107<\/strong> na Rabu je komentirao dana\u0161nji prosvjed protiv protuepidemijskih mjera, a koji se u Zagrebu odr\u017eao pod nazivom &#8220;Festival slobode&#8221;.<\/p>\n\n\n\n<p>&#8220;To je demokracija. Me\u0111utim, po meni je <strong>idiokracija<\/strong> <a rel=\"noreferrer noopener\" href=\"https:\/\/www.mojevrijeme.hr\/magazin\/2020\/09\/organizatori-festivala-slobode-najranjivijoj-skupini-porucivali-nije-ovo-strasna-bolest-lijecnici-su-zgrozeni\/\" data-type=\"post\" data-id=\"40215\" target=\"_blank\">oti\u0107i pred stara\u010dke domove<\/a>, ba\u0161 pred domove za starije osobe. O tome govorim od prvog dana: stariji i bolesni su oni o kojima moramo brinuti, a ne tinejd\u017eeri, ne moja generacija. Oti\u0107i pred domove umirovljenika i govoriti im kako je korona ma\u010dji ka\u0161alj? To sam vidio da rade. To je katastrofa. Ovo drugo, ako ljudi prosvjeduju protiv maski, to je u redu. Pa \u0161to?&#8221;<\/p>\n\n\n\n<p>Naime, prije okupljanja na Trgu bana Jela\u010di\u0107a, aktivisti inicijative &#8220;Prava i slobode&#8221; su otvorenim autobusom, a koji svake godine vidimo i u povorci konzervativne manifestacije Hod za \u017eivot, obilazili domove umirovljenika u Zagrebu. <\/p><div id=\"mojev-655102835\" class=\"mojev-u-tekstu mojev-entity-placement\" style=\"margin-left: auto;margin-right: auto;text-align: center;\"><div class=\"mojev-adlabel\">oglas<\/div><div style=\"height: 250px;\"><script async src=\"https:\/\/pagead2.googlesyndication.com\/pagead\/js\/adsbygoogle.js?client=ca-pub-8106111766207173\"\r\n     crossorigin=\"anonymous\"><\/script>\r\n<!-- Prikazni 1 u tekstu -->\r\n<ins class=\"adsbygoogle\"\r\n     style=\"display:block\"\r\n     data-ad-client=\"ca-pub-8106111766207173\"\r\n     data-ad-slot=\"8535551207\"\r\n     data-ad-format=\"auto\"\r\n     data-full-width-responsive=\"true\"><\/ins>\r\n<script>\r\n     (adsbygoogle = window.adsbygoogle || []).push({});\r\n<\/script><\/div><\/div><br style=\"clear: both; display: block; float: none;\"\/>\n\n\n\n<p>Na snimci koju su objavili na svojoj Facebook stranici vidljiv je pjeva\u010d&nbsp;<strong>Toni Cetinski<\/strong>&nbsp;kako pu\u0161ta glazbu pred institucijama za skrb o starijima. \u201cRavnatelju, vratite ljudima pjevanje, gimnastiku i \u017eivot. <strong>Nije ovo tako stra\u0161na bolest<\/strong> da se ne mo\u017eemo dru\u017eiti i veseliti. Pjesma nam je sve. Pjesma je \u017eivot\u201d, poru\u010dili su najranjivijoj skupini. <\/p>\n\n\n\n<h3 class=\"wp-block-heading\">\u0160to Milanovi\u0107 ka\u017ee o mjerama? <\/h3>\n\n\n\n<p>&#8220;Treba biti discipliniraniji&nbsp;nego ina\u010de. To je jedina mjera. Dakle, oprezno, dr\u017eati razmak, ne okupljati se u skupine, ne i\u0107i u zatvorene prostore. To je bilo jasno ve\u0107 nekoliko nekoliko tjedana. I to \u0107e trajati&#8221;, izjavio je predsjednik.<\/p>\n\n\n\n<p>O onima koji misle da koronavirus ne postoji predsjednik ka\u017ee: &#8220;Tu ima ljudi koji su, kako je to Donald Trump rekao, <em>very fine people<\/em>. Naprosto ne \u017eele da im se ulazi u intimni prostor s odlukama. A ima i ljudi koji su <strong>s koca i konopca<\/strong>. <em>Sorry<\/em>.&#8221;<\/p>\n\n\n\n<div id=\"crveno\"><\/p>\n\n\n\n<h3 class=\"wp-block-heading\">\u0160to je to idiokracija?<\/h3>\n\n\n\n<p>Idiokracija je pogrdni termin za dru\u0161tvo kojim upravljaju ili ga \u010dine idioti.<\/p>\n\n\n\n<p>Idiokracija (engleski: <em>Idiocracy<\/em>) ameri\u010dka je znanstveno-fantasti\u010dna komedija objavljena 2006. godine. Re\u017eirao ju je Mike Judge  po scenariju Etana Cohena. Glavna lica su dvoje tipi\u010dnih ljudi, Joe i Rita, koji se podvrgnu tajnom vojnom eksperimentu hibernacije. No postanu zaboravljeni te se probude tek za 500 godina u budu\u0107nosti. Me\u0111utim, suprotno o\u010dekivanjima, Joe i Rita su silom prilika najinteligentiji ljudi na tom svijetu, koji se u me\u0111uvremenu intelektualno srozao zbog zatupljivanja i galopiraju\u0107e protuintelektualnosti. <\/p>\n\n\n\n<p><\/div>\n\n\n\n<div id=\"crveno\"><\/p>\n\n\n\n<h3 class=\"wp-block-heading\">\u0160to zna\u010di &#8220;s koca i konopca&#8221;?<\/h3>\n\n\n\n<p>Poslovica se referira na osu\u0111enike vje\u0161anjem ili nabijanjem na kolac u Otomanskom carstvu koji su odlazili u rat i plja\u010dka\u0161ke pohode u zamjenu za pomilovanje. Kada se ka\u017ee &#8220;s koca i konopca&#8221; misli se na ljude sumnjive pro\u0161losti i morala. <\/p>\n\n\n\n<p><\/div>\n<div id=\"mojev-2411760210\" class=\"mojev-kraj-teksta mojev-entity-placement\" style=\"margin-bottom: 20px;margin-left: auto;margin-right: auto;text-align: center;\"><div class=\"mojev-adlabel\">oglas<\/div><div style=\"height: 250px;\"><script async src=\"https:\/\/pagead2.googlesyndication.com\/pagead\/js\/adsbygoogle.js?client=ca-pub-8106111766207173\"\r\n     crossorigin=\"anonymous\"><\/script>\r\n<!-- Display-1 -->\r\n<ins class=\"adsbygoogle\"\r\n     style=\"display:block\"\r\n     data-ad-client=\"ca-pub-8106111766207173\"\r\n     data-ad-slot=\"1465712950\"\r\n     data-ad-format=\"auto\"\r\n     data-full-width-responsive=\"true\"><\/ins>\r\n<script>\r\n     (adsbygoogle = window.adsbygoogle || []).push({});\r\n<\/script><\/div><\/div>","protected":false},"excerpt":{"rendered":"<p>Treba biti discipliniraniji nego ina\u010de. To je jedina mjera. Dakle, oprezno, dr\u017eati razmak, ne okupljati se u skupine, ne i\u0107i u zatvorene prostore, ka\u017ee predsjednik. <\/p>\n","protected":false},"author":1,"featured_media":40150,"comment_status":"closed","ping_status":"closed","sticky":false,"template":"","format":"standard","meta":{"footnotes":""},"categories":[9],"tags":[2420,2046,300],"class_list":["post-40228","post","type-post","status-publish","format-standard","has-post-thumbnail","hentry","category-vijesti","tag-festival-slobode","tag-korona-virus","tag-zoran-milanovic"],"_links":{"self":[{"href":"https:\/\/www.mojevrijeme.hr\/magazin\/wp-json\/wp\/v2\/posts\/40228","targetHints":{"allow":["GET"]}}],"collection":[{"href":"https:\/\/www.mojevrijeme.hr\/magazin\/wp-json\/wp\/v2\/posts"}],"about":[{"href":"https:\/\/www.mojevrijeme.hr\/magazin\/wp-json\/wp\/v2\/types\/post"}],"author":[{"embeddable":true,"href":"https:\/\/www.mojevrijeme.hr\/magazin\/wp-json\/wp\/v2\/users\/1"}],"replies":[{"embeddable":true,"href":"https:\/\/www.mojevrijeme.hr\/magazin\/wp-json\/wp\/v2\/comments?post=40228"}],"version-history":[{"count":0,"href":"https:\/\/www.mojevrijeme.hr\/magazin\/wp-json\/wp\/v2\/posts\/40228\/revisions"}],"wp:featuredmedia":[{"embeddable":true,"href":"https:\/\/www.mojevrijeme.hr\/magazin\/wp-json\/wp\/v2\/media\/40150"}],"wp:attachment":[{"href":"https:\/\/www.mojevrijeme.hr\/magazin\/wp-json\/wp\/v2\/media?parent=40228"}],"wp:term":[{"taxonomy":"category","embeddable":true,"href":"https:\/\/www.mojevrijeme.hr\/magazin\/wp-json\/wp\/v2\/categories?post=40228"},{"taxonomy":"post_tag","embeddable":true,"href":"https:\/\/www.mojevrijeme.hr\/magazin\/wp-json\/wp\/v2\/tags?post=40228"}],"curies":[{"name":"wp","href":"https:\/\/api.w.org\/{rel}","templated":true}]}}