{"id":40257,"date":"2020-09-07T17:54:27","date_gmt":"2020-09-07T15:54:27","guid":{"rendered":"https:\/\/www.mojevrijeme.hr\/magazin\/?p=40257"},"modified":"2020-09-07T17:54:27","modified_gmt":"2020-09-07T15:54:27","slug":"papa-franjo-je-upozorio-na-zlo-uzasnije-od-koronavirusa","status":"publish","type":"post","link":"https:\/\/www.mojevrijeme.hr\/magazin\/2020\/09\/papa-franjo-je-upozorio-na-zlo-uzasnije-od-koronavirusa\/","title":{"rendered":"Papa Franjo je upozorio na &#8216;zlo u\u017easnije od koronavirusa&#8217;"},"content":{"rendered":"\n<p>&#8220;Tra\u010danje i blebetanje je zlo u\u017easnije od panedemije koronavirusa!&#8221; Izjavio je to poglavar Katoli\u010dke crkve tijekom nedjeljne molitve Angelusa sa svog prozora na Trgu sv. Petra u Vatikanu. <\/p>\n\n\n\n<p>&#8220;Kada vidimo da brat ili sestra pogrije\u0161e ili padnu, prvo \u0161to \u010dinimo je da o tome pri\u010damo drugima. Ogovaramo&#8221;, rekao je Franjo. Papa, naime, smatra da bi katolici druge trebali upozoriti da su u\u010dinili gre\u0161ku, nasamo i diskretno.<\/p>\n\n\n\n<p>Objasnio je da ogovaranje naru\u0161ava zajedni\u0161tvo Crkve. \u0160tovi\u0161e, usporedio ga je s \u0111avlom koji ide naokolo i sije la\u017e o drugima kako bi udaljio bra\u0107u i sestre, kako ne bi bili u zajedni\u0161tvu. &#8220;Molim vas, bra\u0107o, nemojmo ogovarati! Ogovaranje je najve\u0107i virus, gori od pandemije koronavirusa!&#8221;<\/p><div id=\"mojev-2477064264\" class=\"mojev-u-tekstu mojev-entity-placement\" style=\"margin-left: auto;margin-right: auto;text-align: center;\"><div class=\"mojev-adlabel\">oglas<\/div><div style=\"height: 250px;\"><script async src=\"https:\/\/pagead2.googlesyndication.com\/pagead\/js\/adsbygoogle.js?client=ca-pub-8106111766207173\"\r\n     crossorigin=\"anonymous\"><\/script>\r\n<!-- Prikazni 1 u tekstu -->\r\n<ins class=\"adsbygoogle\"\r\n     style=\"display:block\"\r\n     data-ad-client=\"ca-pub-8106111766207173\"\r\n     data-ad-slot=\"8535551207\"\r\n     data-ad-format=\"auto\"\r\n     data-full-width-responsive=\"true\"><\/ins>\r\n<script>\r\n     (adsbygoogle = window.adsbygoogle || []).push({});\r\n<\/script><\/div><\/div><br style=\"clear: both; display: block; float: none;\"\/>\n<div id=\"mojev-1797603648\" class=\"mojev-kraj-teksta mojev-entity-placement\" style=\"margin-bottom: 20px;margin-left: auto;margin-right: auto;text-align: center;\"><div class=\"mojev-adlabel\">oglas<\/div><div style=\"height: 250px;\"><script async src=\"https:\/\/pagead2.googlesyndication.com\/pagead\/js\/adsbygoogle.js?client=ca-pub-8106111766207173\"\r\n     crossorigin=\"anonymous\"><\/script>\r\n<!-- Display-1 -->\r\n<ins class=\"adsbygoogle\"\r\n     style=\"display:block\"\r\n     data-ad-client=\"ca-pub-8106111766207173\"\r\n     data-ad-slot=\"1465712950\"\r\n     data-ad-format=\"auto\"\r\n     data-full-width-responsive=\"true\"><\/ins>\r\n<script>\r\n     (adsbygoogle = window.adsbygoogle || []).push({});\r\n<\/script><\/div><\/div>","protected":false},"excerpt":{"rendered":"<p>\u0160tovi\u0161e, usporedio ga je s \u0111avlom koji ide naokolo i sije la\u017e o drugima kako bi udaljio bra\u0107u i sestre, kako ne bi bili u zajedni\u0161tvu.<\/p>\n","protected":false},"author":1,"featured_media":32074,"comment_status":"closed","ping_status":"closed","sticky":false,"template":"","format":"standard","meta":{"footnotes":""},"categories":[2],"tags":[501,1124,1401],"class_list":["post-40257","post","type-post","status-publish","format-standard","has-post-thumbnail","hentry","category-mozaik","tag-ogovaranje","tag-papa-franjo","tag-tracanje"],"_links":{"self":[{"href":"https:\/\/www.mojevrijeme.hr\/magazin\/wp-json\/wp\/v2\/posts\/40257","targetHints":{"allow":["GET"]}}],"collection":[{"href":"https:\/\/www.mojevrijeme.hr\/magazin\/wp-json\/wp\/v2\/posts"}],"about":[{"href":"https:\/\/www.mojevrijeme.hr\/magazin\/wp-json\/wp\/v2\/types\/post"}],"author":[{"embeddable":true,"href":"https:\/\/www.mojevrijeme.hr\/magazin\/wp-json\/wp\/v2\/users\/1"}],"replies":[{"embeddable":true,"href":"https:\/\/www.mojevrijeme.hr\/magazin\/wp-json\/wp\/v2\/comments?post=40257"}],"version-history":[{"count":0,"href":"https:\/\/www.mojevrijeme.hr\/magazin\/wp-json\/wp\/v2\/posts\/40257\/revisions"}],"wp:featuredmedia":[{"embeddable":true,"href":"https:\/\/www.mojevrijeme.hr\/magazin\/wp-json\/wp\/v2\/media\/32074"}],"wp:attachment":[{"href":"https:\/\/www.mojevrijeme.hr\/magazin\/wp-json\/wp\/v2\/media?parent=40257"}],"wp:term":[{"taxonomy":"category","embeddable":true,"href":"https:\/\/www.mojevrijeme.hr\/magazin\/wp-json\/wp\/v2\/categories?post=40257"},{"taxonomy":"post_tag","embeddable":true,"href":"https:\/\/www.mojevrijeme.hr\/magazin\/wp-json\/wp\/v2\/tags?post=40257"}],"curies":[{"name":"wp","href":"https:\/\/api.w.org\/{rel}","templated":true}]}}