{"id":40259,"date":"2020-09-07T22:31:14","date_gmt":"2020-09-07T20:31:14","guid":{"rendered":"https:\/\/www.mojevrijeme.hr\/magazin\/?p=40259"},"modified":"2020-09-07T22:31:56","modified_gmt":"2020-09-07T20:31:56","slug":"hrelja-odlazi-s-cela-hsu-a-kaze-da-ne-zeli-biti-dezurni-krivac-za-sve-nedace-umirovljenika","status":"publish","type":"post","link":"https:\/\/www.mojevrijeme.hr\/magazin\/2020\/09\/hrelja-odlazi-s-cela-hsu-a-kaze-da-ne-zeli-biti-dezurni-krivac-za-sve-nedace-umirovljenika\/","title":{"rendered":"Hrelja odlazi s \u010dela HSU-a. Ka\u017ee da ne \u017eeli biti de\u017eurni krivac za sve neda\u0107e umirovljenika"},"content":{"rendered":"\n<p><em>Predsjednik hrvatske stranke umirovljenika, Silvano Hrelja, javnim se pismom oprostio od svoje strana\u010dke funkcije. Ka\u017ee, ostaje \u010dlan, no moli da ga se vi\u0161e ne kandidira za \u0161efa HSU-a. Pismo prenosimo u cijelosti. <\/em><\/p>\n\n\n\n<p>Ima ve\u0107 12 godina da se dru\u017eimo, sla\u017eemo, borimo i odr\u017eavamo na parlamentarnom \u017eivotu ovo na\u0161e malo \u010dudo koje \u0107e sljede\u0107e godine napuniti 25 godina od osnutka i 18 godina, punoljetnost parlamentarnog \u017eivota.<\/p>\n\n\n\n<p>Smatram da je na\u0161a stranka u tom razdoblju unato\u010d svim preprekama i te\u0161ko\u0107ama koje su dolazile izvana, ali i iznutra svojim djelovanjem jasno prepoznata kao najkompetentnija i najuspje\u0161nija stranka u zastupanju sada\u0161njih i budu\u0107ih umirovljenika.<\/p><div id=\"mojev-2844283714\" class=\"mojev-u-tekstu mojev-entity-placement\" style=\"margin-left: auto;margin-right: auto;text-align: center;\"><div class=\"mojev-adlabel\">oglas<\/div><div style=\"height: 250px;\"><script async src=\"https:\/\/pagead2.googlesyndication.com\/pagead\/js\/adsbygoogle.js?client=ca-pub-8106111766207173\"\r\n     crossorigin=\"anonymous\"><\/script>\r\n<!-- Prikazni 1 u tekstu -->\r\n<ins class=\"adsbygoogle\"\r\n     style=\"display:block\"\r\n     data-ad-client=\"ca-pub-8106111766207173\"\r\n     data-ad-slot=\"8535551207\"\r\n     data-ad-format=\"auto\"\r\n     data-full-width-responsive=\"true\"><\/ins>\r\n<script>\r\n     (adsbygoogle = window.adsbygoogle || []).push({});\r\n<\/script><\/div><\/div><br style=\"clear: both; display: block; float: none;\"\/>\n\n\n\n<p>Znam da sam zna\u010dajni dio sebe ugradio u sve rezultate stranke, sudionik sam svih njezinih uspona i padova i o\u010duvanja parlamentarnog statusa. Ve\u0107em broju kolegica i kolega kao i javnosti rezultati se po\u010dinju podrazumijevati, stvaraju se sve ve\u0107i apetit, i kolektivni i osobni. Stvara se i zlo\u010desto promovira potpuno pogre\u0161an dojam da je jedan \u010dovjek, Silvano Hrelja, kriv i odgovoran za sve neda\u0107e umirovljenika. <\/p>\n\n\n\n<p>Doga\u0111a se to dijelom zbog \u017eelje za politi\u010dkim djelovanjem umirovljeni\u010dkih udruga i dijelom zbog ambicija nezadovoljnika u stranci koji otvoreno koketiraju s ru\u0161ila\u010dkim naporima udruga i marginalnim umirovljeni\u010dkim politi\u010dkim strankama. Svemu navedenome ide u prilog i aktivacija davno otpisanih umirovljenih strana\u010dkih aktivista.<\/p>\n\n\n\n<p>Takva atmosfera u stranci je atmosfera destrukcije i samouni\u0161tenja. U drugi plan padaju interesi radnika i umirovljenika, ideje, projekti, zakonska rje\u0161enja.<\/p>\n\n\n\n<p>Kratko re\u010deno, stranka je u\u0161la u retrogradne procese i dominira stav protiv svega, a naro\u010dito predsjednika stranke. Odlu\u010dio sam tome stati na kraj i svojoj voljenoj stranci omogu\u0107iti da na predstoje\u0107oj izbornoj skup\u0161tini glasaju ZA, a ne PROTIV. ZA najbolje kandidate, ZA one koji su radi\u0161ni, pametni, dobronamjerni i vjeruju u opstanak i napredak HSU-a.<\/p>\n\n\n\n<p>Stoga molim sve \u010dlanice i \u010dlanove stranke, temeljne i \u017eupanijske organizacije HSU-a da MENE NE KANDIDIRAJU ni za jednu strana\u010dku funkciju. Sve vas molim da po\u0161tujete moju odluku bez pitanja &#8220;za\u0161to?&#8221;. To vas najljubaznije kao kolegice i kolege molim.<\/p>\n\n\n\n<p>Ostajem \u010dlan HSU-a, va\u0161 zastupnik, va\u0161a rije\u010d, va\u0161a ruka, va\u0161a dijamantna o\u0161trica i gorljivi parlamentarac. Kao odgovoran \u010dovjek, odradit \u0107u organizaciju Izborne skup\u0161tine uz pomo\u0107 vas, Predsjedni\u0161tva i Sredi\u0161njega odbora na najbolji mogu\u0107i na\u010din vode\u0107i ra\u010duna i o obavezama koje nam name\u0107e pandemija COVID-19. Na taj \u0107u na\u010din dostojanstveno zavr\u0161iti svoj tre\u0107i mandat na \u010delu HSU-a.<\/p>\n\n\n\n<p>Novo rukovodstvo stranke na raspolaganju \u0107e imati sve moje znanje, iskustvo i vje\u0161tine u funkciji napretka stranke i dobrobiti svih gra\u0111ana.<\/p>\n<div id=\"mojev-3602311848\" class=\"mojev-kraj-teksta mojev-entity-placement\" style=\"margin-bottom: 20px;margin-left: auto;margin-right: auto;text-align: center;\"><div class=\"mojev-adlabel\">oglas<\/div><div style=\"height: 250px;\"><script async src=\"https:\/\/pagead2.googlesyndication.com\/pagead\/js\/adsbygoogle.js?client=ca-pub-8106111766207173\"\r\n     crossorigin=\"anonymous\"><\/script>\r\n<!-- Display-1 -->\r\n<ins class=\"adsbygoogle\"\r\n     style=\"display:block\"\r\n     data-ad-client=\"ca-pub-8106111766207173\"\r\n     data-ad-slot=\"1465712950\"\r\n     data-ad-format=\"auto\"\r\n     data-full-width-responsive=\"true\"><\/ins>\r\n<script>\r\n     (adsbygoogle = window.adsbygoogle || []).push({});\r\n<\/script><\/div><\/div>","protected":false},"excerpt":{"rendered":"<p>Kratko re\u010deno, stranka je u\u0161la u retrogradne procese i dominira stav protiv svega, a naro\u010dito predsjednika stranke, ka\u017ee Silvano Hrelja.<\/p>\n","protected":false},"author":1,"featured_media":32510,"comment_status":"closed","ping_status":"closed","sticky":false,"template":"","format":"standard","meta":{"footnotes":""},"categories":[9],"tags":[111,553],"class_list":["post-40259","post","type-post","status-publish","format-standard","has-post-thumbnail","hentry","category-vijesti","tag-hrvatska-stranka-umirovljenika","tag-silvano-hrelja"],"_links":{"self":[{"href":"https:\/\/www.mojevrijeme.hr\/magazin\/wp-json\/wp\/v2\/posts\/40259","targetHints":{"allow":["GET"]}}],"collection":[{"href":"https:\/\/www.mojevrijeme.hr\/magazin\/wp-json\/wp\/v2\/posts"}],"about":[{"href":"https:\/\/www.mojevrijeme.hr\/magazin\/wp-json\/wp\/v2\/types\/post"}],"author":[{"embeddable":true,"href":"https:\/\/www.mojevrijeme.hr\/magazin\/wp-json\/wp\/v2\/users\/1"}],"replies":[{"embeddable":true,"href":"https:\/\/www.mojevrijeme.hr\/magazin\/wp-json\/wp\/v2\/comments?post=40259"}],"version-history":[{"count":0,"href":"https:\/\/www.mojevrijeme.hr\/magazin\/wp-json\/wp\/v2\/posts\/40259\/revisions"}],"wp:featuredmedia":[{"embeddable":true,"href":"https:\/\/www.mojevrijeme.hr\/magazin\/wp-json\/wp\/v2\/media\/32510"}],"wp:attachment":[{"href":"https:\/\/www.mojevrijeme.hr\/magazin\/wp-json\/wp\/v2\/media?parent=40259"}],"wp:term":[{"taxonomy":"category","embeddable":true,"href":"https:\/\/www.mojevrijeme.hr\/magazin\/wp-json\/wp\/v2\/categories?post=40259"},{"taxonomy":"post_tag","embeddable":true,"href":"https:\/\/www.mojevrijeme.hr\/magazin\/wp-json\/wp\/v2\/tags?post=40259"}],"curies":[{"name":"wp","href":"https:\/\/api.w.org\/{rel}","templated":true}]}}