{"id":40358,"date":"2020-09-15T07:49:43","date_gmt":"2020-09-15T05:49:43","guid":{"rendered":"https:\/\/www.mojevrijeme.hr\/magazin\/?p=40358"},"modified":"2020-09-15T07:53:34","modified_gmt":"2020-09-15T05:53:34","slug":"ministar-aladrovic-o-novom-modelu-obiteljske-mirovine","status":"publish","type":"post","link":"https:\/\/www.mojevrijeme.hr\/magazin\/2020\/09\/ministar-aladrovic-o-novom-modelu-obiteljske-mirovine\/","title":{"rendered":"Ministar Josip Aladrovi\u0107 o novom modelu obiteljske mirovine"},"content":{"rendered":"\n<p>Ministar rada i mirovinskog sustava Josip Aladrovi\u0107 za Novi list je potvrdio da se zbog koronakrize ne\u0107e dirati u mirovine. <\/p>\n\n\n\n<p>Na pitanje zna\u010di li to da je mirovinski sustav odr\u017eiv i bez reforme koju je Vlada namjeravala provesti, ali je od nje, zbog potpisa \u0161to su ih sindikati prikupili za referendum, odustala, Aladrovi\u0107 odgovora: &#8220;Odr\u017eivost mirovinskog i ostalih sustava socijalne sigurnosti promatra se ipak na dulji rok, na deset, 20 ili 50 godina.&#8221;<\/p>\n\n\n\n<p>&#8220;Jedan od ciljeva mirovinske reforme bio je pove\u0107anje odr\u017eivosti sustava i bez obzira \u0161to su odre\u0111eni prijedlozi povu\u010deni iz procedure, s onima koji su pro\u0161li kroz \u0161est zakonskih akata uspjeli smo posti\u0107i odr\u017eivost mirovinskog sustava. To se sada i pokazuje, taj sustav niti u jednom trenutku nije postao porozan, mirovine se ne\u0107e smanjivati i o tome nema niti jednog izdvojenog stava. Umirovljenici su sigurni, u Vladi razgovaramo isklju\u010divo na taj na\u010din&#8221;, navodi Aladrovi\u0107. <\/p><div id=\"mojev-3757826983\" class=\"mojev-u-tekstu mojev-entity-placement\" style=\"margin-left: auto;margin-right: auto;text-align: center;\"><div class=\"mojev-adlabel\">oglas<\/div><div style=\"height: 250px;\"><script async src=\"https:\/\/pagead2.googlesyndication.com\/pagead\/js\/adsbygoogle.js?client=ca-pub-8106111766207173\"\r\n     crossorigin=\"anonymous\"><\/script>\r\n<!-- Prikazni 1 u tekstu -->\r\n<ins class=\"adsbygoogle\"\r\n     style=\"display:block\"\r\n     data-ad-client=\"ca-pub-8106111766207173\"\r\n     data-ad-slot=\"8535551207\"\r\n     data-ad-format=\"auto\"\r\n     data-full-width-responsive=\"true\"><\/ins>\r\n<script>\r\n     (adsbygoogle = window.adsbygoogle || []).push({});\r\n<\/script><\/div><\/div><br style=\"clear: both; display: block; float: none;\"\/>\n\n\n\n<p>No ho\u0107e li druga Plenkovi\u0107eva vlada gurati reformu koja je zaustavljena? &#8220;Imamo Nacionalno vije\u0107e za umirovljenike i starije osobe, tijelo koje je sastavljeno od nekoliko resora, a u njemu sudjeluju i Matica umirovljenika, Sindikat umirovljenika, i ono prati \u0161to se doga\u0111a u mirovinskom sustavu. Tamo se ra\u0111aju razli\u010diti prijedlozi, a Vlada je u svom programu obe\u0107ala i redefinirati obiteljske mirovine. Za taj segment umirovljenika moramo prona\u0107i adekvatan modalitet i siguran sam da \u0107emo do kraja mandata u tome uspjeti&#8221;, odgovara ministar.<\/p>\n<div id=\"mojev-410830765\" class=\"mojev-kraj-teksta mojev-entity-placement\" style=\"margin-bottom: 20px;margin-left: auto;margin-right: auto;text-align: center;\"><div class=\"mojev-adlabel\">oglas<\/div><div style=\"height: 250px;\"><script async src=\"https:\/\/pagead2.googlesyndication.com\/pagead\/js\/adsbygoogle.js?client=ca-pub-8106111766207173\"\r\n     crossorigin=\"anonymous\"><\/script>\r\n<!-- Display-1 -->\r\n<ins class=\"adsbygoogle\"\r\n     style=\"display:block\"\r\n     data-ad-client=\"ca-pub-8106111766207173\"\r\n     data-ad-slot=\"1465712950\"\r\n     data-ad-format=\"auto\"\r\n     data-full-width-responsive=\"true\"><\/ins>\r\n<script>\r\n     (adsbygoogle = window.adsbygoogle || []).push({});\r\n<\/script><\/div><\/div>","protected":false},"excerpt":{"rendered":"<p>\u0160to se na\u0161eg ministarstva ti\u010de, nemamo namjeru nikome ni\u0161ta uskratiti, ka\u017ee ministar. <\/p>\n","protected":false},"author":1,"featured_media":30533,"comment_status":"closed","ping_status":"closed","sticky":false,"template":"","format":"standard","meta":{"footnotes":""},"categories":[9],"tags":[1804,18,1010],"class_list":["post-40358","post","type-post","status-publish","format-standard","has-post-thumbnail","hentry","category-vijesti","tag-josip-aladrovic","tag-mirovine","tag-obiteske-mirovine"],"_links":{"self":[{"href":"https:\/\/www.mojevrijeme.hr\/magazin\/wp-json\/wp\/v2\/posts\/40358","targetHints":{"allow":["GET"]}}],"collection":[{"href":"https:\/\/www.mojevrijeme.hr\/magazin\/wp-json\/wp\/v2\/posts"}],"about":[{"href":"https:\/\/www.mojevrijeme.hr\/magazin\/wp-json\/wp\/v2\/types\/post"}],"author":[{"embeddable":true,"href":"https:\/\/www.mojevrijeme.hr\/magazin\/wp-json\/wp\/v2\/users\/1"}],"replies":[{"embeddable":true,"href":"https:\/\/www.mojevrijeme.hr\/magazin\/wp-json\/wp\/v2\/comments?post=40358"}],"version-history":[{"count":0,"href":"https:\/\/www.mojevrijeme.hr\/magazin\/wp-json\/wp\/v2\/posts\/40358\/revisions"}],"wp:featuredmedia":[{"embeddable":true,"href":"https:\/\/www.mojevrijeme.hr\/magazin\/wp-json\/wp\/v2\/media\/30533"}],"wp:attachment":[{"href":"https:\/\/www.mojevrijeme.hr\/magazin\/wp-json\/wp\/v2\/media?parent=40358"}],"wp:term":[{"taxonomy":"category","embeddable":true,"href":"https:\/\/www.mojevrijeme.hr\/magazin\/wp-json\/wp\/v2\/categories?post=40358"},{"taxonomy":"post_tag","embeddable":true,"href":"https:\/\/www.mojevrijeme.hr\/magazin\/wp-json\/wp\/v2\/tags?post=40358"}],"curies":[{"name":"wp","href":"https:\/\/api.w.org\/{rel}","templated":true}]}}