{"id":40378,"date":"2020-09-16T10:18:35","date_gmt":"2020-09-16T08:18:35","guid":{"rendered":"https:\/\/www.mojevrijeme.hr\/magazin\/?p=40378"},"modified":"2020-09-16T10:18:36","modified_gmt":"2020-09-16T08:18:36","slug":"cak-je-sest-osoba-preminulo-u-24-sata-raste-broj-novozarazenih","status":"publish","type":"post","link":"https:\/\/www.mojevrijeme.hr\/magazin\/2020\/09\/cak-je-sest-osoba-preminulo-u-24-sata-raste-broj-novozarazenih\/","title":{"rendered":"\u010cak je \u0161est osoba preminulo u 24 sata, raste broj novozara\u017eenih"},"content":{"rendered":"\n<p>U posljednja 24 sata zabilje\u017eeno je 280 novih slu\u010dajeva zaraze virusom SARS-CoV-2 te je broj aktivnih slu\u010dajeva u Hrvatskoj danas ukupno 2.103. Me\u0111u njima je 293 pacijenata na bolni\u010dkom lije\u010denju, od toga je na respiratoru 20 pacijenata. \u0160est osoba je preminulo, objavio je Nacionalni sto\u017eer civilne za\u0161tite.<\/p>\n\n\n\n<p>Dvije osobe preminule su u KBC Rijeka (\u017d, 1946. te 1960. godi\u0161te), jedna u OB Dubrovnik (M, 1957. godi\u0161te), jedna u KBC Split (\u017d, 1925. godi\u0161te), jedna u OB Vinkovci (\u017d, 1936. godi\u0161te) te jedna u KBC Osijek (\u017d, 1946. godi\u0161te).<\/p>\n\n\n\n<p>Podsjetimo, ju\u010der je registriran 151 novi slu\u010daj, a tri osobe su umrle. Preminule osobe ro\u0111ene su  1946., 1939. i 1938. godine.<\/p><div id=\"mojev-1208243451\" class=\"mojev-u-tekstu mojev-entity-placement\" style=\"margin-left: auto;margin-right: auto;text-align: center;\"><div class=\"mojev-adlabel\">oglas<\/div><div style=\"height: 250px;\"><script async src=\"https:\/\/pagead2.googlesyndication.com\/pagead\/js\/adsbygoogle.js?client=ca-pub-8106111766207173\"\r\n     crossorigin=\"anonymous\"><\/script>\r\n<!-- Prikazni 1 u tekstu -->\r\n<ins class=\"adsbygoogle\"\r\n     style=\"display:block\"\r\n     data-ad-client=\"ca-pub-8106111766207173\"\r\n     data-ad-slot=\"8535551207\"\r\n     data-ad-format=\"auto\"\r\n     data-full-width-responsive=\"true\"><\/ins>\r\n<script>\r\n     (adsbygoogle = window.adsbygoogle || []).push({});\r\n<\/script><\/div><\/div><br style=\"clear: both; display: block; float: none;\"\/>\n<div id=\"mojev-1517616921\" class=\"mojev-kraj-teksta mojev-entity-placement\" style=\"margin-bottom: 20px;margin-left: auto;margin-right: auto;text-align: center;\"><div class=\"mojev-adlabel\">oglas<\/div><div style=\"height: 250px;\"><script async src=\"https:\/\/pagead2.googlesyndication.com\/pagead\/js\/adsbygoogle.js?client=ca-pub-8106111766207173\"\r\n     crossorigin=\"anonymous\"><\/script>\r\n<!-- Display-1 -->\r\n<ins class=\"adsbygoogle\"\r\n     style=\"display:block\"\r\n     data-ad-client=\"ca-pub-8106111766207173\"\r\n     data-ad-slot=\"1465712950\"\r\n     data-ad-format=\"auto\"\r\n     data-full-width-responsive=\"true\"><\/ins>\r\n<script>\r\n     (adsbygoogle = window.adsbygoogle || []).push({});\r\n<\/script><\/div><\/div>","protected":false},"excerpt":{"rendered":"<p>Podsjetimo, ju\u010der je registriran 151 novi slu\u010daj, a tri osobe su umrle. <\/p>\n","protected":false},"author":1,"featured_media":35441,"comment_status":"closed","ping_status":"closed","sticky":false,"template":"","format":"standard","meta":{"footnotes":""},"categories":[9],"tags":[2046,2169],"class_list":["post-40378","post","type-post","status-publish","format-standard","has-post-thumbnail","hentry","category-vijesti","tag-korona-virus","tag-nacionalni-stozer"],"_links":{"self":[{"href":"https:\/\/www.mojevrijeme.hr\/magazin\/wp-json\/wp\/v2\/posts\/40378","targetHints":{"allow":["GET"]}}],"collection":[{"href":"https:\/\/www.mojevrijeme.hr\/magazin\/wp-json\/wp\/v2\/posts"}],"about":[{"href":"https:\/\/www.mojevrijeme.hr\/magazin\/wp-json\/wp\/v2\/types\/post"}],"author":[{"embeddable":true,"href":"https:\/\/www.mojevrijeme.hr\/magazin\/wp-json\/wp\/v2\/users\/1"}],"replies":[{"embeddable":true,"href":"https:\/\/www.mojevrijeme.hr\/magazin\/wp-json\/wp\/v2\/comments?post=40378"}],"version-history":[{"count":0,"href":"https:\/\/www.mojevrijeme.hr\/magazin\/wp-json\/wp\/v2\/posts\/40378\/revisions"}],"wp:featuredmedia":[{"embeddable":true,"href":"https:\/\/www.mojevrijeme.hr\/magazin\/wp-json\/wp\/v2\/media\/35441"}],"wp:attachment":[{"href":"https:\/\/www.mojevrijeme.hr\/magazin\/wp-json\/wp\/v2\/media?parent=40378"}],"wp:term":[{"taxonomy":"category","embeddable":true,"href":"https:\/\/www.mojevrijeme.hr\/magazin\/wp-json\/wp\/v2\/categories?post=40378"},{"taxonomy":"post_tag","embeddable":true,"href":"https:\/\/www.mojevrijeme.hr\/magazin\/wp-json\/wp\/v2\/tags?post=40378"}],"curies":[{"name":"wp","href":"https:\/\/api.w.org\/{rel}","templated":true}]}}