{"id":40441,"date":"2020-09-20T11:04:59","date_gmt":"2020-09-20T09:04:59","guid":{"rendered":"https:\/\/www.mojevrijeme.hr\/magazin\/?p=40441"},"modified":"2020-09-20T11:05:00","modified_gmt":"2020-09-20T09:05:00","slug":"njemacki-virolog-streeck-odgovara-na-najcesca-pitanja-koronaskeptika-i-teoreticara-zavjera","status":"publish","type":"post","link":"https:\/\/www.mojevrijeme.hr\/magazin\/2020\/09\/njemacki-virolog-streeck-odgovara-na-najcesca-pitanja-koronaskeptika-i-teoreticara-zavjera\/","title":{"rendered":"Njema\u010dki virolog Streeck odgovara na naj\u010de\u0161\u0107a pitanja koronaskeptika i teoreti\u010dara zavjera"},"content":{"rendered":"\n<p>&#8220;Virus uop\u0107e nije opasan! Farmaceutska industrija samo \u017eeli zaraditi na pandemiji! Mladima virus ne mo\u017ee ni\u0161ta!&#8221;. Na prosvjedima protivnika mjera protiv \u0161irenja pandemije koronavirusa ili na internetu se redovito mogu \u010duti ovakve teze.<\/p>\n\n\n\n<p>Jedan od vode\u0107ih njema\u010dkih virologa, profesor <strong>Hendrik Streeck<\/strong>, direktor instituta za virologiju na Sveu\u010dili\u0161noj klinici u Bonnu, je za <a rel=\"noreferrer noopener\" href=\"https:\/\/www.dw.com\/hr\/virolog-streeck-pobija-teorije-zavjere\/a-54987385\" target=\"_blank\"><strong>Deutsche Welle<\/strong><\/a> zauzeo stav kada su u pitanju najpoznatije teze ili izjave na temu koronavirusa.<\/p>\n\n\n\n<h3 class=\"wp-block-heading\">&#8220;Virus uop\u0107e nije tako opasan, opasnost napuhavaju mediji, politi\u010dari i znanstvenici.&#8221;<\/h3>\n\n\n\n<p>Hendrik Streeck: To nije to\u010dno! Sve studije koje su dosad provedene, kako one u SAD, koje te\u017ee tomu da sugeriraju manju smrtnost, kao i ostale studije koje sugeriraju ve\u0107u smrtnost, nedvosmisleno pokazuju da je kod koronavirusa smrtnost definitivno vi\u0161a nego kod obi\u010dne gripe.<\/p><div id=\"mojev-4136471789\" class=\"mojev-u-tekstu mojev-entity-placement\" style=\"margin-left: auto;margin-right: auto;text-align: center;\"><div class=\"mojev-adlabel\">oglas<\/div><div style=\"height: 250px;\"><script async src=\"https:\/\/pagead2.googlesyndication.com\/pagead\/js\/adsbygoogle.js?client=ca-pub-8106111766207173\"\r\n     crossorigin=\"anonymous\"><\/script>\r\n<!-- Prikazni 1 u tekstu -->\r\n<ins class=\"adsbygoogle\"\r\n     style=\"display:block\"\r\n     data-ad-client=\"ca-pub-8106111766207173\"\r\n     data-ad-slot=\"8535551207\"\r\n     data-ad-format=\"auto\"\r\n     data-full-width-responsive=\"true\"><\/ins>\r\n<script>\r\n     (adsbygoogle = window.adsbygoogle || []).push({});\r\n<\/script><\/div><\/div><br style=\"clear: both; display: block; float: none;\"\/>\n\n\n\n<p>Mi smo u okrugu Heinsberg (jedno od prvih \u017eari\u0161ta pandemije u Njema\u010dkoj op.ur.) do\u0161li do saznanja da je koronavirus najmanje \u010detiri puta opasniji od sezonske gripe. Dodu\u0161e uvijek treba uzeti u obzir kod kojeg dijela populacije se ispitivanje vr\u0161i. To je virus kojeg treba shvatiti ozbiljno, ali opet ne treba previ\u0161e dramatizirati.<\/p>\n\n\n\n<h3 class=\"wp-block-heading\">&#8220;Politi\u010dari i mediji dnevno predstavljaju dramati\u010dne podatke o broju zara\u017eenih. No ja ne poznajem nikoga tko je obolio od Covida-19&#8221;<\/h3>\n\n\n\n<p>Pa, recimo kod mene su dvije osobe u u\u017eem obiteljskom krugu oboljele od koronavirusa.<\/p>\n\n\n\n<h3 class=\"wp-block-heading\">&#8220;U Italiji ili SAD-u mnogo ljudi umire. Ovdje ne. Tu je ne\u0161to sumnjivo!&#8221;<\/h3>\n\n\n\n<p>I mi u Njema\u010dkoj imamo umrle od koronavirusa. U Italiji i SAD-u se zaraza pro\u0161irila vrlo brzo. Dakle veliki dijelovi stanovni\u0161tva su se zarazili i time su bolnice brzo do\u0161le do granica svojih kapaciteta. Virus je tamo prodro u podru\u010dja gdje je prisutan visok stupanj rizika da pacijenti od virusa i umru. U Njema\u010dkoj nam je po\u0161lo za rukom ova podru\u010dja osloboditi od virusa.<\/p>\n\n\n\n<h3 class=\"wp-block-heading\">&#8220;U posljednje vrijeme je bilo toliko velikih prosvjeda protiv korona-mjera. Je li nakon toga bilo nekog naglog izbijanja broja zara\u017eenih? Nije!&#8221;<\/h3>\n\n\n\n<p>Prosvjedi su se odr\u017eavali vani gdje je mogu\u0107nost prijenosa ni\u017ea. Osim toga je te\u0161ko zaklju\u010diti jesu li oni koji su npr. bili na prosvjedima u Berlinu i vratili se u svoje gradove mnoge zarazili. Bilo bi lak\u0161e donositi zaklju\u010dke kada bi svi prosvjednici dolazili iz istog grada.<\/p>\n\n\n\n<h3 class=\"wp-block-heading\">&#8220;Ova cjepiva su vrlo opasna i napadaju na\u0161 DNK. Osim toga ona slu\u017ee samo farmakolo\u0161koj industriji da zaradi jo\u0161 vi\u0161e.&#8221;<\/h3>\n\n\n\n<p>Ove teze su nedvosmisleno neto\u010dne. Cjepivo ne napada gene, dakle DNK. I RNK cjepiva funkcioniraju tako da se iz njih generiraju proteini. Mi sami ne posjedujemo ove enzime. To mogu samo neki retrovirusi. Zato jedno cjepivo ne mo\u017ee zahvatiti DNK.<\/p>\n\n\n\n<p>Farmaceutska industrija naravno zara\u0111uje na cjepivima. No ono \u0161to zdravstvena osiguranja godi\u0161nje potro\u0161e za cjepiva je samo 0,3 posto od onoga \u0161to se potro\u0161i za lijekove op\u0107enito. Zna\u010di bud\u017eet za cjepiva je mali. Osim toga farmaceutska industrija mora zaraditi na cjepivu jer ina\u010de uop\u0107e ne bi mogla istra\u017eivati.<\/p>\n\n\n\n<h3 class=\"wp-block-heading\">&#8220;Virus je do sada ve\u0107 toliko puta mutirao da cjepivo tu uop\u0107e ne bi pomoglo. Ili se treba, kao kod gripe, svake godine cijepiti protiv novog soja.&#8221;<\/h3>\n\n\n\n<p>To se ne mo\u017ee tvrditi. Virus mutira ali ne tako sna\u017eno kao kod obi\u010dne gripe. Treba li se na kraju svake godine cijepiti, to ne mo\u017eemo jo\u0161 re\u0107i jer cjepiva jo\u0161 nema.<\/p>\n\n\n\n<h3 class=\"wp-block-heading\">&#8220;Mjere korona-re\u017eima su u potpunosti pretjerane. Ja \u017eelim natrag svoju slobodu.&#8221;<\/h3>\n\n\n\n<p>Mi znamo da mjere poput no\u0161enja maski, dr\u017eanja razmaka i pranja ruku poma\u017eu i da se njima sprje\u010davaju zaraze.<\/p>\n\n\n\n<p>Osim toga ove mjere doprinose tome da ako se netko i zarazi virusima da se zarazi s mnogo manjim brojem virusa pa su i simptomi u njegovom slu\u010daju mnogo slabiji. <strong>Doza virusa je presudna.<\/strong> Zna\u010di ove mjere skrbe i za bla\u017ei tijek bolesti.<\/p>\n\n\n\n<h3 class=\"wp-block-heading\">&#8220;Virus potje\u010de iz laboratorija u Kini ili je pu\u0161ten nenamjerno&#8221;<\/h3>\n\n\n\n<p>Vrlo je malo vjerojatno da je ovaj virus nastao u laboratoriju. S jedne strane se tako ne\u0161to, koliko ja znam, uop\u0107e ne radi. Dakle, ne radi se na tome da se stvaraju novi virusi jer je to preopasno. S druge strane se porijeklo jednog virusa ne mo\u017ee utvrditi. On nema gene koje ina\u010de pronalazimo u prirodi.<\/p>\n\n\n\n<p>Isto tako moram re\u0107i da laboratoriji poput onih u Kini sadr\u017ee mnoge sigurnosne brane kroz vi\u0161e prostorija kroz koje virusi ili bakterije uop\u0107e ne mogu slu\u010dajno pro\u0107i. No to je te\u0161ko dokazati. No isto tako je te\u0161ko dokazati i suprotno.<\/p>\n\n\n\n<h3 class=\"wp-block-heading\">&#8220;Sve da se i zarazim: mlad sam i pri punoj snazi. Ako \u0107u i oboljeti, dobit \u0107u samo blage simptome.&#8221;<\/h3>\n\n\n\n<p>Statisti\u010dki gledano, mladi zaista obolijevaju s blagim simptomima a \u010desto sve pro\u0111e i bez ikakvih simptoma. Dakle statisti\u010dki gledano je to to\u010dno. No doga\u0111a se da i mladi obolijevaju uz te\u0161ke simptome pa da \u010dak i umiru. Zabilje\u017eeni su i takvi slu\u010dajevi.<\/p>\n\n\n\n<p><em>Profesor Hendrik Streeck spada me\u0111u vode\u0107e stru\u010dnjake u Njema\u010dkoj kada je koronavirus u pitanju. Direktor Instituta za virologiju pri Sveu\u010dili\u0161noj klinici u Bonnu provodi dugoro\u010dnu studiju o protoku zaraze koronavirusom u okrugu Heinsberg.<\/em><\/p>\n<div id=\"mojev-3754440868\" class=\"mojev-kraj-teksta mojev-entity-placement\" style=\"margin-bottom: 20px;margin-left: auto;margin-right: auto;text-align: center;\"><div class=\"mojev-adlabel\">oglas<\/div><div style=\"height: 250px;\"><script async src=\"https:\/\/pagead2.googlesyndication.com\/pagead\/js\/adsbygoogle.js?client=ca-pub-8106111766207173\"\r\n     crossorigin=\"anonymous\"><\/script>\r\n<!-- Display-1 -->\r\n<ins class=\"adsbygoogle\"\r\n     style=\"display:block\"\r\n     data-ad-client=\"ca-pub-8106111766207173\"\r\n     data-ad-slot=\"1465712950\"\r\n     data-ad-format=\"auto\"\r\n     data-full-width-responsive=\"true\"><\/ins>\r\n<script>\r\n     (adsbygoogle = window.adsbygoogle || []).push({});\r\n<\/script><\/div><\/div>","protected":false},"excerpt":{"rendered":"<p>Profesor Hendrik Streeck spada me\u0111u vode\u0107e stru\u010dnjake u Njema\u010dkoj kada je koronavirus u pitanju. Direktor Instituta za virologiju pri Sveu\u010dili\u0161noj klinici u Bonnu provodi dugoro\u010dnu studiju o protoku zaraze koronavirusom u okrugu Heinsberg.<\/p>\n","protected":false},"author":1,"featured_media":40445,"comment_status":"closed","ping_status":"closed","sticky":false,"template":"","format":"standard","meta":{"footnotes":""},"categories":[3],"tags":[982,2253,2046,249],"class_list":["post-40441","post","type-post","status-publish","format-standard","has-post-thumbnail","hentry","category-zdravlje","tag-fake-news","tag-koronaskeptici","tag-korona-virus","tag-teorije-urote"],"_links":{"self":[{"href":"https:\/\/www.mojevrijeme.hr\/magazin\/wp-json\/wp\/v2\/posts\/40441","targetHints":{"allow":["GET"]}}],"collection":[{"href":"https:\/\/www.mojevrijeme.hr\/magazin\/wp-json\/wp\/v2\/posts"}],"about":[{"href":"https:\/\/www.mojevrijeme.hr\/magazin\/wp-json\/wp\/v2\/types\/post"}],"author":[{"embeddable":true,"href":"https:\/\/www.mojevrijeme.hr\/magazin\/wp-json\/wp\/v2\/users\/1"}],"replies":[{"embeddable":true,"href":"https:\/\/www.mojevrijeme.hr\/magazin\/wp-json\/wp\/v2\/comments?post=40441"}],"version-history":[{"count":0,"href":"https:\/\/www.mojevrijeme.hr\/magazin\/wp-json\/wp\/v2\/posts\/40441\/revisions"}],"wp:featuredmedia":[{"embeddable":true,"href":"https:\/\/www.mojevrijeme.hr\/magazin\/wp-json\/wp\/v2\/media\/40445"}],"wp:attachment":[{"href":"https:\/\/www.mojevrijeme.hr\/magazin\/wp-json\/wp\/v2\/media?parent=40441"}],"wp:term":[{"taxonomy":"category","embeddable":true,"href":"https:\/\/www.mojevrijeme.hr\/magazin\/wp-json\/wp\/v2\/categories?post=40441"},{"taxonomy":"post_tag","embeddable":true,"href":"https:\/\/www.mojevrijeme.hr\/magazin\/wp-json\/wp\/v2\/tags?post=40441"}],"curies":[{"name":"wp","href":"https:\/\/api.w.org\/{rel}","templated":true}]}}