{"id":40512,"date":"2020-09-23T16:02:37","date_gmt":"2020-09-23T14:02:37","guid":{"rendered":"https:\/\/www.mojevrijeme.hr\/magazin\/?p=40512"},"modified":"2020-09-23T16:05:11","modified_gmt":"2020-09-23T14:05:11","slug":"tereza-kesovija-predstavila-novu-pjesmu-ima-te","status":"publish","type":"post","link":"https:\/\/www.mojevrijeme.hr\/magazin\/2020\/09\/tereza-kesovija-predstavila-novu-pjesmu-ima-te\/","title":{"rendered":"Tereza Kesovija predstavila novu pjesmu &#8216;Ima te&#8217;"},"content":{"rendered":"\n<p>Jeste li ve\u0107 poslu\u0161ali novu pjesmu <strong>Tereze Kesovije<\/strong>? Ova istinska diva hrvatske glazbe predstavila je svoj novi singl naziva &#8220;Ima te&#8221;, koji je ba\u0161 za Terezu napisao <strong>Aljo\u0161a \u0160eri\u0107<\/strong>, frontman grupe Pavel.<\/p>\n\n\n\n<p>Pjesmu, koja bi se ubrzo mogla na\u0107i rame uz rame s ostalim legendarnim Terezinim evergrinima, prati i video spot u kojem je Tereza o\u017eivjela duh prerano preminule monega\u0161ke princeze i velike glumice zlatnog doba Hollywooda &#8211; Grace Kelly, koju je sama i osobno poznavala.<\/p>\n\n\n\n<p>&#8220;Spot potpisuje Katja Restovi\u0107, snimali smo u Istri, a ona je mene zamislila u luksuznom kabrioletu i da sam poput Grace Kelly. Jer sam imala vrlo lijep odnos s tom divnom osobom. I sve je bilo idealno osim bijelog \u0161ala koji se opirao zakonima fizike i letio na krivu stranu. I to me jako srdilo&#8221;, kazala je Tereza za <a href=\"https:\/\/www.jutarnji.hr\/video\/spektakli\/ganuta-tereza-u-suzama-beskrajno-sam-zahvalna-svima-koji-su-mi-omogucili-ostvariti-ovu-pjesmu-15020349\" target=\"_blank\" rel=\"noreferrer noopener\">Jutarnji.hr<\/a>.<\/p><div id=\"mojev-2292376475\" class=\"mojev-u-tekstu mojev-entity-placement\" style=\"margin-left: auto;margin-right: auto;text-align: center;\"><div class=\"mojev-adlabel\">oglas<\/div><div style=\"height: 250px;\"><script async src=\"https:\/\/pagead2.googlesyndication.com\/pagead\/js\/adsbygoogle.js?client=ca-pub-8106111766207173\"\r\n     crossorigin=\"anonymous\"><\/script>\r\n<!-- Prikazni 1 u tekstu -->\r\n<ins class=\"adsbygoogle\"\r\n     style=\"display:block\"\r\n     data-ad-client=\"ca-pub-8106111766207173\"\r\n     data-ad-slot=\"8535551207\"\r\n     data-ad-format=\"auto\"\r\n     data-full-width-responsive=\"true\"><\/ins>\r\n<script>\r\n     (adsbygoogle = window.adsbygoogle || []).push({});\r\n<\/script><\/div><\/div><br style=\"clear: both; display: block; float: none;\"\/>\n\n\n\n<p>Na predstavljanju pjesme bila je i velika Terezina prijateljica <strong>Gabi Novak<\/strong>, ali i \u010dlanovi Terezine obitelji, prije svega njena unuka <strong>Mila<\/strong>, k\u0107i <strong>Alana Ungara<\/strong>, Terezinog sina iz braka s glazbenikom <strong>Mirom Ungarom<\/strong>, koja je upravo proslavila 30. ro\u0111endan.<\/p>\n\n\n\n<p>&#8220;Sve ovo danas posve\u0107ujem prije svega mojoj Mili&#8221;, rekla je Tereza pokazuju\u0107i na &#8220;svoje sveto trojstvo, svoju malu obitelj&#8221;. Poslu\u0161ajte pjesmu:<\/p>\n\n\n\n<figure class=\"wp-block-embed-youtube wp-block-embed is-type-video is-provider-youtube wp-embed-aspect-16-9 wp-has-aspect-ratio\"><div class=\"wp-block-embed__wrapper\">\n<iframe loading=\"lazy\" title=\"Ima te - TEREZA KESOVIJA\" width=\"740\" height=\"416\" src=\"https:\/\/www.youtube.com\/embed\/F_6-FPHAGjw?feature=oembed\" frameborder=\"0\" allow=\"accelerometer; autoplay; clipboard-write; encrypted-media; gyroscope; picture-in-picture\" allowfullscreen><\/iframe>\n<\/div><\/figure>\n<div id=\"mojev-1844118113\" class=\"mojev-kraj-teksta mojev-entity-placement\" style=\"margin-bottom: 20px;margin-left: auto;margin-right: auto;text-align: center;\"><div class=\"mojev-adlabel\">oglas<\/div><div style=\"height: 250px;\"><script async src=\"https:\/\/pagead2.googlesyndication.com\/pagead\/js\/adsbygoogle.js?client=ca-pub-8106111766207173\"\r\n     crossorigin=\"anonymous\"><\/script>\r\n<!-- Display-1 -->\r\n<ins class=\"adsbygoogle\"\r\n     style=\"display:block\"\r\n     data-ad-client=\"ca-pub-8106111766207173\"\r\n     data-ad-slot=\"1465712950\"\r\n     data-ad-format=\"auto\"\r\n     data-full-width-responsive=\"true\"><\/ins>\r\n<script>\r\n     (adsbygoogle = window.adsbygoogle || []).push({});\r\n<\/script><\/div><\/div>","protected":false},"excerpt":{"rendered":"<p>Spot potpisuje Katja Restovi\u0107, snimali smo u Istri, a ona je mene zamislila u luksuznom kabrioletu i da sam poput Grace Kelly, ka\u017ee Tereza.<\/p>\n","protected":false},"author":4,"featured_media":40515,"comment_status":"closed","ping_status":"closed","sticky":false,"template":"","format":"standard","meta":{"footnotes":""},"categories":[84],"tags":[21],"class_list":["post-40512","post","type-post","status-publish","format-standard","has-post-thumbnail","hentry","category-show","tag-tereza-kesovija"],"_links":{"self":[{"href":"https:\/\/www.mojevrijeme.hr\/magazin\/wp-json\/wp\/v2\/posts\/40512","targetHints":{"allow":["GET"]}}],"collection":[{"href":"https:\/\/www.mojevrijeme.hr\/magazin\/wp-json\/wp\/v2\/posts"}],"about":[{"href":"https:\/\/www.mojevrijeme.hr\/magazin\/wp-json\/wp\/v2\/types\/post"}],"author":[{"embeddable":true,"href":"https:\/\/www.mojevrijeme.hr\/magazin\/wp-json\/wp\/v2\/users\/4"}],"replies":[{"embeddable":true,"href":"https:\/\/www.mojevrijeme.hr\/magazin\/wp-json\/wp\/v2\/comments?post=40512"}],"version-history":[{"count":0,"href":"https:\/\/www.mojevrijeme.hr\/magazin\/wp-json\/wp\/v2\/posts\/40512\/revisions"}],"wp:featuredmedia":[{"embeddable":true,"href":"https:\/\/www.mojevrijeme.hr\/magazin\/wp-json\/wp\/v2\/media\/40515"}],"wp:attachment":[{"href":"https:\/\/www.mojevrijeme.hr\/magazin\/wp-json\/wp\/v2\/media?parent=40512"}],"wp:term":[{"taxonomy":"category","embeddable":true,"href":"https:\/\/www.mojevrijeme.hr\/magazin\/wp-json\/wp\/v2\/categories?post=40512"},{"taxonomy":"post_tag","embeddable":true,"href":"https:\/\/www.mojevrijeme.hr\/magazin\/wp-json\/wp\/v2\/tags?post=40512"}],"curies":[{"name":"wp","href":"https:\/\/api.w.org\/{rel}","templated":true}]}}