{"id":40610,"date":"2020-09-28T17:40:08","date_gmt":"2020-09-28T15:40:08","guid":{"rendered":"https:\/\/www.mojevrijeme.hr\/magazin\/?p=40610"},"modified":"2020-09-28T17:52:21","modified_gmt":"2020-09-28T15:52:21","slug":"milanovic-u-hrvatskoj-se-nigdje-ne-gladuje-dapace-previse-se-jede","status":"publish","type":"post","link":"https:\/\/www.mojevrijeme.hr\/magazin\/2020\/09\/milanovic-u-hrvatskoj-se-nigdje-ne-gladuje-dapace-previse-se-jede\/","title":{"rendered":"Milanovi\u0107: &#8216;U Hrvatskoj se nigdje ne gladuje. Dapa\u010de, previ\u0161e se jede!&#8217;"},"content":{"rendered":"\n<p>&#8220;U Hrvatskoj se, sre\u0107om, nigdje ne gladuje. Dapa\u010de, previ\u0161e se jede. \u010cak ima ostataka i vi\u0161kova. Ali mora postojati mehanizam balansa&#8221;, izjavio je predsjednik <strong>Zoran Milanovi\u0107<\/strong> na sve\u010danoj sjednici Gradskog vije\u0107a povodom Dana Grada Donjeg Miholjca. <\/p>\n\n\n\n<p>Time se referirao i na detalj iz afere Janaf s obzirom na to da je ranije potvrdio kako je bio u klubu Dragana Kova\u010devi\u0107a, pritvorenog \u0161efa dr\u017eavne tvrtke. Naime, objasnio je da je do\u0161ao u nelegalni klub, koji sad ve\u0107 nazivaju i muzejom korupcije, kako bi od prijatelja <a rel=\"noreferrer noopener\" href=\"https:\/\/www.mojevrijeme.hr\/magazin\/2020\/09\/milanovic-je-u-klub-isao-po-hranu-pred-istekom-trajanja-ovako-ce-znati-je-li-zdravstveno-ispravna\/\" data-type=\"post\" data-id=\"40562\" target=\"_blank\">uzeo vi\u0161ak hrane<\/a>, koja bi se ina\u010de bacila. &#8220;To me zvao prijatelj iz Dalmacije. Bilo je puno hrane koju je trebao baciti jer ju nije imao kome dati. I onda smo se na\u0161li tamo jer je bilo prakti\u010dnije&#8221;, kazao je. <\/p>\n\n\n\n<p>Danas je pak otkrio jo\u0161 nekoliko detalja. &#8220;Do\u0161la je riba iz Splita, nitko je nije htio kupiti i tako sam do\u0161ao tamo. Samo dvaput sam bio tamo u vrlo uskom dru\u0161tvu. Mogao sam isto tako biti u Vili Weiss. Pustimo simboli\u010dki kapital, ja sam bio u potpuno druga\u010dijem dru\u0161tvu i nisam se tamo pojavljivao na Martinju&#8221;, rekao je predsjednik i potvrdio da je tamo razgovarao s na\u010delnikom Glavnog sto\u017eera HV-a Robertom Hranjom. <\/p><div id=\"mojev-767091659\" class=\"mojev-u-tekstu mojev-entity-placement\" style=\"margin-left: auto;margin-right: auto;text-align: center;\"><div class=\"mojev-adlabel\">oglas<\/div><div style=\"height: 250px;\"><script async src=\"https:\/\/pagead2.googlesyndication.com\/pagead\/js\/adsbygoogle.js?client=ca-pub-8106111766207173\"\r\n     crossorigin=\"anonymous\"><\/script>\r\n<!-- Prikazni 1 u tekstu -->\r\n<ins class=\"adsbygoogle\"\r\n     style=\"display:block\"\r\n     data-ad-client=\"ca-pub-8106111766207173\"\r\n     data-ad-slot=\"8535551207\"\r\n     data-ad-format=\"auto\"\r\n     data-full-width-responsive=\"true\"><\/ins>\r\n<script>\r\n     (adsbygoogle = window.adsbygoogle || []).push({});\r\n<\/script><\/div><\/div><br style=\"clear: both; display: block; float: none;\"\/>\n<div id=\"mojev-3976338648\" class=\"mojev-kraj-teksta mojev-entity-placement\" style=\"margin-bottom: 20px;margin-left: auto;margin-right: auto;text-align: center;\"><div class=\"mojev-adlabel\">oglas<\/div><div style=\"height: 250px;\"><script async src=\"https:\/\/pagead2.googlesyndication.com\/pagead\/js\/adsbygoogle.js?client=ca-pub-8106111766207173\"\r\n     crossorigin=\"anonymous\"><\/script>\r\n<!-- Display-1 -->\r\n<ins class=\"adsbygoogle\"\r\n     style=\"display:block\"\r\n     data-ad-client=\"ca-pub-8106111766207173\"\r\n     data-ad-slot=\"1465712950\"\r\n     data-ad-format=\"auto\"\r\n     data-full-width-responsive=\"true\"><\/ins>\r\n<script>\r\n     (adsbygoogle = window.adsbygoogle || []).push({});\r\n<\/script><\/div><\/div>","protected":false},"excerpt":{"rendered":"<p>Do\u0161la je riba iz Splita, nitko je nije htio kupiti i tako sam do\u0161ao tamo. Samo dvaput sam bio tamo u vrlo uskom dru\u0161tvu. Mogao sam isto tako biti u Vili Weiss, kazao je predjednik o boravku u klubu Dragana Kova\u010devi\u0107a.<\/p>\n","protected":false},"author":1,"featured_media":34333,"comment_status":"closed","ping_status":"closed","sticky":false,"template":"","format":"standard","meta":{"footnotes":""},"categories":[9],"tags":[237,300],"class_list":["post-40610","post","type-post","status-publish","format-standard","has-post-thumbnail","hentry","category-vijesti","tag-siromastvo","tag-zoran-milanovic"],"_links":{"self":[{"href":"https:\/\/www.mojevrijeme.hr\/magazin\/wp-json\/wp\/v2\/posts\/40610","targetHints":{"allow":["GET"]}}],"collection":[{"href":"https:\/\/www.mojevrijeme.hr\/magazin\/wp-json\/wp\/v2\/posts"}],"about":[{"href":"https:\/\/www.mojevrijeme.hr\/magazin\/wp-json\/wp\/v2\/types\/post"}],"author":[{"embeddable":true,"href":"https:\/\/www.mojevrijeme.hr\/magazin\/wp-json\/wp\/v2\/users\/1"}],"replies":[{"embeddable":true,"href":"https:\/\/www.mojevrijeme.hr\/magazin\/wp-json\/wp\/v2\/comments?post=40610"}],"version-history":[{"count":0,"href":"https:\/\/www.mojevrijeme.hr\/magazin\/wp-json\/wp\/v2\/posts\/40610\/revisions"}],"wp:featuredmedia":[{"embeddable":true,"href":"https:\/\/www.mojevrijeme.hr\/magazin\/wp-json\/wp\/v2\/media\/34333"}],"wp:attachment":[{"href":"https:\/\/www.mojevrijeme.hr\/magazin\/wp-json\/wp\/v2\/media?parent=40610"}],"wp:term":[{"taxonomy":"category","embeddable":true,"href":"https:\/\/www.mojevrijeme.hr\/magazin\/wp-json\/wp\/v2\/categories?post=40610"},{"taxonomy":"post_tag","embeddable":true,"href":"https:\/\/www.mojevrijeme.hr\/magazin\/wp-json\/wp\/v2\/tags?post=40610"}],"curies":[{"name":"wp","href":"https:\/\/api.w.org\/{rel}","templated":true}]}}