{"id":41039,"date":"2020-10-15T09:29:05","date_gmt":"2020-10-15T07:29:05","guid":{"rendered":"https:\/\/www.mojevrijeme.hr\/magazin\/?p=41039"},"modified":"2020-10-15T13:54:11","modified_gmt":"2020-10-15T11:54:11","slug":"srednji-prst-za-sve-one-bez-maske","status":"publish","type":"post","link":"https:\/\/www.mojevrijeme.hr\/magazin\/2020\/10\/srednji-prst-za-sve-one-bez-maske\/","title":{"rendered":"Srednji prst za sve one bez maske"},"content":{"rendered":"\n<p>Turisti\u010dka agencija Grada Berlina pokrenula je novu kampanju za promicanje svijesti o epidemiji koronavirusa koja je zbog svoje provokativnosti izazvala podijeljena mi\u0161ljenja.<\/p>\n\n\n\n<p>Naime, na plakatima koji se mogu na\u0107i \u0161irom grada lice je starije gospo\u0111e s maskom koja dr\u017ei uzdignut srednji prst. Na plakatima je i tekst: &#8220;Srednji prst za sve one bez maske&#8221;.<\/p>\n\n\n\n<p>Moto ove kampanje, koju su pokrenuli berlinski slu\u017ebeni turisti\u010dki informativni centar Visit Berlin i berlinski Senat, je: &#8220;Mi slijedimo pravila o koroni&#8221;.<\/p><div id=\"mojev-240164909\" class=\"mojev-u-tekstu mojev-entity-placement\" style=\"margin-left: auto;margin-right: auto;text-align: center;\"><div class=\"mojev-adlabel\">oglas<\/div><div style=\"height: 250px;\"><script async src=\"https:\/\/pagead2.googlesyndication.com\/pagead\/js\/adsbygoogle.js?client=ca-pub-8106111766207173\"\r\n     crossorigin=\"anonymous\"><\/script>\r\n<!-- Prikazni 1 u tekstu -->\r\n<ins class=\"adsbygoogle\"\r\n     style=\"display:block\"\r\n     data-ad-client=\"ca-pub-8106111766207173\"\r\n     data-ad-slot=\"8535551207\"\r\n     data-ad-format=\"auto\"\r\n     data-full-width-responsive=\"true\"><\/ins>\r\n<script>\r\n     (adsbygoogle = window.adsbygoogle || []).push({});\r\n<\/script><\/div><\/div><br style=\"clear: both; display: block; float: none;\"\/>\n\n\n\n<p>&#8220;Ljudi bez maske dovode u rizik starije i ranjive. Htjeli smo svratiti pa\u017enju na ovaj problem&#8221;, rekao je glasnogovornik Visit Berlina, <strong>Christian T\u00e4nzler<\/strong>. &#8220;Ve\u0107ina gra\u0111ana Berlina i na\u0161ih gostiju po\u0161tuje i slijedi pravila o koroni, ali neki ljudi to ne rade. Htjeli smo svratiti pa\u017enju na ovaj problem. Iz tog razloga smo izabrali ovaj provokativni motiv&#8221;, objasnio je T\u00e4nzler svrhu kampanje za BBC te dodao da je poruka plakata u izrazitom berlinskom stilu.<\/p>\n\n\n\n<figure class=\"wp-block-embed-twitter wp-block-embed is-type-rich is-provider-twitter\"><div class=\"wp-block-embed__wrapper\">\n<blockquote class=\"twitter-tweet\" data-width=\"550\" data-dnt=\"true\"><p lang=\"de\" dir=\"ltr\">Mit dem Durchsetzen der Corona-Verordnungen hat es irgendwie nicht so richtig funktioniert in Berlin. Also versucht es der Senat mal mit Publikumsbeschimpfung. <a href=\"https:\/\/t.co\/MrW6krPGya\">pic.twitter.com\/MrW6krPGya<\/a><\/p>&mdash; Lorenz Maroldt (@LorenzMaroldt) <a href=\"https:\/\/twitter.com\/LorenzMaroldt\/status\/1315752891127418881?ref_src=twsrc%5Etfw\">October 12, 2020<\/a><\/blockquote><script async src=\"https:\/\/platform.twitter.com\/widgets.js\" charset=\"utf-8\"><\/script>\n<\/div><\/figure>\n\n\n\n<p>&#8220;Berlin\u010dani su vrlo dobro poznati po svojoj izravnoj komunikaciji. Mi to koristimo na vrlo izravan na\u010din da bismo komunicirali to to\u010dno onim ljudima koji ne po\u0161tuju pravila. Na\u0161a ciljana skupina su ljudi koji ne po\u0161tuju tu\u0111e \u017eivote&#8221;, rekao je T\u00e4nzler i dodao: &#8220;Ako se neki ljudi osje\u0107aju osobno napadnuti zbog toga \u0161to nisu u stanju nositi masku (iz zdravstvenih razloga), to nije bio na\u0161 cilj. Ispri\u010davam se zbog toga.&#8221;<\/p>\n<div id=\"mojev-395538771\" class=\"mojev-kraj-teksta mojev-entity-placement\" style=\"margin-bottom: 20px;margin-left: auto;margin-right: auto;text-align: center;\"><div class=\"mojev-adlabel\">oglas<\/div><div style=\"height: 250px;\"><script async src=\"https:\/\/pagead2.googlesyndication.com\/pagead\/js\/adsbygoogle.js?client=ca-pub-8106111766207173\"\r\n     crossorigin=\"anonymous\"><\/script>\r\n<!-- Display-1 -->\r\n<ins class=\"adsbygoogle\"\r\n     style=\"display:block\"\r\n     data-ad-client=\"ca-pub-8106111766207173\"\r\n     data-ad-slot=\"1465712950\"\r\n     data-ad-format=\"auto\"\r\n     data-full-width-responsive=\"true\"><\/ins>\r\n<script>\r\n     (adsbygoogle = window.adsbygoogle || []).push({});\r\n<\/script><\/div><\/div>","protected":false},"excerpt":{"rendered":"<p>Grad Berlin pokrenuo je provokativnu kampanju kojoj je cilj privoliti \u0161to vi\u0161e ljudi da nose maske kako bi za\u0161titili starije.<\/p>\n","protected":false},"author":1,"featured_media":41042,"comment_status":"closed","ping_status":"closed","sticky":false,"template":"","format":"standard","meta":{"footnotes":""},"categories":[2],"tags":[2046,2059,2431],"class_list":["post-41039","post","type-post","status-publish","format-standard","has-post-thumbnail","hentry","category-mozaik","tag-korona-virus","tag-maske-za-lice","tag-stariji"],"_links":{"self":[{"href":"https:\/\/www.mojevrijeme.hr\/magazin\/wp-json\/wp\/v2\/posts\/41039","targetHints":{"allow":["GET"]}}],"collection":[{"href":"https:\/\/www.mojevrijeme.hr\/magazin\/wp-json\/wp\/v2\/posts"}],"about":[{"href":"https:\/\/www.mojevrijeme.hr\/magazin\/wp-json\/wp\/v2\/types\/post"}],"author":[{"embeddable":true,"href":"https:\/\/www.mojevrijeme.hr\/magazin\/wp-json\/wp\/v2\/users\/1"}],"replies":[{"embeddable":true,"href":"https:\/\/www.mojevrijeme.hr\/magazin\/wp-json\/wp\/v2\/comments?post=41039"}],"version-history":[{"count":0,"href":"https:\/\/www.mojevrijeme.hr\/magazin\/wp-json\/wp\/v2\/posts\/41039\/revisions"}],"wp:featuredmedia":[{"embeddable":true,"href":"https:\/\/www.mojevrijeme.hr\/magazin\/wp-json\/wp\/v2\/media\/41042"}],"wp:attachment":[{"href":"https:\/\/www.mojevrijeme.hr\/magazin\/wp-json\/wp\/v2\/media?parent=41039"}],"wp:term":[{"taxonomy":"category","embeddable":true,"href":"https:\/\/www.mojevrijeme.hr\/magazin\/wp-json\/wp\/v2\/categories?post=41039"},{"taxonomy":"post_tag","embeddable":true,"href":"https:\/\/www.mojevrijeme.hr\/magazin\/wp-json\/wp\/v2\/tags?post=41039"}],"curies":[{"name":"wp","href":"https:\/\/api.w.org\/{rel}","templated":true}]}}