{"id":41056,"date":"2020-10-16T10:10:25","date_gmt":"2020-10-16T08:10:25","guid":{"rendered":"https:\/\/www.mojevrijeme.hr\/magazin\/?p=41056"},"modified":"2020-10-16T10:10:26","modified_gmt":"2020-10-16T08:10:26","slug":"moja-mama-zivi-sama-no-ako-joj-se-nesto-dogodi-meni-odmah-stize-poruka-na-mobitel","status":"publish","type":"post","link":"https:\/\/www.mojevrijeme.hr\/magazin\/2020\/10\/moja-mama-zivi-sama-no-ako-joj-se-nesto-dogodi-meni-odmah-stize-poruka-na-mobitel\/","title":{"rendered":"Moja mama \u017eivi sama, no ako joj se ne\u0161to dogodi meni odmah sti\u017ee poruka na mobitel"},"content":{"rendered":"\n<p>Djeca su odselila u drugi grad ili \u010dak dr\u017eavu i stari roditelji (ili samo majka ili otac), ostali su \u017eivjeti sami. Godine su pritisle, stigle su bolesti, sve se te\u017ee kre\u0107u. A \u0161to ako padnu negdje ili im se \u0161togod dogodi? Ho\u0107e li ih netko primijetiti? Ho\u0107e li mo\u0107i dozvati upomo\u0107? \u0160to ako ne nai\u0111e neki susjed da im pomogne? Briga je to koja ti\u0161ti mnogo ljudi, no dobra je vijest da malu pomo\u0107 ovdje mo\u017ee pru\u017eiti suvremena tehnologija.<\/p>\n\n\n\n<p>&#8220;Moja mama \u017eivi sama u Virovitici, ja \u017eivim u Zagrebu, a moja sestra u Njema\u010dkoj&#8221;, pri\u010da nam <strong>Branko Mi\u0161\u010devi\u0107<\/strong>. &#8220;Mama se slabo kre\u0107e i bila je ve\u0107 vi\u0161e puta pala negdje u ku\u0107i tako da je jedva uspjela do\u0107i do telefona i nazvati susjedu. Mama zbog bolesti i lo\u0161e govori pa i kad nazove, te\u0161ko ka\u017ee \u0161to joj je zapravo. Jednom je pala u dvori\u0161tu i tamo ostala \u010dak tri sata prije nego se uspjela dovu\u0107i unutra i pozvati pomo\u0107. Nakon toga sam odlu\u010dio postaviti kamere u maminu ku\u0107u&#8221;, ka\u017ee Branko, ina\u010de veliki ljubitelj tehnologije i raznih <em>gadgeta<\/em>.<\/p>\n\n\n\n<p>&#8220;Kamere snimaju samo dnevni boravak i hodnik tako da se vidi ulaz u sobu i kuhinju pa vidim da je mama pro\u0161la do dnevne sobe i do kuhinje. Vidim i ulaz u kupaonu ako je tamo ostavila, recimo, \u0161taku i vidim da je u\u0161la u kupaonu. Kamere snimaju prostore u kojima mama najvi\u0161e boravi i u kojima najvi\u0161e pada&#8221;, ka\u017ee Branko.<\/p><div id=\"mojev-198403272\" class=\"mojev-u-tekstu mojev-entity-placement\" style=\"margin-left: auto;margin-right: auto;text-align: center;\"><div class=\"mojev-adlabel\">oglas<\/div><div style=\"height: 250px;\"><script async src=\"https:\/\/pagead2.googlesyndication.com\/pagead\/js\/adsbygoogle.js?client=ca-pub-8106111766207173\"\r\n     crossorigin=\"anonymous\"><\/script>\r\n<!-- Prikazni 1 u tekstu -->\r\n<ins class=\"adsbygoogle\"\r\n     style=\"display:block\"\r\n     data-ad-client=\"ca-pub-8106111766207173\"\r\n     data-ad-slot=\"8535551207\"\r\n     data-ad-format=\"auto\"\r\n     data-full-width-responsive=\"true\"><\/ins>\r\n<script>\r\n     (adsbygoogle = window.adsbygoogle || []).push({});\r\n<\/script><\/div><\/div><br style=\"clear: both; display: block; float: none;\"\/>\n\n\n\n<figure class=\"wp-block-image size-large\"><img loading=\"lazy\" decoding=\"async\" width=\"740\" height=\"444\" src=\"https:\/\/www.mojevrijeme.hr\/magazin\/wp-content\/uploads\/2020\/10\/kamera-u-sobi-740x444.jpg\" alt=\"\" class=\"wp-image-41059\" srcset=\"https:\/\/www.mojevrijeme.hr\/magazin\/wp-content\/uploads\/2020\/10\/kamera-u-sobi-740x444.jpg 740w, https:\/\/www.mojevrijeme.hr\/magazin\/wp-content\/uploads\/2020\/10\/kamera-u-sobi-636x382.jpg 636w, https:\/\/www.mojevrijeme.hr\/magazin\/wp-content\/uploads\/2020\/10\/kamera-u-sobi-768x461.jpg 768w, https:\/\/www.mojevrijeme.hr\/magazin\/wp-content\/uploads\/2020\/10\/kamera-u-sobi-1536x922.jpg 1536w, https:\/\/www.mojevrijeme.hr\/magazin\/wp-content\/uploads\/2020\/10\/kamera-u-sobi-1500x900.jpg 1500w, https:\/\/www.mojevrijeme.hr\/magazin\/wp-content\/uploads\/2020\/10\/kamera-u-sobi-1600x960.jpg 1600w, https:\/\/www.mojevrijeme.hr\/magazin\/wp-content\/uploads\/2020\/10\/kamera-u-sobi-590x354.jpg 590w, https:\/\/www.mojevrijeme.hr\/magazin\/wp-content\/uploads\/2020\/10\/kamera-u-sobi-400x240.jpg 400w, https:\/\/www.mojevrijeme.hr\/magazin\/wp-content\/uploads\/2020\/10\/kamera-u-sobi-1000x600.jpg 1000w, https:\/\/www.mojevrijeme.hr\/magazin\/wp-content\/uploads\/2020\/10\/kamera-u-sobi-820x492.jpg 820w, https:\/\/www.mojevrijeme.hr\/magazin\/wp-content\/uploads\/2020\/10\/kamera-u-sobi.jpg 2000w\" sizes=\"auto, (max-width: 740px) 100vw, 740px\" \/><figcaption>Screenshot iz dnevne sobe<\/figcaption><\/figure>\n\n\n\n<p>Takvih wi-fi ili IT nadzornih kamera ima vi\u0161e vrsta. Branko se odlu\u010dio za kameru kineskog proizvo\u0111a\u010da Xiaomija, a razmi\u0161ljao je i o D-Linku. Te se kamere direktno pove\u017eu na wi-fi, jedino ih treba negdje ukop\u010dati u struju, no ima i kamera koje imaju baterije koje traju po tri mjeseca, ka\u017ee Branko i opisuje kako one zapravo rade i \u0161to snimaju.<\/p>\n\n\n\n<p>&#8220;Te kamere ne snimaju stalno nego se uklju\u010de kad osjete neki pokret. Preko aplikacije se spoji\u0161 na kameru i onda ona vidi pokret, snimi jedan kratki isje\u010dak koji se sprema na <em>cloud<\/em> (eng., oblak) od aplikacije. Ja imam i dodatne SD kartice na koje se snimi i malo du\u017ei video pa ja mogu kasnije pogledat detaljnije \u0161to se dogodilo. Kad se spoji\u0161 na kameru, mo\u017ee\u0161 iz drugog grada, na svojem mobitelu, vidjeti \u0161to se zbiva. Mo\u017ee\u0161 \u010dak i upravljati kamerom i malo je okrenuti lijevo ili desno, no ima i kamera koje su stati\u010dne i koje registriraju samo pokret. Postoje i vanjske kamere koje su malo otpornije na vrijeme, a ima i onih koje prate pokret i okre\u0107u se u smjeru osobe koja je pro\u0161la. Takva kamera snimi \u010das kad je osoba u\u0161la u vidokrug i kasnije zaustavi snimanje kad osoba ode&#8221;, ka\u017ee Branko.<\/p>\n\n\n\n<p>Ovaj sustav donio mu je, ka\u017ee, mirniji san, a sve skupa i ne ko\u0161ta puno. &#8220;Kamere koje sam ja instalirao ko\u0161taju oko 350 kuna svaka, no uz kameru ne do\u0111e napajanje nego samo USB kabel pa je to jo\u0161 dodatnih 50 kuna. Ja sam morao provu\u0107i i struju do nekih mjesta, pa je tu jo\u0161 onda tih par kuna za neki kabel. S kamerama do\u0111u i dr\u017ea\u010di za zid, vijci i to.&#8221;<\/p>\n\n\n\n<p>Kamere na sebi imaju zvu\u010dnik i mikrofon, tako da mo\u017ee komunicirati s mamom. No takav oblik komunikacije rijetko koristi. &#8220;Mo\u017ee\u0161 uklju\u010diti mikrofon da \u010duje\u0161 \u0161ta se doga\u0111a, a mo\u017ee\u0161 u isto vrijeme uklju\u010diti i svoj mikrofon na mobitelu pa osoba tamo \u010duje ako joj ne\u0161to \u017eeli\u0161 re\u0107i. Ali ja to ba\u0161 ne koristim da ne pla\u0161im mamu. Obi\u010dno gledam da mama bude u dometu telefona pa ju nazovem ako \u017eelim razgovarati.&#8221;<\/p>\n\n\n\n<p>Otkako ga je instalirao, na svu sre\u0107u, sustav Branku jo\u0161 nije doista zatrebao.<br>&#8220;Sre\u0107om jo\u0161 nije bilo trenutaka kad bi mi ozbiljno zatrebao ovaj sustav u smislu da je mama pala ili ne\u0161to tako. Nije bilo nekih kriti\u010dnih situacija, ali dogodilo se da je mami pao daljinski iza kau\u010da i ona ga nije mogla dohvatiti. Ja sam to primijetio pa sam pozvao prijatelja da joj do\u0111e pomo\u0107i. Osim toga, zasad nije bilo nekih ve\u0107ih problema.&#8221;<\/p>\n\n\n\n<p>I mama je zadovoljna novim <em>gadgetima<\/em> u svojoj ku\u0107i, najvi\u0161e zato \u0161to ih uop\u0107e ni ne primje\u0107uje. &#8220;Kamere sam stavio prije otprilike dva mjeseca, a mama je sve to skupa dobro prihvatila i rekla da je u redu ako \u0107e mi to pomo\u0107i. Naravno, kamera nema u spava\u0107oj sobi gdje se mama presvla\u010di, nego se samo iz hodnika vidi dio spava\u0107e sobe pa ako tamo padne, mogu je vidjeti. Ali mama nema nekakav poseban osje\u0107aj da je tamo kamera jer ta kamera zapravo ne snima stalno nego samo ako osjeti pokret. Kad mama pro\u0111e iz sobe u kuhinju, onda mi na mobitel stigne poruka. Mo\u017ee se namjestiti i interval poruka, ali i prilagoditi osjetljivost kamera tako da one bilje\u017ee ba\u0161 neki stvarni pokret, na primjer ako mama pro\u0111e po hodniku ili ako se otvore ili zatvore neka vrata, ali ne i neki manji pokret, recimo pokret rukom dok mama vadi maramicu ili ne\u0161to tako&#8221;, ka\u017ee Branko i za kraj dodaje: &#8220;Kamere zasad najvi\u0161e koriste meni, jer otkako sam ih instalirao, mirnije spavam znaju\u0107i da u svakom trenutku mogu vidjeti \u0161to se s mamom doga\u0111a.&#8221;<\/p>\n\n\n\n<h6><em>Ovaj prilog nastao je uz potporu Fonda za poticanje pluralizma i raznovrsnosti elektroni\u010dkih medija u okviru projekta \u201cNema predaje\u201d<\/em><\/h6>\n<div id=\"mojev-379832986\" class=\"mojev-kraj-teksta mojev-entity-placement\" style=\"margin-bottom: 20px;margin-left: auto;margin-right: auto;text-align: center;\"><div class=\"mojev-adlabel\">oglas<\/div><div style=\"height: 250px;\"><script async src=\"https:\/\/pagead2.googlesyndication.com\/pagead\/js\/adsbygoogle.js?client=ca-pub-8106111766207173\"\r\n     crossorigin=\"anonymous\"><\/script>\r\n<!-- Display-1 -->\r\n<ins class=\"adsbygoogle\"\r\n     style=\"display:block\"\r\n     data-ad-client=\"ca-pub-8106111766207173\"\r\n     data-ad-slot=\"1465712950\"\r\n     data-ad-format=\"auto\"\r\n     data-full-width-responsive=\"true\"><\/ins>\r\n<script>\r\n     (adsbygoogle = window.adsbygoogle || []).push({});\r\n<\/script><\/div><\/div>","protected":false},"excerpt":{"rendered":"<p>Kad kamera registrira pokret, aplikacija odmah korisniku \u0161alje poruku na mobitel. I svi mirno spavaju. <\/p>\n","protected":false},"author":4,"featured_media":41077,"comment_status":"closed","ping_status":"closed","sticky":false,"template":"","format":"standard","meta":{"footnotes":""},"categories":[2,1008],"tags":[952,80,126],"class_list":["post-41056","post","type-post","status-publish","format-standard","has-post-thumbnail","hentry","category-mozaik","category-nema-predaje","tag-nemapredaje","tag-starenje","tag-tehnologija"],"_links":{"self":[{"href":"https:\/\/www.mojevrijeme.hr\/magazin\/wp-json\/wp\/v2\/posts\/41056","targetHints":{"allow":["GET"]}}],"collection":[{"href":"https:\/\/www.mojevrijeme.hr\/magazin\/wp-json\/wp\/v2\/posts"}],"about":[{"href":"https:\/\/www.mojevrijeme.hr\/magazin\/wp-json\/wp\/v2\/types\/post"}],"author":[{"embeddable":true,"href":"https:\/\/www.mojevrijeme.hr\/magazin\/wp-json\/wp\/v2\/users\/4"}],"replies":[{"embeddable":true,"href":"https:\/\/www.mojevrijeme.hr\/magazin\/wp-json\/wp\/v2\/comments?post=41056"}],"version-history":[{"count":0,"href":"https:\/\/www.mojevrijeme.hr\/magazin\/wp-json\/wp\/v2\/posts\/41056\/revisions"}],"wp:featuredmedia":[{"embeddable":true,"href":"https:\/\/www.mojevrijeme.hr\/magazin\/wp-json\/wp\/v2\/media\/41077"}],"wp:attachment":[{"href":"https:\/\/www.mojevrijeme.hr\/magazin\/wp-json\/wp\/v2\/media?parent=41056"}],"wp:term":[{"taxonomy":"category","embeddable":true,"href":"https:\/\/www.mojevrijeme.hr\/magazin\/wp-json\/wp\/v2\/categories?post=41056"},{"taxonomy":"post_tag","embeddable":true,"href":"https:\/\/www.mojevrijeme.hr\/magazin\/wp-json\/wp\/v2\/tags?post=41056"}],"curies":[{"name":"wp","href":"https:\/\/api.w.org\/{rel}","templated":true}]}}