{"id":41164,"date":"2020-10-18T12:55:19","date_gmt":"2020-10-18T10:55:19","guid":{"rendered":"https:\/\/www.mojevrijeme.hr\/magazin\/?p=41164"},"modified":"2020-10-18T13:01:00","modified_gmt":"2020-10-18T11:01:00","slug":"goran-milic-otkrio-kako-je-izgubio-20-kilograma-novi-dokumentarac-snima-na-daljinu","status":"publish","type":"post","link":"https:\/\/www.mojevrijeme.hr\/magazin\/2020\/10\/goran-milic-otkrio-kako-je-izgubio-20-kilograma-novi-dokumentarac-snima-na-daljinu\/","title":{"rendered":"Goran Mili\u0107 (74) otkrio je kako je izgubio \u010dak 20 kilograma, a sve zbog Amerike"},"content":{"rendered":"\n<p>Tri je mjeseca&nbsp;<strong>Goran Mili\u0107&nbsp;<\/strong>patio dr\u017ee\u0107i dijetu. Odrekao se, ka\u017ee, svega ukusnog i slasnog, sve u nadi da \u0107e mu lije\u010dnici re\u0107i da po kila\u017ei vi\u0161e ne spada u rizi\u010dnu skupinu, te da \u0107e mo\u0107i otputovati u Ameriku i na licu mjesta snimiti novu televizijsku poslasticu, serijal &#8220;What\u2019s up America&#8221;, javlja <a href=\"https:\/\/www.jutarnji.hr\/scena\/domace-zvijezde\/smrsavio-sam-20-kg-ali-mi-lijecnica-nije-dala-u-sad-ipak-uspio-sam-snimiti-novi-serijal-15026040\" target=\"_blank\" rel=\"noreferrer noopener\">Jutarnji list<\/a>. <\/p>\n\n\n\n<p>&#8220;Odgodili smo putovanje za rujan, jer se nije moglo putovati, a onda su mi lije\u010dnici rekli da spadam u rizi\u010dnu skupinu. Napravio sam nadljudski napor preko ljeta, smr\u0161avio 20 kilograma, spustio \u0161e\u0107er na prosjek od 7,5, ali to nije bilo dovoljno da mi doktorica Gordana odobri put. U njenoj ordinaciji sve vrijednosti su sko\u010dile, tlak, \u0161e\u0107er, a jo\u0161 mi je napomenula da me nitko ne bi \u017eelio osigurati za takav put&#8221;, izgovorio je Mili\u0107. <\/p>\n\n\n\n<p>&#8220;Onda su producentice Kombinat produkcije&nbsp;<strong>Sandra Basso i Vesna Banovi\u0107<\/strong>&nbsp;predlo\u017eile, a ja se s odu\u0161evljenjem slo\u017eio, da cijeli projekt vodimo iz Zagreba, a da u Americi snimateljska i novinarska ekipa sve pokrije po na\u0161im uputama. Razgovore bismo vodili preko Zooma, ali bi dvije kamere snimale sugovornike u Americi, a dvije-tri mene u jednom predivnom zagreba\u010dkom prostoru. Dakle, nikakva folirancija, razgovor je u\u017eivo, a slika je odli\u010dna, nije Skype. Jako mi je drago da je HTV, koji kao veliki sustav ponekad ne mo\u017ee brzo reagirati, ovaj put bio besprijekorno kooperativan&#8221;, isti\u010de novinar koji je sada na \u010delu projekta dviju ekipa koje rade simultano na dva kontinenta.<\/p><div id=\"mojev-2651079592\" class=\"mojev-u-tekstu mojev-entity-placement\" style=\"margin-left: auto;margin-right: auto;text-align: center;\"><div class=\"mojev-adlabel\">oglas<\/div><div style=\"height: 250px;\"><script async src=\"https:\/\/pagead2.googlesyndication.com\/pagead\/js\/adsbygoogle.js?client=ca-pub-8106111766207173\"\r\n     crossorigin=\"anonymous\"><\/script>\r\n<!-- Prikazni 1 u tekstu -->\r\n<ins class=\"adsbygoogle\"\r\n     style=\"display:block\"\r\n     data-ad-client=\"ca-pub-8106111766207173\"\r\n     data-ad-slot=\"8535551207\"\r\n     data-ad-format=\"auto\"\r\n     data-full-width-responsive=\"true\"><\/ins>\r\n<script>\r\n     (adsbygoogle = window.adsbygoogle || []).push({});\r\n<\/script><\/div><\/div><br style=\"clear: both; display: block; float: none;\"\/>\n<div id=\"mojev-428807139\" class=\"mojev-kraj-teksta mojev-entity-placement\" style=\"margin-bottom: 20px;margin-left: auto;margin-right: auto;text-align: center;\"><div class=\"mojev-adlabel\">oglas<\/div><div style=\"height: 250px;\"><script async src=\"https:\/\/pagead2.googlesyndication.com\/pagead\/js\/adsbygoogle.js?client=ca-pub-8106111766207173\"\r\n     crossorigin=\"anonymous\"><\/script>\r\n<!-- Display-1 -->\r\n<ins class=\"adsbygoogle\"\r\n     style=\"display:block\"\r\n     data-ad-client=\"ca-pub-8106111766207173\"\r\n     data-ad-slot=\"1465712950\"\r\n     data-ad-format=\"auto\"\r\n     data-full-width-responsive=\"true\"><\/ins>\r\n<script>\r\n     (adsbygoogle = window.adsbygoogle || []).push({});\r\n<\/script><\/div><\/div>","protected":false},"excerpt":{"rendered":"<p>Napravio je, ka\u017ee, nadljudski napor kako bi mogao otputovati u Sjedinjene Dr\u017eave, ali na kraju &#8211; uzaludno. <\/p>\n","protected":false},"author":1,"featured_media":26273,"comment_status":"closed","ping_status":"closed","sticky":false,"template":"","format":"standard","meta":{"footnotes":""},"categories":[84],"tags":[1016,371],"class_list":["post-41164","post","type-post","status-publish","format-standard","has-post-thumbnail","hentry","category-show","tag-goran-milic","tag-mrsavljenje"],"_links":{"self":[{"href":"https:\/\/www.mojevrijeme.hr\/magazin\/wp-json\/wp\/v2\/posts\/41164","targetHints":{"allow":["GET"]}}],"collection":[{"href":"https:\/\/www.mojevrijeme.hr\/magazin\/wp-json\/wp\/v2\/posts"}],"about":[{"href":"https:\/\/www.mojevrijeme.hr\/magazin\/wp-json\/wp\/v2\/types\/post"}],"author":[{"embeddable":true,"href":"https:\/\/www.mojevrijeme.hr\/magazin\/wp-json\/wp\/v2\/users\/1"}],"replies":[{"embeddable":true,"href":"https:\/\/www.mojevrijeme.hr\/magazin\/wp-json\/wp\/v2\/comments?post=41164"}],"version-history":[{"count":0,"href":"https:\/\/www.mojevrijeme.hr\/magazin\/wp-json\/wp\/v2\/posts\/41164\/revisions"}],"wp:featuredmedia":[{"embeddable":true,"href":"https:\/\/www.mojevrijeme.hr\/magazin\/wp-json\/wp\/v2\/media\/26273"}],"wp:attachment":[{"href":"https:\/\/www.mojevrijeme.hr\/magazin\/wp-json\/wp\/v2\/media?parent=41164"}],"wp:term":[{"taxonomy":"category","embeddable":true,"href":"https:\/\/www.mojevrijeme.hr\/magazin\/wp-json\/wp\/v2\/categories?post=41164"},{"taxonomy":"post_tag","embeddable":true,"href":"https:\/\/www.mojevrijeme.hr\/magazin\/wp-json\/wp\/v2\/tags?post=41164"}],"curies":[{"name":"wp","href":"https:\/\/api.w.org\/{rel}","templated":true}]}}