{"id":41471,"date":"2020-10-26T17:20:37","date_gmt":"2020-10-26T16:20:37","guid":{"rendered":"https:\/\/www.mojevrijeme.hr\/magazin\/?p=41471"},"modified":"2020-10-26T17:20:39","modified_gmt":"2020-10-26T16:20:39","slug":"ministar-financija-maric-o-rebalansu-proracuna-i-mirovinama","status":"publish","type":"post","link":"https:\/\/www.mojevrijeme.hr\/magazin\/2020\/10\/ministar-financija-maric-o-rebalansu-proracuna-i-mirovinama\/","title":{"rendered":"Ministar financija Mari\u0107 o rebalansu prora\u010duna i mirovinama"},"content":{"rendered":"\n<p>Ministar financija <strong>Zdravko Mari\u0107<\/strong> novinarima je izjavio da procjenjuje da \u0107e pad prihoda ove godine biti ne\u0161to manji od originalno predvi\u0111enog. &#8220;Ne uljep\u0161avam sliku, samo realno govorim&#8221;, izjavio je Mari\u0107 te i podsjetio da je Vlada nedavno ubla\u017eila i projekcije gospodarskog pada u 2020. godini, na osam posto, s ranije planiranih 9,4 posto.<\/p>\n\n\n\n<p>Upitan o rebalansu prora\u010duna, kazao je i da \u0107e Ministarstvo zdravstva za podmirivanje obveza bolnica i ljekarni prema dobavlja\u010dima za lijekove dobiti 1,34 milijarde kuna, dok je dodatnih 200 milijuna kuna predvi\u0111eno za HZZO. Tko \u0107e u rebalansu izgubiti, saznat \u0107e se na sjednici Vlade ve\u0107 u \u010detvrtak.<\/p>\n\n\n\n<p>Ka\u017ee, rebalans u ovom trenutku dovodi do deficita prora\u010duna od osam posto BDP-a, odnosno gotovo 30 milijardi kuna. Izme\u0111u ostalog, tu je osam milijardi pla\u0107enog i ono \u0161to \u0107e se platiti po pitanju mjera pomo\u0107i gospodarstvu, 2,5 milijarde kuna se odnose na otpis poreza, no jo\u0161 puno ve\u0107i iznos generira pad gospodarske aktivnosti, koji se reflektirao na pad prihoda, pojasnio je Mari\u0107.<\/p><div id=\"mojev-2276006174\" class=\"mojev-u-tekstu mojev-entity-placement\" style=\"margin-left: auto;margin-right: auto;text-align: center;\"><div class=\"mojev-adlabel\">oglas<\/div><div style=\"height: 250px;\"><script async src=\"https:\/\/pagead2.googlesyndication.com\/pagead\/js\/adsbygoogle.js?client=ca-pub-8106111766207173\"\r\n     crossorigin=\"anonymous\"><\/script>\r\n<!-- Prikazni 1 u tekstu -->\r\n<ins class=\"adsbygoogle\"\r\n     style=\"display:block\"\r\n     data-ad-client=\"ca-pub-8106111766207173\"\r\n     data-ad-slot=\"8535551207\"\r\n     data-ad-format=\"auto\"\r\n     data-full-width-responsive=\"true\"><\/ins>\r\n<script>\r\n     (adsbygoogle = window.adsbygoogle || []).push({});\r\n<\/script><\/div><\/div><br style=\"clear: both; display: block; float: none;\"\/>\n\n\n\n<p>Ipak, prema ministrovim rije\u010dima, mirovine su sigurne: &#8220;Odgovorno tvrdim, mirovine nijedan dan nisu bile niti \u0107e biti po znakom pitanja, kao i \u010ditav niz drugih stavki.\u201c<\/p>\n<div id=\"mojev-3943252151\" class=\"mojev-kraj-teksta mojev-entity-placement\" style=\"margin-bottom: 20px;margin-left: auto;margin-right: auto;text-align: center;\"><div class=\"mojev-adlabel\">oglas<\/div><div style=\"height: 250px;\"><script async src=\"https:\/\/pagead2.googlesyndication.com\/pagead\/js\/adsbygoogle.js?client=ca-pub-8106111766207173\"\r\n     crossorigin=\"anonymous\"><\/script>\r\n<!-- Display-1 -->\r\n<ins class=\"adsbygoogle\"\r\n     style=\"display:block\"\r\n     data-ad-client=\"ca-pub-8106111766207173\"\r\n     data-ad-slot=\"1465712950\"\r\n     data-ad-format=\"auto\"\r\n     data-full-width-responsive=\"true\"><\/ins>\r\n<script>\r\n     (adsbygoogle = window.adsbygoogle || []).push({});\r\n<\/script><\/div><\/div>","protected":false},"excerpt":{"rendered":"<p>Ka\u017ee, rebalans u ovom trenutku dovodi do deficita prora\u010duna od osam posto BDP-a, odnosno gotovo 30 milijardi kuna.<\/p>\n","protected":false},"author":1,"featured_media":27036,"comment_status":"closed","ping_status":"closed","sticky":false,"template":"","format":"standard","meta":{"footnotes":""},"categories":[9],"tags":[18,2479,112,743],"class_list":["post-41471","post","type-post","status-publish","format-standard","has-post-thumbnail","hentry","category-vijesti","tag-mirovine","tag-rebalans-proracuna","tag-vlada","tag-zdravko-maric"],"_links":{"self":[{"href":"https:\/\/www.mojevrijeme.hr\/magazin\/wp-json\/wp\/v2\/posts\/41471","targetHints":{"allow":["GET"]}}],"collection":[{"href":"https:\/\/www.mojevrijeme.hr\/magazin\/wp-json\/wp\/v2\/posts"}],"about":[{"href":"https:\/\/www.mojevrijeme.hr\/magazin\/wp-json\/wp\/v2\/types\/post"}],"author":[{"embeddable":true,"href":"https:\/\/www.mojevrijeme.hr\/magazin\/wp-json\/wp\/v2\/users\/1"}],"replies":[{"embeddable":true,"href":"https:\/\/www.mojevrijeme.hr\/magazin\/wp-json\/wp\/v2\/comments?post=41471"}],"version-history":[{"count":0,"href":"https:\/\/www.mojevrijeme.hr\/magazin\/wp-json\/wp\/v2\/posts\/41471\/revisions"}],"wp:featuredmedia":[{"embeddable":true,"href":"https:\/\/www.mojevrijeme.hr\/magazin\/wp-json\/wp\/v2\/media\/27036"}],"wp:attachment":[{"href":"https:\/\/www.mojevrijeme.hr\/magazin\/wp-json\/wp\/v2\/media?parent=41471"}],"wp:term":[{"taxonomy":"category","embeddable":true,"href":"https:\/\/www.mojevrijeme.hr\/magazin\/wp-json\/wp\/v2\/categories?post=41471"},{"taxonomy":"post_tag","embeddable":true,"href":"https:\/\/www.mojevrijeme.hr\/magazin\/wp-json\/wp\/v2\/tags?post=41471"}],"curies":[{"name":"wp","href":"https:\/\/api.w.org\/{rel}","templated":true}]}}