{"id":41621,"date":"2020-10-31T08:10:36","date_gmt":"2020-10-31T07:10:36","guid":{"rendered":"https:\/\/www.mojevrijeme.hr\/magazin\/?p=41621"},"modified":"2020-10-31T08:13:10","modified_gmt":"2020-10-31T07:13:10","slug":"u-rujnu-najvise-umrlih-u-proteklih-devet-godina","status":"publish","type":"post","link":"https:\/\/www.mojevrijeme.hr\/magazin\/2020\/10\/u-rujnu-najvise-umrlih-u-proteklih-devet-godina\/","title":{"rendered":"Poja\u010dana smrtnost u rujnu: Najvi\u0161e umrlih u proteklih devet godina"},"content":{"rendered":"\n<p>Prema podacima Dr\u017eavnog zavoda za statistiku, o\u010dito je da \u0107e broj umrlih ove godine biti ve\u0107i nego lani jer su ve\u0107 u rujnu umrle 482 osobe vi\u0161e nego lani, njih 4328, \u0161to je najve\u0107i broj umrlih od 2011. <\/p>\n\n\n\n<p>Kako prenosi <a href=\"https:\/\/www.vecernji.hr\/vijesti\/korona-ocito-uzima-danak-u-rujnu-najvise-umrlih-u-posljednjih-9-godina-1442550\">Ve\u010dernji list<\/a>, u prvih 9 mjeseci 2020. umrlo je 39.168 ljudi, a lani njih 39.653 u tom razdoblju, a ina\u010de u Hrvatskoj se najvi\u0161e umire u zimskim mjesecima, i bez COVID-a, i to najvi\u0161e u sije\u010dnju i o\u017eujku. <\/p>\n\n\n\n<p>Usto, kad se uspore\u0111uje godi\u0161nji broj smrti, demografi vode ra\u010duna je li rije\u010d o godini ili godinama kad u duboku starost ulaze najbrojnije generacije nakon 2. svjetskog rata pa je smrtnost time ve\u0107a. U svakom slu\u010daju, s obzirom na broj umrlih od COVID-a posljednjih tjedana, nema dvojbe da \u0107e ove godine samo zbog epidemije broj umrlih kod nas biti ve\u0107i nego lani.<\/p><div id=\"mojev-2487502527\" class=\"mojev-u-tekstu mojev-entity-placement\" style=\"margin-left: auto;margin-right: auto;text-align: center;\"><div class=\"mojev-adlabel\">oglas<\/div><div style=\"height: 250px;\"><script async src=\"https:\/\/pagead2.googlesyndication.com\/pagead\/js\/adsbygoogle.js?client=ca-pub-8106111766207173\"\r\n     crossorigin=\"anonymous\"><\/script>\r\n<!-- Prikazni 1 u tekstu -->\r\n<ins class=\"adsbygoogle\"\r\n     style=\"display:block\"\r\n     data-ad-client=\"ca-pub-8106111766207173\"\r\n     data-ad-slot=\"8535551207\"\r\n     data-ad-format=\"auto\"\r\n     data-full-width-responsive=\"true\"><\/ins>\r\n<script>\r\n     (adsbygoogle = window.adsbygoogle || []).push({});\r\n<\/script><\/div><\/div><br style=\"clear: both; display: block; float: none;\"\/>\n\n\n\n<p>Ve\u010dernji se referirao na relativiziranje koje je u javnost iznio znanstvenik Miroslav Radman koji je u svojim nastupima tvrdio da je u prvih osam mjeseci 2020. umrlo 967 ljudi manje nego lani. Radman je, naime, zanemario temeljno u demografiji da se mrtvi broje na kraju godine i da se treba voditi ra\u010duna o jo\u0161 nekim parametrima, zaklju\u010duje <a href=\"https:\/\/www.vecernji.hr\/vijesti\/korona-ocito-uzima-danak-u-rujnu-najvise-umrlih-u-posljednjih-9-godina-1442550\" target=\"_blank\" rel=\"noreferrer noopener\">Ve\u010dernji<\/a>.<\/p>\n<div id=\"mojev-3814862957\" class=\"mojev-kraj-teksta mojev-entity-placement\" style=\"margin-bottom: 20px;margin-left: auto;margin-right: auto;text-align: center;\"><div class=\"mojev-adlabel\">oglas<\/div><div style=\"height: 250px;\"><script async src=\"https:\/\/pagead2.googlesyndication.com\/pagead\/js\/adsbygoogle.js?client=ca-pub-8106111766207173\"\r\n     crossorigin=\"anonymous\"><\/script>\r\n<!-- Display-1 -->\r\n<ins class=\"adsbygoogle\"\r\n     style=\"display:block\"\r\n     data-ad-client=\"ca-pub-8106111766207173\"\r\n     data-ad-slot=\"1465712950\"\r\n     data-ad-format=\"auto\"\r\n     data-full-width-responsive=\"true\"><\/ins>\r\n<script>\r\n     (adsbygoogle = window.adsbygoogle || []).push({});\r\n<\/script><\/div><\/div>","protected":false},"excerpt":{"rendered":"<p>Radman je, naime, zanemario temeljno u demografiji da se mrtvi broje na kraju godine i da se treba voditi ra\u010duna o jo\u0161 nekim parametrima, zaklju\u010duje Ve\u010dernji.<\/p>\n","protected":false},"author":1,"featured_media":10486,"comment_status":"closed","ping_status":"closed","sticky":false,"template":"","format":"standard","meta":{"footnotes":""},"categories":[9],"tags":[2465,1532,247],"class_list":["post-41621","post","type-post","status-publish","format-standard","has-post-thumbnail","hentry","category-vijesti","tag-miroslav-radman","tag-statistika","tag-umrli"],"_links":{"self":[{"href":"https:\/\/www.mojevrijeme.hr\/magazin\/wp-json\/wp\/v2\/posts\/41621","targetHints":{"allow":["GET"]}}],"collection":[{"href":"https:\/\/www.mojevrijeme.hr\/magazin\/wp-json\/wp\/v2\/posts"}],"about":[{"href":"https:\/\/www.mojevrijeme.hr\/magazin\/wp-json\/wp\/v2\/types\/post"}],"author":[{"embeddable":true,"href":"https:\/\/www.mojevrijeme.hr\/magazin\/wp-json\/wp\/v2\/users\/1"}],"replies":[{"embeddable":true,"href":"https:\/\/www.mojevrijeme.hr\/magazin\/wp-json\/wp\/v2\/comments?post=41621"}],"version-history":[{"count":0,"href":"https:\/\/www.mojevrijeme.hr\/magazin\/wp-json\/wp\/v2\/posts\/41621\/revisions"}],"wp:featuredmedia":[{"embeddable":true,"href":"https:\/\/www.mojevrijeme.hr\/magazin\/wp-json\/wp\/v2\/media\/10486"}],"wp:attachment":[{"href":"https:\/\/www.mojevrijeme.hr\/magazin\/wp-json\/wp\/v2\/media?parent=41621"}],"wp:term":[{"taxonomy":"category","embeddable":true,"href":"https:\/\/www.mojevrijeme.hr\/magazin\/wp-json\/wp\/v2\/categories?post=41621"},{"taxonomy":"post_tag","embeddable":true,"href":"https:\/\/www.mojevrijeme.hr\/magazin\/wp-json\/wp\/v2\/tags?post=41621"}],"curies":[{"name":"wp","href":"https:\/\/api.w.org\/{rel}","templated":true}]}}