{"id":41775,"date":"2020-11-05T08:22:05","date_gmt":"2020-11-05T07:22:05","guid":{"rendered":"https:\/\/www.mojevrijeme.hr\/magazin\/?p=41775"},"modified":"2020-11-05T08:22:57","modified_gmt":"2020-11-05T07:22:57","slug":"obnovljena-je-jovankina-vila-konacno-se-zna-ime-nove-gazdarice","status":"publish","type":"post","link":"https:\/\/www.mojevrijeme.hr\/magazin\/2020\/11\/obnovljena-je-jovankina-vila-konacno-se-zna-ime-nove-gazdarice\/","title":{"rendered":"Obnovljena je Jovankina vila, kona\u010dno se zna ime nove gazdarice"},"content":{"rendered":"\n<p>Nakon &#8220;misterioznog&#8221; preure\u0111enja obavijenog velom tajni, intriga i naga\u0111anja, u biv\u0161u vila &#8220;Bor&#8221; na Dedinju na Bulevaru kneza Aleksandra Kara\u0111or\u0111evi\u0107a 75, poznatijoj me\u0111u Beogra\u0111anima kao &#8220;Jovankina vila&#8221;, uselit \u0107e se premijerka Srbije <strong>Ana Brnabi\u0107<\/strong>. To je mali poklon dugogodi\u0161njoj Vu\u010di\u0107evoj premijerki od njenog \u0161efa za odanu slu\u017ebu, javlja <a rel=\"noreferrer noopener\" href=\"https:\/\/www.jutarnji.hr\/vijesti\/svijet\/velebna-jovankina-vila-dobiva-novu-stanarku-otkriveno-tko-ce-se-skuciti-uz-vucicev-blagoslov-15001231\" target=\"_blank\">Jutarnji list<\/a>.<\/p>\n\n\n\n<p>Ina\u010de, mnoge rezidencija koje su na Dedinju koristili jugoslavenski mo\u0107nici, preuzela ja Srbija koja je njihov vlasnik. U velebnu vilu Bor, biv\u0161a supruga jugoslavenskog lidera Josipa Broza Tita, uselila se odlukom tada\u0161nje vlade nakon njegove smrti po\u010detkom svibnja 1980. godine. <\/p>\n\n\n\n<p>U toj vili <strong>Jovanka Broz<\/strong>, ro\u0111ena Budisavljevi\u0107, iz li\u010dkog sela Pe\u0107ani, \u017eivjela je povu\u010deno sve do svoje smrti u listopadu 2013. godine, a sve te godine vila nije obnavljana te su nakon njene smrti, mnogi koji su je pohodili, kazali kako je ku\u0107a u derutnom i jadnom stanju, a godinama se nije grijala zbog puknu\u0107a toplovodnih cijevi koje se nisu popravljale.<\/p><div id=\"mojev-1685118530\" class=\"mojev-u-tekstu mojev-entity-placement\" style=\"margin-left: auto;margin-right: auto;text-align: center;\"><div class=\"mojev-adlabel\">oglas<\/div><div style=\"height: 250px;\"><script async src=\"https:\/\/pagead2.googlesyndication.com\/pagead\/js\/adsbygoogle.js?client=ca-pub-8106111766207173\"\r\n     crossorigin=\"anonymous\"><\/script>\r\n<!-- Prikazni 1 u tekstu -->\r\n<ins class=\"adsbygoogle\"\r\n     style=\"display:block\"\r\n     data-ad-client=\"ca-pub-8106111766207173\"\r\n     data-ad-slot=\"8535551207\"\r\n     data-ad-format=\"auto\"\r\n     data-full-width-responsive=\"true\"><\/ins>\r\n<script>\r\n     (adsbygoogle = window.adsbygoogle || []).push({});\r\n<\/script><\/div><\/div><br style=\"clear: both; display: block; float: none;\"\/>\n\n\n\n<p>Zbog lo\u0161ih uvjeta u kojoj je bila vila, Jovanka Broz je, pri\u010dali su njeni ro\u0111aci i rijetki prijatelji koji su je pohodili, u hladnim zimskim i jesenjim danima dok je zavijala ko\u0161ava morala u sobi sjediti u bundi kako bi se ugrijala. Grijanje je uvedeno tek u zadnjim godinama Jovankina \u017eivota, a obnovljen je i sanitarni \u010dvor, popravljeni su i naherena ograda i krov koji je proki\u0161njavao, i to, navodno, zahvaljuju\u0107i osobnom zalaganju Ivice Da\u010di\u0107a.<\/p>\n\n\n\n<p>Nakon \u0161to je umrla Titova udovica, iz ku\u0107e su iseljeni njeni ro\u0111aci koji su s njom \u017eivjeli, a potom je vila zaboravljena i zaklju\u010dana. Gotovo \u0161est godina bila je prazna, prepu\u0161tena zubu vremena, da bi krajem 2019. godine zapo\u010dela njena obnova, a da nitko nije znao kome \u0107e biti namijenjena, navodi <a href=\"https:\/\/www.jutarnji.hr\/vijesti\/svijet\/velebna-jovankina-vila-dobiva-novu-stanarku-otkriveno-tko-ce-se-skuciti-uz-vucicev-blagoslov-15001231\" target=\"_blank\" rel=\"noreferrer noopener\">Jutarnji<\/a>.<\/p>\n<div id=\"mojev-2370944709\" class=\"mojev-kraj-teksta mojev-entity-placement\" style=\"margin-bottom: 20px;margin-left: auto;margin-right: auto;text-align: center;\"><div class=\"mojev-adlabel\">oglas<\/div><div style=\"height: 250px;\"><script async src=\"https:\/\/pagead2.googlesyndication.com\/pagead\/js\/adsbygoogle.js?client=ca-pub-8106111766207173\"\r\n     crossorigin=\"anonymous\"><\/script>\r\n<!-- Display-1 -->\r\n<ins class=\"adsbygoogle\"\r\n     style=\"display:block\"\r\n     data-ad-client=\"ca-pub-8106111766207173\"\r\n     data-ad-slot=\"1465712950\"\r\n     data-ad-format=\"auto\"\r\n     data-full-width-responsive=\"true\"><\/ins>\r\n<script>\r\n     (adsbygoogle = window.adsbygoogle || []).push({});\r\n<\/script><\/div><\/div>","protected":false},"excerpt":{"rendered":"<p>Zbog lo\u0161ih uvjeta u kojoj je bila vila, Jovanka Broz je, pri\u010dali su njeni ro\u0111aci i rijetki prijatelji koji su je pohodili, u hladnim zimskim i jesenjim danima dok je zavijala ko\u0161ava morala u sobi sjediti u bundi kako bi se ugrijala. <\/p>\n","protected":false},"author":1,"featured_media":8714,"comment_status":"closed","ping_status":"closed","sticky":false,"template":"","format":"standard","meta":{"footnotes":""},"categories":[2],"tags":[2493,549,188],"class_list":["post-41775","post","type-post","status-publish","format-standard","has-post-thumbnail","hentry","category-mozaik","tag-beograd","tag-jovanka","tag-jugoslavija"],"_links":{"self":[{"href":"https:\/\/www.mojevrijeme.hr\/magazin\/wp-json\/wp\/v2\/posts\/41775","targetHints":{"allow":["GET"]}}],"collection":[{"href":"https:\/\/www.mojevrijeme.hr\/magazin\/wp-json\/wp\/v2\/posts"}],"about":[{"href":"https:\/\/www.mojevrijeme.hr\/magazin\/wp-json\/wp\/v2\/types\/post"}],"author":[{"embeddable":true,"href":"https:\/\/www.mojevrijeme.hr\/magazin\/wp-json\/wp\/v2\/users\/1"}],"replies":[{"embeddable":true,"href":"https:\/\/www.mojevrijeme.hr\/magazin\/wp-json\/wp\/v2\/comments?post=41775"}],"version-history":[{"count":0,"href":"https:\/\/www.mojevrijeme.hr\/magazin\/wp-json\/wp\/v2\/posts\/41775\/revisions"}],"wp:featuredmedia":[{"embeddable":true,"href":"https:\/\/www.mojevrijeme.hr\/magazin\/wp-json\/wp\/v2\/media\/8714"}],"wp:attachment":[{"href":"https:\/\/www.mojevrijeme.hr\/magazin\/wp-json\/wp\/v2\/media?parent=41775"}],"wp:term":[{"taxonomy":"category","embeddable":true,"href":"https:\/\/www.mojevrijeme.hr\/magazin\/wp-json\/wp\/v2\/categories?post=41775"},{"taxonomy":"post_tag","embeddable":true,"href":"https:\/\/www.mojevrijeme.hr\/magazin\/wp-json\/wp\/v2\/tags?post=41775"}],"curies":[{"name":"wp","href":"https:\/\/api.w.org\/{rel}","templated":true}]}}