{"id":41829,"date":"2020-11-06T08:30:47","date_gmt":"2020-11-06T07:30:47","guid":{"rendered":"https:\/\/www.mojevrijeme.hr\/magazin\/?p=41829"},"modified":"2020-11-06T08:39:48","modified_gmt":"2020-11-06T07:39:48","slug":"simptomi-korone-svrstani-su-u-sedam-skupina","status":"publish","type":"post","link":"https:\/\/www.mojevrijeme.hr\/magazin\/2020\/11\/simptomi-korone-svrstani-su-u-sedam-skupina\/","title":{"rendered":"Simptomi korone svrstani u sedam skupina mogu otkriti kakav \u0107e biti ste\u010deni imunitet"},"content":{"rendered":"\n<p>Peckanje u grlu, glavobolja, lagano curenje nosa &#8211; kakvi su simptomi bolesti COVID-19? Prije godinu dana nas takve bolesti ili lagana prehlada ne bi zanimale &#8211; ako smo ih uop\u0107e i primje\u0107ivali, pi\u0161e <a rel=\"noreferrer noopener\" href=\"https:\/\/www.dw.com\/hr\/korona-sedam-skupina-simptoma\/a-55502365\" target=\"_blank\">Deutsche Welle<\/a>. <\/p>\n\n\n\n<p>No sada, u jesen 2020. godine, to izgleda sasvim druga\u010dije. Dovoljno je ve\u0107 kihanje da se po\u010dne razmi\u0161ljati: &#8220;Gdje sam bio posljednjih dana, koliko sam se pribli\u017eavao ljudima, \u0161to sam dodirivao? Funkcioniraju li moja \u010dula mirisa i okusa? Pomalo mi nedostaje daha \u2026 &#8221; Stop! Ako vam to ne\u0161to zna\u010di: niste jedini.<\/p>\n\n\n\n<p>Znanstvenici i lije\u010dnici tako\u0111er su neprestano zaokupljeni takvim mislima i jo\u0161 uvijek poku\u0161avaju u\u0107i u trag mno\u0161tvu simptoma koje mo\u017ee imati osoba zara\u017eena koronavirusom. Znanstvenici s Medicinskog sveu\u010dili\u0161ta u Be\u010du sada bi mogli unijeti bar malo vi\u0161e reda u dugi popis naznaka infekcije koronavirusom. Oni su, naime, utvrdili sedam razli\u010ditih oblika s blagim tokom ove bolesti. Studija je objavljena u \u010dasopisu <em>Allergy<\/em>.<\/p><div id=\"mojev-17759166\" class=\"mojev-u-tekstu mojev-entity-placement\" style=\"margin-left: auto;margin-right: auto;text-align: center;\"><div class=\"mojev-adlabel\">oglas<\/div><div style=\"height: 250px;\"><script async src=\"https:\/\/pagead2.googlesyndication.com\/pagead\/js\/adsbygoogle.js?client=ca-pub-8106111766207173\"\r\n     crossorigin=\"anonymous\"><\/script>\r\n<!-- Prikazni 1 u tekstu -->\r\n<ins class=\"adsbygoogle\"\r\n     style=\"display:block\"\r\n     data-ad-client=\"ca-pub-8106111766207173\"\r\n     data-ad-slot=\"8535551207\"\r\n     data-ad-format=\"auto\"\r\n     data-full-width-responsive=\"true\"><\/ins>\r\n<script>\r\n     (adsbygoogle = window.adsbygoogle || []).push({});\r\n<\/script><\/div><\/div><br style=\"clear: both; display: block; float: none;\"\/>\n\n\n\n<p>Njihov primarni cilj: otkriti kako izgleda dobar imunitet nakon ozdravljenja i na temelju \u010dega se on mo\u017ee izmjeriti. U tu svrhu su imunolog <strong>Winfried Picklom<\/strong>, alergolog <strong>Rudolf Valent<\/strong> i njihovi kolege ispitali 109 rekonvalescenata &#8211; tj. osoba koje su preboljele koronu &#8211; te ispitali 98 zdravih ljudi iz kontrolne grupe i izvr\u0161ili pretrage njihove krvi.<\/p>\n\n\n\n<h3 class=\"wp-block-heading\">Sedam skupina simptoma COVID-19<\/h3>\n\n\n\n<p>Na temelju tih podataka znanstvenici su uspjeli pokazati da su razli\u010diti simptomi povezani i da se javljaju u takozvanim skupinama simptoma. Oni su identificirali sljede\u0107ih sedam skupina:<\/p>\n\n\n\n<ol class=\"wp-block-list\"><li>Simptomi sli\u010dni gripi (temperatura, groznica, umor i ka\u0161alj)<\/li><li>Simptomi prehlade (curenje nosa, kihanje, suho grlo i za\u010depljen nos)<\/li><li>Bolovi u zglobovima i mi\u0161i\u0107ima <\/li><li>Upale o\u010diju i sluzoko\u017ee<\/li><li>Problemi s plu\u0107ima (upala plu\u0107a i ote\u017eano disanje)<\/li><li>Gastrointestinalni problemi (uklju\u010duju\u0107i proljev, mu\u010dninu i glavobolju)<\/li><li>Gubitak \u010dula mirisa, okusa i drugi simptomi<\/li><\/ol>\n\n\n\n<p>&#8220;U posljednjoj skupini smo mogli ustanoviti da je vi\u0161e ljudi s mladim imunosnim sustavom pogo\u0111eno gubitkom \u010dula mirisa i okusa&#8221;, ka\u017ee direktor studije i imunolog Winfried Pickl u intervjuu za <a href=\"https:\/\/www.dw.com\/hr\/korona-sedam-skupina-simptoma\/a-55502365\" target=\"_blank\" rel=\"noreferrer noopener\">DW<\/a>. Mladi imunosni sustav ne mjeri se starosnom dobi pacijenta, ve\u0107 brojem imunih stanica koje su nedavno migrirale iz timusa (T-limfocita).<\/p>\n\n\n\n<p>Mo\u017ee do\u0107i i do preklapanja izme\u0111u skupina simptoma. Me\u0111utim, pokazale su se veze izme\u0111u razli\u010ditih skupina i specifi\u010dnih imunolo\u0161kih parametara. Na primjer, tok bolesti pra\u0107en visokom temperaturom u korelaciji s imunolo\u0161kim pam\u0107enjem tijela mogao bi ukazivati na relativno dug imunitet. Gubitak \u010dula okusa i mirisa, s druge strane, povezan je s vi\u0161om razinom T-limfocita.<\/p>\n\n\n\n<h3 class=\"wp-block-heading\">Covid-19: otisak prsta u krvi<\/h3>\n\n\n\n<p>Na temelju analize krvi znanstvenici su uspjeli identificirati neke va\u017ene markere Covida-19. Otkrili su da ta bolest nakon deset tjedana ostavlja zna\u010dajne promjene u imunosnom sustavu &#8211; takore\u0107i, poput otiska prsta u krvi pacijenta.<\/p>\n\n\n\n<p>Broj granulocita, koji su ina\u010de odgovorni za borbu protiv bakterijskih patogena u imunosnom sustavu, bio je zna\u010dajno ni\u017ei od uobi\u010dajenog u skupini Covid-19. &#8220;To je bilo iznena\u0111uju\u0107e i ne\u0161to sasvim novo&#8221;, rekao je austrijski imunolog u intervjuu za <a href=\"https:\/\/www.dw.com\/hr\/korona-sedam-skupina-simptoma\/a-55502365\" target=\"_blank\" rel=\"noreferrer noopener\">DW<\/a>.<\/p>\n\n\n\n<p>&#8220;Zbog toga imune stanice CD4 i CD8 razvijaju pam\u0107enje, a CD8 T-stanice ostaju sna\u017eno aktivirane. To pokazuje da se imunosni sustav jo\u0161 uvijek intenzivno nosi s bole\u0161\u0107u i nakon vi\u0161e tjedana poslije prve infekcije,&#8221; isti\u010de Pickl.<\/p>\n\n\n\n<p>To bi mogao biti i razlog za\u0161to mnogi pacijenti nakon infekcije Covidom-19 du\u017ee osje\u0107aju slabost. Istovremeno, regulatorne T-stanice bile su zna\u010dajno smanjene &#8211; to je, kako ka\u017ee Pickl, opasna mje\u0161avina koja bi mogla dovesti i do autoimunog oboljenja.<\/p>\n\n\n\n<p>Pored toga, u krvi rekonvalescenata moglo se dokazati i pove\u0107avanje imunih stanica koje proizvode antitijela. \u0160to je kod bla\u017eeg oblika bolesti bila ve\u0107a temperatura oboljelog, bio je i izra\u017eeniji imunitet na virus.<\/p>\n\n\n\n<p>\u201eNa\u0161a saznanja doprinose boljem razumijevanju bolesti i poma\u017eu nam u razvoju mogu\u0107ih cjepiva, budu\u0107i da se sada mo\u017eemo osloniti na obe\u0107avaju\u0107e biomarkere i provesti jo\u0161 bolji nadzor&#8221;, naglasio je tim znanstvenika koji potpisuje objavljeni \u010dlanak. &#8220;Sada znamo da su B i T-limfociti va\u017eni parametri kada procjenjujemo cjepiva&#8221;, ka\u017ee Pickl.<\/p>\n\n\n\n<p>Studija je, prije svega, pokazala da se ljudski imunitet &#8220;udvostru\u010duje&#8221; u obrani od bolesti uz pomo\u0107 imunosnih stanica i antitijela &#8211; poput obrane moderne nogometne mom\u010dadi. Imunosne stanice tako mogu &#8220;zapamtiti&#8221; odre\u0111ene &#8220;poteze&#8221; virusa i reagirati na njih.<\/p>\n\n\n\n<p>Zadatak je sada primijeniti ova saznanja, koja bi mogli igrati va\u017enu ulogu u lije\u010denju pacijenata i razvoju u\u010dinkovitog cjepiva.<\/p>\n<div id=\"mojev-1849678679\" class=\"mojev-kraj-teksta mojev-entity-placement\" style=\"margin-bottom: 20px;margin-left: auto;margin-right: auto;text-align: center;\"><div class=\"mojev-adlabel\">oglas<\/div><div style=\"height: 250px;\"><script async src=\"https:\/\/pagead2.googlesyndication.com\/pagead\/js\/adsbygoogle.js?client=ca-pub-8106111766207173\"\r\n     crossorigin=\"anonymous\"><\/script>\r\n<!-- Display-1 -->\r\n<ins class=\"adsbygoogle\"\r\n     style=\"display:block\"\r\n     data-ad-client=\"ca-pub-8106111766207173\"\r\n     data-ad-slot=\"1465712950\"\r\n     data-ad-format=\"auto\"\r\n     data-full-width-responsive=\"true\"><\/ins>\r\n<script>\r\n     (adsbygoogle = window.adsbygoogle || []).push({});\r\n<\/script><\/div><\/div>","protected":false},"excerpt":{"rendered":"<p>Tok bolesti pra\u0107en visokom temperaturom u korelaciji s imunolo\u0161kim pam\u0107enjem tijela mogao bi ukazivati na relativno dug imunitet. Gubitak \u010dula okusa i mirisa, s druge strane, povezan je s vi\u0161om razinom T-limfocita.<\/p>\n","protected":false},"author":1,"featured_media":41831,"comment_status":"closed","ping_status":"closed","sticky":false,"template":"","format":"standard","meta":{"footnotes":""},"categories":[9,3],"tags":[2046,1287],"class_list":["post-41829","post","type-post","status-publish","format-standard","has-post-thumbnail","hentry","category-vijesti","category-zdravlje","tag-korona-virus","tag-simptomi"],"_links":{"self":[{"href":"https:\/\/www.mojevrijeme.hr\/magazin\/wp-json\/wp\/v2\/posts\/41829","targetHints":{"allow":["GET"]}}],"collection":[{"href":"https:\/\/www.mojevrijeme.hr\/magazin\/wp-json\/wp\/v2\/posts"}],"about":[{"href":"https:\/\/www.mojevrijeme.hr\/magazin\/wp-json\/wp\/v2\/types\/post"}],"author":[{"embeddable":true,"href":"https:\/\/www.mojevrijeme.hr\/magazin\/wp-json\/wp\/v2\/users\/1"}],"replies":[{"embeddable":true,"href":"https:\/\/www.mojevrijeme.hr\/magazin\/wp-json\/wp\/v2\/comments?post=41829"}],"version-history":[{"count":0,"href":"https:\/\/www.mojevrijeme.hr\/magazin\/wp-json\/wp\/v2\/posts\/41829\/revisions"}],"wp:featuredmedia":[{"embeddable":true,"href":"https:\/\/www.mojevrijeme.hr\/magazin\/wp-json\/wp\/v2\/media\/41831"}],"wp:attachment":[{"href":"https:\/\/www.mojevrijeme.hr\/magazin\/wp-json\/wp\/v2\/media?parent=41829"}],"wp:term":[{"taxonomy":"category","embeddable":true,"href":"https:\/\/www.mojevrijeme.hr\/magazin\/wp-json\/wp\/v2\/categories?post=41829"},{"taxonomy":"post_tag","embeddable":true,"href":"https:\/\/www.mojevrijeme.hr\/magazin\/wp-json\/wp\/v2\/tags?post=41829"}],"curies":[{"name":"wp","href":"https:\/\/api.w.org\/{rel}","templated":true}]}}