{"id":42159,"date":"2020-11-15T18:40:08","date_gmt":"2020-11-15T17:40:08","guid":{"rendered":"https:\/\/www.mojevrijeme.hr\/magazin\/?p=42159"},"modified":"2020-11-15T18:40:21","modified_gmt":"2020-11-15T17:40:21","slug":"kolinda-grabar-kitarovic-mlada-sam-i-zivot-je-preda-mnom-stp-god-tko-mislio","status":"publish","type":"post","link":"https:\/\/www.mojevrijeme.hr\/magazin\/2020\/11\/kolinda-grabar-kitarovic-mlada-sam-i-zivot-je-preda-mnom-stp-god-tko-mislio\/","title":{"rendered":"Kolinda Grabar-Kitarovi\u0107: Mlada sam i \u017eivot je preda mnom, \u0161to god tko mislio"},"content":{"rendered":"\n<p>Biv\u0161a predsjednica <strong>Kolinda Grabar-Kitarovi\u0107<\/strong> (52) u razgovoru za <a rel=\"noreferrer noopener\" href=\"https:\/\/www.novilist.hr\/vijesti\/hrvatska\/kolinda-grabar-kitarovic-od-rezultata-izbora-oporavljala-sam-se-cijelih-pet-minuta-kad-zatvorite-jedno-poglavlje-zivota-valja-razmisljati-o-novome-a-ne-iznova-citati-jedne-te-iste-stranice\/?meta_refresh=true\" target=\"_blank\">Novi list <\/a>komentirala je izborni poraz. Rekla je kako se od poraza na izborima oporavljala &#8220;cijelih pet minuta&#8221;.<\/p>\n\n\n\n<p>&#8220;Tu bitku nisam dobila, ali \u017eivot ide dalje, valja se okrenuti budu\u0107nosti. S obzirom na pisanje doktorata, <em>online<\/em> konferencije na raznim znanstvenim institutima, sveu\u010dili\u0161tima, politi\u010dkim i poduzetni\u010dkim inkubatorima, a iznad svega pored gotovo svakodnevnih obaveza kao \u010dlanice MOO, doista se nemam vremena, a jo\u0161 manje \u017eelje, vra\u0107ati na tu temu&#8221;, kazala je Grabar-Kitarovi\u0107. <\/p>\n\n\n\n<p>Istaknula je i prednosti \u017eivota obi\u010dne gra\u0111anke: &#8220;Kona\u010dno imam vi\u0161e vremena za sebe, za svoju obitelj. \u017divot je opu\u0161teniji, lak\u0161i, smireniji. Uspijem pogledati neki film, pro\u010ditati neku knjigu koju ina\u010de ne bih stigla. Imam kontrolu nad svojim rasporedom i okolinom. U\u017eivam u tome. Sebe smatram mladom, ma \u0161to tko drugi mislio. \u017divot je preda mnom. Me\u0111utim, kad zatvorite jedno poglavlje \u017eivota, valja razmi\u0161ljati o novome, a ne iznova \u010ditati jedne te iste stranice. Tako i ja sebe trenutno vidim u nekim drugim vodama, izvan unutarnje politike.&#8221;<\/p><div id=\"mojev-2533234638\" class=\"mojev-u-tekstu mojev-entity-placement\" style=\"margin-left: auto;margin-right: auto;text-align: center;\"><div class=\"mojev-adlabel\">oglas<\/div><div style=\"height: 250px;\"><script async src=\"https:\/\/pagead2.googlesyndication.com\/pagead\/js\/adsbygoogle.js?client=ca-pub-8106111766207173\"\r\n     crossorigin=\"anonymous\"><\/script>\r\n<!-- Prikazni 1 u tekstu -->\r\n<ins class=\"adsbygoogle\"\r\n     style=\"display:block\"\r\n     data-ad-client=\"ca-pub-8106111766207173\"\r\n     data-ad-slot=\"8535551207\"\r\n     data-ad-format=\"auto\"\r\n     data-full-width-responsive=\"true\"><\/ins>\r\n<script>\r\n     (adsbygoogle = window.adsbygoogle || []).push({});\r\n<\/script><\/div><\/div><br style=\"clear: both; display: block; float: none;\"\/>\n\n\n\n<p>Zaklju\u010dno je za Novi list rekla kako zasad ne razmi\u0161lja o aktiviranju prava na Ured biv\u0161e predsjednice jer od njega u uvjetima pandemije ne vidi koristi.<\/p>\n<div id=\"mojev-3338050645\" class=\"mojev-kraj-teksta mojev-entity-placement\" style=\"margin-bottom: 20px;margin-left: auto;margin-right: auto;text-align: center;\"><div class=\"mojev-adlabel\">oglas<\/div><div style=\"height: 250px;\"><script async src=\"https:\/\/pagead2.googlesyndication.com\/pagead\/js\/adsbygoogle.js?client=ca-pub-8106111766207173\"\r\n     crossorigin=\"anonymous\"><\/script>\r\n<!-- Display-1 -->\r\n<ins class=\"adsbygoogle\"\r\n     style=\"display:block\"\r\n     data-ad-client=\"ca-pub-8106111766207173\"\r\n     data-ad-slot=\"1465712950\"\r\n     data-ad-format=\"auto\"\r\n     data-full-width-responsive=\"true\"><\/ins>\r\n<script>\r\n     (adsbygoogle = window.adsbygoogle || []).push({});\r\n<\/script><\/div><\/div>","protected":false},"excerpt":{"rendered":"<p>Rekla je kako zasad ne razmi\u0161lja o aktiviranju prava na Ured biv\u0161e predsjednice jer od njega u uvjetima pandemije ne vidi koristi.<\/p>\n","protected":false},"author":1,"featured_media":16970,"comment_status":"closed","ping_status":"closed","sticky":false,"template":"","format":"standard","meta":{"footnotes":""},"categories":[84],"tags":[359,80],"class_list":["post-42159","post","type-post","status-publish","format-standard","has-post-thumbnail","hentry","category-show","tag-kolinda","tag-starenje"],"_links":{"self":[{"href":"https:\/\/www.mojevrijeme.hr\/magazin\/wp-json\/wp\/v2\/posts\/42159","targetHints":{"allow":["GET"]}}],"collection":[{"href":"https:\/\/www.mojevrijeme.hr\/magazin\/wp-json\/wp\/v2\/posts"}],"about":[{"href":"https:\/\/www.mojevrijeme.hr\/magazin\/wp-json\/wp\/v2\/types\/post"}],"author":[{"embeddable":true,"href":"https:\/\/www.mojevrijeme.hr\/magazin\/wp-json\/wp\/v2\/users\/1"}],"replies":[{"embeddable":true,"href":"https:\/\/www.mojevrijeme.hr\/magazin\/wp-json\/wp\/v2\/comments?post=42159"}],"version-history":[{"count":0,"href":"https:\/\/www.mojevrijeme.hr\/magazin\/wp-json\/wp\/v2\/posts\/42159\/revisions"}],"wp:featuredmedia":[{"embeddable":true,"href":"https:\/\/www.mojevrijeme.hr\/magazin\/wp-json\/wp\/v2\/media\/16970"}],"wp:attachment":[{"href":"https:\/\/www.mojevrijeme.hr\/magazin\/wp-json\/wp\/v2\/media?parent=42159"}],"wp:term":[{"taxonomy":"category","embeddable":true,"href":"https:\/\/www.mojevrijeme.hr\/magazin\/wp-json\/wp\/v2\/categories?post=42159"},{"taxonomy":"post_tag","embeddable":true,"href":"https:\/\/www.mojevrijeme.hr\/magazin\/wp-json\/wp\/v2\/tags?post=42159"}],"curies":[{"name":"wp","href":"https:\/\/api.w.org\/{rel}","templated":true}]}}