{"id":42208,"date":"2020-11-17T13:11:13","date_gmt":"2020-11-17T12:11:13","guid":{"rendered":"https:\/\/www.mojevrijeme.hr\/magazin\/?p=42208"},"modified":"2020-11-17T17:05:52","modified_gmt":"2020-11-17T16:05:52","slug":"radno-vrijeme-trgovina-na-dan-sjecanja-na-zrtvu-vukovara-i-skabrnje-18-11-2020","status":"publish","type":"post","link":"https:\/\/www.mojevrijeme.hr\/magazin\/2020\/11\/radno-vrijeme-trgovina-na-dan-sjecanja-na-zrtvu-vukovara-i-skabrnje-18-11-2020\/","title":{"rendered":"Radno vrijeme trgovina na Dan sje\u0107anja na \u017ertvu Vukovara i \u0160kabrnje 18. 11. 2020."},"content":{"rendered":"\n<h3 class=\"wp-block-heading\">Spar i Interspar<\/h3>\n\n\n\n<p>Interspar hipermarketi 18.11. rade po redovnom radnom vremenu. SPAR supermarketi rade normalno, osim Spara u zadarskoj Ulici akcije Maslenica broj 1.<\/p>\n\n\n\n<h3 class=\"wp-block-heading\">Konzum<\/h3>\n\n\n\n<p>Trgovine Konzuma otvorit \u0107e svoja vrata kupcima, no ve\u0107ina \u0107e ih raditi do 12, 14 ili 15 sati. Vi\u0161e doznajte <a href=\"https:\/\/www.konzum.hr\/novosti\/radno-vrijeme-18-11-2020\" target=\"_blank\" rel=\"noreferrer noopener\">ovdje<\/a>.<\/p>\n\n\n\n<h3 class=\"wp-block-heading\">Lidl<\/h3>\n\n\n\n<p>Poslovnice Lidla radit \u0107e po blagdanskom rasporedu pa \u0107e ih ve\u0107ina zatvoriti u 14:00. Vi\u0161e potra\u017eite<a href=\"https:\/\/www.lidl.hr\/informacije-za-kupce\/blagdanska-radna-vremena\" target=\"_blank\" rel=\"noreferrer noopener\"> ovdje<\/a>.<\/p><div id=\"mojev-1126282499\" class=\"mojev-u-tekstu mojev-entity-placement\" style=\"margin-left: auto;margin-right: auto;text-align: center;\"><div class=\"mojev-adlabel\">oglas<\/div><div style=\"height: 250px;\"><script async src=\"https:\/\/pagead2.googlesyndication.com\/pagead\/js\/adsbygoogle.js?client=ca-pub-8106111766207173\"\r\n     crossorigin=\"anonymous\"><\/script>\r\n<!-- Prikazni 1 u tekstu -->\r\n<ins class=\"adsbygoogle\"\r\n     style=\"display:block\"\r\n     data-ad-client=\"ca-pub-8106111766207173\"\r\n     data-ad-slot=\"8535551207\"\r\n     data-ad-format=\"auto\"\r\n     data-full-width-responsive=\"true\"><\/ins>\r\n<script>\r\n     (adsbygoogle = window.adsbygoogle || []).push({});\r\n<\/script><\/div><\/div><br style=\"clear: both; display: block; float: none;\"\/>\n\n\n\n<h3 class=\"wp-block-heading\">Kaufland<\/h3>\n\n\n\n<p>Kaufland \u0107e raditi po nedjeljnom radnom vremenu, no poslovnica u Vukovaru biti \u0107e zatvorena. Va\u0161u poslovnicu potra\u017eite <a rel=\"noreferrer noopener\" href=\"https:\/\/www.kaufland.hr\/usluge\/poslovnica.html\" target=\"_blank\">ovdje<\/a>.<\/p>\n\n\n\n<h3 class=\"wp-block-heading\">Pevex<\/h3>\n\n\n\n<p>Od ukupno 26 prodajnih centara diljem Hrvatske, radit \u0107e 25 centara, ali skra\u0107eno, od 8 do 14 sati. Jedino ne\u0107e raditi prodajni centar u Vukovaru.<\/p>\n\n\n\n<h3 class=\"wp-block-heading\">Ikea<\/h3>\n\n\n\n<p>Robna ku\u0107a Ikea Zagreb radi po uobi\u010dajenom vremenu do 21 sat.<\/p>\n<div id=\"mojev-2173742684\" class=\"mojev-kraj-teksta mojev-entity-placement\" style=\"margin-bottom: 20px;margin-left: auto;margin-right: auto;text-align: center;\"><div class=\"mojev-adlabel\">oglas<\/div><div style=\"height: 250px;\"><script async src=\"https:\/\/pagead2.googlesyndication.com\/pagead\/js\/adsbygoogle.js?client=ca-pub-8106111766207173\"\r\n     crossorigin=\"anonymous\"><\/script>\r\n<!-- Display-1 -->\r\n<ins class=\"adsbygoogle\"\r\n     style=\"display:block\"\r\n     data-ad-client=\"ca-pub-8106111766207173\"\r\n     data-ad-slot=\"1465712950\"\r\n     data-ad-format=\"auto\"\r\n     data-full-width-responsive=\"true\"><\/ins>\r\n<script>\r\n     (adsbygoogle = window.adsbygoogle || []).push({});\r\n<\/script><\/div><\/div>","protected":false},"excerpt":{"rendered":"<p>Veliki trgova\u010dki lanci poslovat \u0107e i na Dan sje\u0107anja na \u017ertvu Vukovara i \u0160karbnje, no njihove \u0107e poslovnice raditi po prilago\u0111enom radnom vremenu. <\/p>\n","protected":false},"author":1,"featured_media":37323,"comment_status":"closed","ping_status":"closed","sticky":false,"template":"","format":"standard","meta":{"footnotes":""},"categories":[9],"tags":[2271,1073],"class_list":["post-42208","post","type-post","status-publish","format-standard","has-post-thumbnail","hentry","category-vijesti","tag-radno-vrijeme","tag-trgovine"],"_links":{"self":[{"href":"https:\/\/www.mojevrijeme.hr\/magazin\/wp-json\/wp\/v2\/posts\/42208","targetHints":{"allow":["GET"]}}],"collection":[{"href":"https:\/\/www.mojevrijeme.hr\/magazin\/wp-json\/wp\/v2\/posts"}],"about":[{"href":"https:\/\/www.mojevrijeme.hr\/magazin\/wp-json\/wp\/v2\/types\/post"}],"author":[{"embeddable":true,"href":"https:\/\/www.mojevrijeme.hr\/magazin\/wp-json\/wp\/v2\/users\/1"}],"replies":[{"embeddable":true,"href":"https:\/\/www.mojevrijeme.hr\/magazin\/wp-json\/wp\/v2\/comments?post=42208"}],"version-history":[{"count":0,"href":"https:\/\/www.mojevrijeme.hr\/magazin\/wp-json\/wp\/v2\/posts\/42208\/revisions"}],"wp:featuredmedia":[{"embeddable":true,"href":"https:\/\/www.mojevrijeme.hr\/magazin\/wp-json\/wp\/v2\/media\/37323"}],"wp:attachment":[{"href":"https:\/\/www.mojevrijeme.hr\/magazin\/wp-json\/wp\/v2\/media?parent=42208"}],"wp:term":[{"taxonomy":"category","embeddable":true,"href":"https:\/\/www.mojevrijeme.hr\/magazin\/wp-json\/wp\/v2\/categories?post=42208"},{"taxonomy":"post_tag","embeddable":true,"href":"https:\/\/www.mojevrijeme.hr\/magazin\/wp-json\/wp\/v2\/tags?post=42208"}],"curies":[{"name":"wp","href":"https:\/\/api.w.org\/{rel}","templated":true}]}}