{"id":42229,"date":"2020-11-18T18:43:30","date_gmt":"2020-11-18T17:43:30","guid":{"rendered":"https:\/\/www.mojevrijeme.hr\/magazin\/?p=42229"},"modified":"2020-11-18T18:46:45","modified_gmt":"2020-11-18T17:46:45","slug":"iako-mladi-divljaju-na-cesti-meta-su-i-dalje-stariji-vozaci","status":"publish","type":"post","link":"https:\/\/www.mojevrijeme.hr\/magazin\/2020\/11\/iako-mladi-divljaju-na-cesti-meta-su-i-dalje-stariji-vozaci\/","title":{"rendered":"Iako mladi divljaju na cesti, i dalje su na meti su stariji voza\u010di"},"content":{"rendered":"\n<p>U HRT-ovoj emisiji Istrage prometnih nesre\u0107a 31. listopada 2020. godine voza\u010di stariji od 65 godina ponovno su se na\u0161li &#8220;na tapetu&#8221;. Naime, gosti emisije, voditelj Slu\u017ebe za sigurnost cestovnog prometa MUP-a Josip Mataija te profesorica psihologije Jelena \u017duni\u0107, ponovno su poku\u0161ali progurati tezu o starijima kao lo\u0161im voza\u010dima koji su pogubni u prometu, pi\u0161e <strong><a href=\"https:\/\/www.suh.hr\/\" target=\"_blank\" rel=\"noreferrer noopener\">Glas umirovljenika<\/a><\/strong>.<\/p>\n\n\n\n<p>Dodu\u0161e, u po\u010detku emisije razgovor je zapo\u010deo o mladim voza\u010dima, koji zbog neiskustva, agresije, alkohola, opijata i nepa\u017enje uzrokuju najvi\u0161e nesre\u0107a. No, zatim se tendenciozno u cijelu pri\u010du uguralo i starije voza\u010de koji su, nepravedno i neto\u010dno, izjedna\u010deni sa mladim voza\u010dima.<\/p>\n\n\n\n<p>\u010cak je i novinarka u prilogu u emisiji navela kako je u Bruxellesu odr\u017eana videokonferencija o sigurnosti gra\u0111ana tre\u0107e dobi na prometnicama, te je krivo interpretirala grafikone, koji su doslovno pokazivali da osobe od 60 do 69 godina izazivaju manje prometnih nesre\u0107a od onih od 30 do 60 godina, oni od 70 do 79 godina bili su na istoj razini, tek su samo osobe iznad 80 godina imale ne\u0161to malo ve\u0107i prosjek izazivanja prometnih nesre\u0107a u odnosu na dob od 30-60 godina. No, novinarka je, ne znamo kojom logikom, donijela zaklju\u010dak da su zbog toga stariji voza\u010di lo\u0161iji voza\u010di te ih je izjedna\u010dila s mladim voza\u010dima od 16 do 29 godina, za koje je grafikon pokazivao duplo ve\u0107e stope izazivanja prometnih nesre\u0107a! O\u010dito je rije\u010d o naru\u010denom komentaru.<\/p><div id=\"mojev-3126655056\" class=\"mojev-u-tekstu mojev-entity-placement\" style=\"margin-left: auto;margin-right: auto;text-align: center;\"><div class=\"mojev-adlabel\">oglas<\/div><div style=\"height: 250px;\"><script async src=\"https:\/\/pagead2.googlesyndication.com\/pagead\/js\/adsbygoogle.js?client=ca-pub-8106111766207173\"\r\n     crossorigin=\"anonymous\"><\/script>\r\n<!-- Prikazni 1 u tekstu -->\r\n<ins class=\"adsbygoogle\"\r\n     style=\"display:block\"\r\n     data-ad-client=\"ca-pub-8106111766207173\"\r\n     data-ad-slot=\"8535551207\"\r\n     data-ad-format=\"auto\"\r\n     data-full-width-responsive=\"true\"><\/ins>\r\n<script>\r\n     (adsbygoogle = window.adsbygoogle || []).push({});\r\n<\/script><\/div><\/div><br style=\"clear: both; display: block; float: none;\"\/>\n\n\n\n<h3 class=\"wp-block-heading\">Lobiji medicine rada<\/h3>\n\n\n\n<p>Novinarka je dodala i kako je u Bruxellesu zaklju\u010deno kako starijim voza\u010dima kognitivne sposobnosti nisu dobre kao u mladih voza\u010da, naj\u010de\u0161\u0107e upravljaju starijim vozilima, percepcija im je lo\u0161ija te, pazite sad ovo, nisu sposobni procijeniti opasnost situacije. Definitivno je istina da stariji voza\u010di u prosjeku voze i starija vozila, no taj problem bi se rije\u0161io pove\u0107anjem mirovina i \u017eivotnog standarda starijih, a ne ka\u017enjavanjem na odlaske na skupe lije\u010dni\u010dke preglede od oko 500 kuna.<\/p>\n\n\n\n<p>Upravo je profesorica \u017duni\u0107 zaklju\u010dila kako bi se, eto, trebalo uvesti obvezne zdravstvene preglede za starije voza\u010de i to \u0161to \u010de\u0161\u0107e. Ni\u0161ta novo, lobiji medicine rada i njihovi policijski \u0161tovatelji (nije prvi put da gospodin Mataija iznosi &#8220;problematiku&#8221; starijih voza\u010da) ve\u0107 su \u010detiri puta od 2015. do travnja 2019. poku\u0161ali u izmjene Zakona o sigurnosti prometa na cestama ugurati obvezne zdravstvene lije\u010dni\u010dke preglede za starije voza\u010de. No, u rovovskim pregovorima s ministrima i alarmiranjem premijera Sindikat umirovljenika i Matica umirovljenika Hrvatske sva \u010detiri puta su se izborili da se u novi zakon ne uvede ta mjera.<\/p>\n\n\n\n<p>No, kako se vidi iz prilo\u017eenog, pritisci se nastavljaju, te je za o\u010dekivati da \u0107e lobiji poku\u0161ati ponovno progurati svoju ideju za brzu i laku zaradu na osiroma\u0161enim starijim osobama. To nas je zato i ponukalo da pro\u010de\u0161ljamo MUP-ovu fri\u0161ku statistiku za 2019. godinu i analiziramo jesu li stariji voza\u010di u Hrvatskoj doista lo\u0161iji voza\u010di, i jesu li, kako su \u010desto i neki mediji objavljivali, uzrokovali vi\u0161e nesre\u0107a od ostale populacije.<\/p>\n\n\n\n<h3 class=\"wp-block-heading\">Statistika ih demantira<\/h3>\n\n\n\n<p>Prema podacima u Hrvatskoj je bilo 322.198 voza\u010da starijih od 65 godina, te su \u010dinili 13,6 posto svih registriranih voza\u010da (2.369.618). No, od 29.333 prometne nesre\u0107e ta populacija prouzro\u010dila je njih 3.429, odnosno 11,7 posto, dakle gotovo dva postotna boda manje nego \u0161to \u010dine udjel u ukupnom broju voza\u010da. No, treba istaknuti da ima i kategorija nepoznatih voza\u010da koji su prouzro\u010dili nesre\u0107e, takvih je 10 posto pa bi sigurno udio starih u izazivanju nesre\u0107a ipak bio oko 13 posto. No, to je manje bitno.<\/p>\n\n\n\n<p>Ono \u0161to je va\u017eno je da su stariji od 65 godina skrivili 1.053 nesre\u0107e s ozlije\u0111enim osobama od njih 8.940, \u0161to \u010dini 11,8 posto. I na kraju, ono najva\u017enije, stariji od 65 godina skrivili su 24 prometne nesre\u0107e s poginulim osobama od njih 246, \u0161to iznosi samo 9,8 posto nesre\u0107a.<\/p>\n\n\n\n<p>Dakle, 13,6 posto starijih voza\u010da uzrokovalo je 9,8 posto nesre\u0107a sa smrtnim ishodom. Statistika je tako definitivno za\u010depila usta svima onima koji starije voza\u010de optu\u017euju da su lo\u0161iji i tra\u017ee njihovu dodatnu kontrolu, koja se ne mo\u017ee druga\u010dije opisati nego diskriminacijskom po dobi.<\/p>\n\n\n\n<p>Za usporedbu, registriranih mladih voza\u010da do 24 godine bilo je 8,46 posto, a osobe do 24 godine su uzrokovale 16,4 posto svih nesre\u0107a, od \u010dega 19,7 posto s ozlije\u0111enim osobama te \u010dak 22,8 posto sa smrtnim posljedicama. Vrlo je razvidno da su mladi voza\u010di ti koji bi trebali biti pod posebnom pa\u017enjom i nadzorom.<\/p>\n\n\n\n<h3 class=\"wp-block-heading\">S kim bi vi sjeli?<\/h3>\n\n\n\n<p>No, zanimljivo je kako se u medijima jako nagla\u0161avaju nesre\u0107e koje su uzrokovali stariji, pa i kad nema ozlije\u0111enih, dok se mladi nagla\u0161avaju ve\u0107inom tek u slu\u010dajevima kad ima smrtno stradalih.<\/p>\n\n\n\n<p>\u0160to se ti\u010de uvo\u0111enja zdravstvenih pregleda za starije od 65, SUH ostaje pri svom da je sasvim dovoljna odredba u postoje\u0107em zakonu prema kojoj je lije\u010dnik op\u0107e prakse du\u017ean obavijestiti pacijenta i MUP da je do\u0161lo do promjena u zdravlju pojedinca koje mo\u017ee utjecati na njegovu sposobnost vo\u017enje, a MUP tu osobu zatim \u0161alje na izvanredni zdravstveni pregled. Poka\u017ee li se na pregledu da pacijent vi\u0161e ne mo\u017ee voziti ili ima ograni\u010denja, tada sam snosi tro\u0161kove pregleda, a ako se poka\u017ee da je zdrav, tada tro\u0161kove snosi MUP. Bitno je naglasiti da ta odredba vrijedi za sve voza\u010de, bez obzira na dob, dakle nema diskriminacije te tako treba i ostati.<\/p>\n\n\n\n<p>Za kraj bi i vas upitali s kime bi radije sjeli u automobil, s mladim i neiskusnim voza\u010dem, ili sa starim, iskusnim, koji iako je svjestan da su mu refleksi ne\u0161to lo\u0161iji, zbog toga vozi opreznije? Ili jo\u0161 bolje, da li biste da vam operaciju na mozgu napravi primjerice iskusni i uspje\u0161ni neurokirurg, 70-godi\u0161nji Josip Paladino koji i danas obavlja najslo\u017eenije operacije, ili biste izabrali nekog po\u010detnika? I da li bi gospodin Paladino zbog uop\u0107enog navoda o \u201egubitku psihomotornih sposobnosti kod starijih\u201c (Mataija) trebao na dodatni zdravstveni pregled za voza\u010dku ili da ga \u010dak netko drugi vozi na posao? <em>(Igor Kne\u017eevi\u0107, <a href=\"https:\/\/www.suh.hr\/\" target=\"_blank\" rel=\"noreferrer noopener\">Glas umirovljenika<\/a>)<\/em><\/p>\n<div id=\"mojev-340937620\" class=\"mojev-kraj-teksta mojev-entity-placement\" style=\"margin-bottom: 20px;margin-left: auto;margin-right: auto;text-align: center;\"><div class=\"mojev-adlabel\">oglas<\/div><div style=\"height: 250px;\"><script async src=\"https:\/\/pagead2.googlesyndication.com\/pagead\/js\/adsbygoogle.js?client=ca-pub-8106111766207173\"\r\n     crossorigin=\"anonymous\"><\/script>\r\n<!-- Display-1 -->\r\n<ins class=\"adsbygoogle\"\r\n     style=\"display:block\"\r\n     data-ad-client=\"ca-pub-8106111766207173\"\r\n     data-ad-slot=\"1465712950\"\r\n     data-ad-format=\"auto\"\r\n     data-full-width-responsive=\"true\"><\/ins>\r\n<script>\r\n     (adsbygoogle = window.adsbygoogle || []).push({});\r\n<\/script><\/div><\/div>","protected":false},"excerpt":{"rendered":"<p>Za o\u010dekivati je da \u0107e lobiji medicine rada poku\u0161ati ponovno progurati svoju ideju za brzu i laku zaradu na osiroma\u0161enim starijim osobama. <\/p>\n","protected":false},"author":1,"featured_media":6261,"comment_status":"closed","ping_status":"closed","sticky":false,"template":"","format":"standard","meta":{"footnotes":""},"categories":[9],"tags":[567,566],"class_list":["post-42229","post","type-post","status-publish","format-standard","has-post-thumbnail","hentry","category-vijesti","tag-lijecnicki-pregled","tag-vozacka-dozvola"],"_links":{"self":[{"href":"https:\/\/www.mojevrijeme.hr\/magazin\/wp-json\/wp\/v2\/posts\/42229","targetHints":{"allow":["GET"]}}],"collection":[{"href":"https:\/\/www.mojevrijeme.hr\/magazin\/wp-json\/wp\/v2\/posts"}],"about":[{"href":"https:\/\/www.mojevrijeme.hr\/magazin\/wp-json\/wp\/v2\/types\/post"}],"author":[{"embeddable":true,"href":"https:\/\/www.mojevrijeme.hr\/magazin\/wp-json\/wp\/v2\/users\/1"}],"replies":[{"embeddable":true,"href":"https:\/\/www.mojevrijeme.hr\/magazin\/wp-json\/wp\/v2\/comments?post=42229"}],"version-history":[{"count":0,"href":"https:\/\/www.mojevrijeme.hr\/magazin\/wp-json\/wp\/v2\/posts\/42229\/revisions"}],"wp:featuredmedia":[{"embeddable":true,"href":"https:\/\/www.mojevrijeme.hr\/magazin\/wp-json\/wp\/v2\/media\/6261"}],"wp:attachment":[{"href":"https:\/\/www.mojevrijeme.hr\/magazin\/wp-json\/wp\/v2\/media?parent=42229"}],"wp:term":[{"taxonomy":"category","embeddable":true,"href":"https:\/\/www.mojevrijeme.hr\/magazin\/wp-json\/wp\/v2\/categories?post=42229"},{"taxonomy":"post_tag","embeddable":true,"href":"https:\/\/www.mojevrijeme.hr\/magazin\/wp-json\/wp\/v2\/tags?post=42229"}],"curies":[{"name":"wp","href":"https:\/\/api.w.org\/{rel}","templated":true}]}}