{"id":42247,"date":"2020-11-19T12:39:37","date_gmt":"2020-11-19T11:39:37","guid":{"rendered":"https:\/\/www.mojevrijeme.hr\/magazin\/?p=42247"},"modified":"2020-11-19T12:39:40","modified_gmt":"2020-11-19T11:39:40","slug":"koronavirus-preminulo-je-49-osoba-u-bolnicama-lezi-1-944-pozitivnih-pacijenata","status":"publish","type":"post","link":"https:\/\/www.mojevrijeme.hr\/magazin\/2020\/11\/koronavirus-preminulo-je-49-osoba-u-bolnicama-lezi-1-944-pozitivnih-pacijenata\/","title":{"rendered":"Koronavirus: Preminulo je 49 osoba, u bolnicama le\u017ei 1.944 pozitivnih pacijenata"},"content":{"rendered":"\n<p>U protekla 24 sata zabilje\u017eena su 3.164 nova slu\u010daja pa je broj aktivnih slu\u010dajeva u Hrvatskoj danas ukupno 17.814. Me\u0111u njima je 1.944 pacijenata na bolni\u010dkom lije\u010denju, od toga su na respiratoru 204 pacijenta. Preminulo je 49 osoba, \u0161to ukupan broj smrti od koronavirusa di\u017ee na 1.200. <\/p>\n\n\n\n<p>Preminulo je 30 mu\u0161kih osoba: KB Dubrava, \u201935., \u201947., \u201968., \u201940., \u201938., \u201954. i \u201954. god; KBC Osijek, \u201935., \u201935., \u201938., \u201948. god; OB Vara\u017edin, \u201946., \u201939. i \u201942. god; KIB \u201eFran Mihaljevi\u0107\u201c, \u201959., \u201954., \u201954. i \u201942. god; \u017dB \u010cakovec, \u201948. god. Specijalna bolnica za psihijatriju i palijativnu skrb \u201eSveti Rafael Strmac\u201c, \u201939. god; O\u017dB Vinkovci, \u201944. god; OB Slavonski Brod, \u201947. god; KBC Split, \u201954. god; KBC Rijeka, \u201956. i \u201940. god. OB Koprivnica, \u201946. god; OB Karlovac, \u201957. god; OB Pula, \u201938. god; OB Zabok, \u201950. god; OB Sisak, \u201934. god.<\/p>\n\n\n\n<p>Preminulo je 19 \u017eenskih osoba: KB Dubrava, \u201931., \u201933. god; KBC Osijek, \u201947. i 51. god; OB Vara\u017edin, \u201965., \u201941. i \u201947. god; \u017dB \u010cakovec, \u201934. i &#8217;39. god; Specijalna bolnica za psihijatriju i palijativnu skrb \u201eSveti Rafael Strmac\u201c, \u201935. god; O\u017dB Vinkovci, \u201936. god., OB Slavonski Brod, \u201939. god; O\u017dB Na\u0161ice, \u201939. i \u201943. god; KBC Split, \u201939. god; OB Koprivnica, \u201930. god; OB Ogulin, \u201931. god; O\u017dB Po\u017eega, \u201942. god; OB Virovitica, \u201934. god.<\/p><div id=\"mojev-888555989\" class=\"mojev-u-tekstu mojev-entity-placement\" style=\"margin-left: auto;margin-right: auto;text-align: center;\"><div class=\"mojev-adlabel\">oglas<\/div><div style=\"height: 250px;\"><script async src=\"https:\/\/pagead2.googlesyndication.com\/pagead\/js\/adsbygoogle.js?client=ca-pub-8106111766207173\"\r\n     crossorigin=\"anonymous\"><\/script>\r\n<!-- Prikazni 1 u tekstu -->\r\n<ins class=\"adsbygoogle\"\r\n     style=\"display:block\"\r\n     data-ad-client=\"ca-pub-8106111766207173\"\r\n     data-ad-slot=\"8535551207\"\r\n     data-ad-format=\"auto\"\r\n     data-full-width-responsive=\"true\"><\/ins>\r\n<script>\r\n     (adsbygoogle = window.adsbygoogle || []).push({});\r\n<\/script><\/div><\/div><br style=\"clear: both; display: block; float: none;\"\/>\n<div id=\"mojev-1005053008\" class=\"mojev-kraj-teksta mojev-entity-placement\" style=\"margin-bottom: 20px;margin-left: auto;margin-right: auto;text-align: center;\"><div class=\"mojev-adlabel\">oglas<\/div><div style=\"height: 250px;\"><script async src=\"https:\/\/pagead2.googlesyndication.com\/pagead\/js\/adsbygoogle.js?client=ca-pub-8106111766207173\"\r\n     crossorigin=\"anonymous\"><\/script>\r\n<!-- Display-1 -->\r\n<ins class=\"adsbygoogle\"\r\n     style=\"display:block\"\r\n     data-ad-client=\"ca-pub-8106111766207173\"\r\n     data-ad-slot=\"1465712950\"\r\n     data-ad-format=\"auto\"\r\n     data-full-width-responsive=\"true\"><\/ins>\r\n<script>\r\n     (adsbygoogle = window.adsbygoogle || []).push({});\r\n<\/script><\/div><\/div>","protected":false},"excerpt":{"rendered":"<p>Do danas je ukupno testirana 649.551 osoba, od toga 8.770 u posljednja 24 sata.<\/p>\n","protected":false},"author":1,"featured_media":3627,"comment_status":"closed","ping_status":"closed","sticky":false,"template":"","format":"standard","meta":{"footnotes":""},"categories":[9],"tags":[2046,2169],"class_list":["post-42247","post","type-post","status-publish","format-standard","has-post-thumbnail","hentry","category-vijesti","tag-korona-virus","tag-nacionalni-stozer"],"_links":{"self":[{"href":"https:\/\/www.mojevrijeme.hr\/magazin\/wp-json\/wp\/v2\/posts\/42247","targetHints":{"allow":["GET"]}}],"collection":[{"href":"https:\/\/www.mojevrijeme.hr\/magazin\/wp-json\/wp\/v2\/posts"}],"about":[{"href":"https:\/\/www.mojevrijeme.hr\/magazin\/wp-json\/wp\/v2\/types\/post"}],"author":[{"embeddable":true,"href":"https:\/\/www.mojevrijeme.hr\/magazin\/wp-json\/wp\/v2\/users\/1"}],"replies":[{"embeddable":true,"href":"https:\/\/www.mojevrijeme.hr\/magazin\/wp-json\/wp\/v2\/comments?post=42247"}],"version-history":[{"count":0,"href":"https:\/\/www.mojevrijeme.hr\/magazin\/wp-json\/wp\/v2\/posts\/42247\/revisions"}],"wp:featuredmedia":[{"embeddable":true,"href":"https:\/\/www.mojevrijeme.hr\/magazin\/wp-json\/wp\/v2\/media\/3627"}],"wp:attachment":[{"href":"https:\/\/www.mojevrijeme.hr\/magazin\/wp-json\/wp\/v2\/media?parent=42247"}],"wp:term":[{"taxonomy":"category","embeddable":true,"href":"https:\/\/www.mojevrijeme.hr\/magazin\/wp-json\/wp\/v2\/categories?post=42247"},{"taxonomy":"post_tag","embeddable":true,"href":"https:\/\/www.mojevrijeme.hr\/magazin\/wp-json\/wp\/v2\/tags?post=42247"}],"curies":[{"name":"wp","href":"https:\/\/api.w.org\/{rel}","templated":true}]}}