{"id":4228,"date":"2015-04-28T07:06:14","date_gmt":"2015-04-28T05:06:14","guid":{"rendered":"http:\/\/www.mojevrijeme.hr\/magazin\/?p=4228"},"modified":"2015-04-28T07:09:28","modified_gmt":"2015-04-28T05:09:28","slug":"hajdas-doncic-ako-ne-prode-plan-b-upitne-su-mirovine","status":"publish","type":"post","link":"https:\/\/www.mojevrijeme.hr\/magazin\/2015\/04\/hajdas-doncic-ako-ne-prode-plan-b-upitne-su-mirovine\/","title":{"rendered":"Hajda\u0161 Don\u010di\u0107: Ako ne pro\u0111e plan B, upitne su mirovine"},"content":{"rendered":"<p>Ministar pomorstva, prometa i infrastrukture <strong>Sini\u0161a Hajda\u0161 Don\u010di\u0107<\/strong> ponovio je kako bez monetizacije autocesta nema smanjenja deficita te upozorio kako bi, ako ne uspije plan B monetizacije, odnosno javna ponuda dionica HAC-ONC-a gra\u0111anima i mirovinskim fondovima, mogla biti upitna isplata mirovina i pla\u0107a iz dr\u017eavnog prora\u010duna u sada\u0161njem iznosu, javlja <strong>Hina<\/strong>.<\/p>\n<p>&#8220;Ako do monetizacije prema modelu B zbog ne\u010dega ne do\u0111e, opet \u0107emo imati problem jer moramo smanjivati deficit, a onda \u0107e nam opet biti upitne isplate i mirovina po ovom iznosu isplate iz dr\u017eavnog prora\u010duna&#8221;, rekao je Hajda\u0161 Don\u010di\u0107 u Trogiru u odgovoru na novinarske upite o nedavnoj odluci Ustavnog suda koji je neustavnim ocijenio referendumsko pitanje o zakonskoj zabrani davanja u koncesiju autocesta, a \u0161to je tra\u017eio organizacijski odbor Inicijative &#8220;Ne damo na\u0161e autoceste&#8221;.<\/p>\n<p>Hajda\u0161 Don\u010di\u0107 je ponovio kako se nije odustalo od monetizacije autocesta nego se ona nastavlja po modelu B, odnosno javnom ponudom dionica HAC-ONC-a kojom bi, vjeruje, ve\u0107inski vlasnici HAC-ONC-a postali prete\u017eno gra\u0111ani i mirovinski fondovi u Hrvatskoj.\u00a0Ponovio je i kako bez monetizacije nema smanjenja deficita.<\/p><div id=\"mojev-1847105024\" class=\"mojev-u-tekstu mojev-entity-placement\" style=\"margin-left: auto;margin-right: auto;text-align: center;\"><div class=\"mojev-adlabel\">oglas<\/div><div style=\"height: 250px;\"><script async src=\"https:\/\/pagead2.googlesyndication.com\/pagead\/js\/adsbygoogle.js?client=ca-pub-8106111766207173\"\r\n     crossorigin=\"anonymous\"><\/script>\r\n<!-- Prikazni 1 u tekstu -->\r\n<ins class=\"adsbygoogle\"\r\n     style=\"display:block\"\r\n     data-ad-client=\"ca-pub-8106111766207173\"\r\n     data-ad-slot=\"8535551207\"\r\n     data-ad-format=\"auto\"\r\n     data-full-width-responsive=\"true\"><\/ins>\r\n<script>\r\n     (adsbygoogle = window.adsbygoogle || []).push({});\r\n<\/script><\/div><\/div><br style=\"clear: both; display: block; float: none;\"\/>\n<p>&#8220;Dakle, mi jednokratno smanjujemo deficit, smanjujemo javni dug i samim time olak\u0161avamo svim budu\u0107im vladama funkcioniranje kroz prora\u010dunske stavke. Smatram kako bi bilo vrlo ru\u017eno da one koji su najugro\u017eeniji, a to su umirovljenici, u\u010ditelji, lije\u010dnici, koji i sada imaju manje pla\u0107e od konkurencije na zapadu, za godinu dana bude donesena odluka da im se dodatno moraju smanjivati pla\u0107e&#8221;, rekao je Hajda\u0161 Don\u010di\u0107.\u00a0To &#8220;nije nikakvo pla\u0161enje&#8221;, kazao je, dodaju\u0107i kako on &#8220;cijelo vrijeme pri\u010da jednu te istu pri\u010du&#8221;.<\/p>\n<p>&#8220;Nadam se da \u0107e za model B, gdje mogu sudjelovati gra\u0111ani i mirovinski fondovi, biti bolji odjek u javnosti i da \u0107e pobijediti ta svijest i da \u0107e zapravo ljudi kupovati dionice HAC-ONC-a, koji ima zagarantiran prihod u sljede\u0107ih 50 godina i koji je dobra investicija&#8221;, naglasio je Hajda\u0161 Don\u010di\u0107.<\/p>\n<div id=\"mojev-3338493195\" class=\"mojev-kraj-teksta mojev-entity-placement\" style=\"margin-bottom: 20px;margin-left: auto;margin-right: auto;text-align: center;\"><div class=\"mojev-adlabel\">oglas<\/div><div style=\"height: 250px;\"><script async src=\"https:\/\/pagead2.googlesyndication.com\/pagead\/js\/adsbygoogle.js?client=ca-pub-8106111766207173\"\r\n     crossorigin=\"anonymous\"><\/script>\r\n<!-- Display-1 -->\r\n<ins class=\"adsbygoogle\"\r\n     style=\"display:block\"\r\n     data-ad-client=\"ca-pub-8106111766207173\"\r\n     data-ad-slot=\"1465712950\"\r\n     data-ad-format=\"auto\"\r\n     data-full-width-responsive=\"true\"><\/ins>\r\n<script>\r\n     (adsbygoogle = window.adsbygoogle || []).push({});\r\n<\/script><\/div><\/div>","protected":false},"excerpt":{"rendered":"<p>Ponovio je kako bez monetizacije autocesta nema smanjenja deficita te upozorio kako bi, ako ne uspije plan B monetizacije, odnosno javna ponuda dionica HAC-ONC-a gra\u0111anima i mirovinskim fondovima, mogla biti upitna isplata mirovina i pla\u0107a iz dr\u017eavnog prora\u010duna u sada\u0161njem iznosu.<\/p>\n","protected":false},"author":1,"featured_media":4229,"comment_status":"closed","ping_status":"open","sticky":false,"template":"","format":"standard","meta":{"footnotes":""},"categories":[9],"tags":[541,18,238],"class_list":["post-4228","post","type-post","status-publish","format-standard","has-post-thumbnail","hentry","category-vijesti","tag-hajdas-doncic","tag-mirovine","tag-politika"],"_links":{"self":[{"href":"https:\/\/www.mojevrijeme.hr\/magazin\/wp-json\/wp\/v2\/posts\/4228","targetHints":{"allow":["GET"]}}],"collection":[{"href":"https:\/\/www.mojevrijeme.hr\/magazin\/wp-json\/wp\/v2\/posts"}],"about":[{"href":"https:\/\/www.mojevrijeme.hr\/magazin\/wp-json\/wp\/v2\/types\/post"}],"author":[{"embeddable":true,"href":"https:\/\/www.mojevrijeme.hr\/magazin\/wp-json\/wp\/v2\/users\/1"}],"replies":[{"embeddable":true,"href":"https:\/\/www.mojevrijeme.hr\/magazin\/wp-json\/wp\/v2\/comments?post=4228"}],"version-history":[{"count":0,"href":"https:\/\/www.mojevrijeme.hr\/magazin\/wp-json\/wp\/v2\/posts\/4228\/revisions"}],"wp:featuredmedia":[{"embeddable":true,"href":"https:\/\/www.mojevrijeme.hr\/magazin\/wp-json\/wp\/v2\/media\/4229"}],"wp:attachment":[{"href":"https:\/\/www.mojevrijeme.hr\/magazin\/wp-json\/wp\/v2\/media?parent=4228"}],"wp:term":[{"taxonomy":"category","embeddable":true,"href":"https:\/\/www.mojevrijeme.hr\/magazin\/wp-json\/wp\/v2\/categories?post=4228"},{"taxonomy":"post_tag","embeddable":true,"href":"https:\/\/www.mojevrijeme.hr\/magazin\/wp-json\/wp\/v2\/tags?post=4228"}],"curies":[{"name":"wp","href":"https:\/\/api.w.org\/{rel}","templated":true}]}}