{"id":42441,"date":"2020-11-25T23:12:12","date_gmt":"2020-11-25T22:12:12","guid":{"rendered":"https:\/\/www.mojevrijeme.hr\/magazin\/?p=42441"},"modified":"2020-11-25T23:12:14","modified_gmt":"2020-11-25T22:12:14","slug":"crobarometar-hdz-stabilno-vodi-milanovic-gubi-potporu-gradana","status":"publish","type":"post","link":"https:\/\/www.mojevrijeme.hr\/magazin\/2020\/11\/crobarometar-hdz-stabilno-vodi-milanovic-gubi-potporu-gradana\/","title":{"rendered":"Crobarometar: HDZ stabilno vodi, Milanovi\u0107 gubi potporu gra\u0111ana"},"content":{"rendered":"\n<p>Dnevnik<a href=\"https:\/\/dnevnik.hr\/vijesti\/hrvatska\/crobarometar-za-studeni-2020---629494.html\" target=\"_blank\" rel=\"noreferrer noopener\"> Nove TV<\/a> objavio je redovno mjese\u010dno istra\u017eivanje Crobarometar o politi\u010dkim preferencijama gra\u0111ana. <\/p>\n\n\n\n<h3 class=\"wp-block-heading\">HDZ i dalje prvi<\/h3>\n\n\n\n<p><strong>Hrvatska demokratska zajednica<\/strong>\u00a0ponovno je prvi izbori me\u0111u bira\u010dima. Za tu bi stranku glasovalo 31,5 posto ispitanika. Iako bilje\u017ee blagi pad, to je i dalje unutar statisti\u010dke pogre\u0161ke.<\/p>\n\n\n\n<p>Daleko iza HDZ-a je\u00a0<strong>SDP<\/strong>\u00a0s novim predsjednikom i potporom od 17,6 posto. I ta stranka bilje\u017ei pad, ali sve unutar statisti\u010dke pogre\u0161ke.<strong>Domovinski pokret<\/strong>\u00a0je na 7,5 posto, odmah iza je\u00a0<strong>Most<\/strong>\u00a0sa 7,4 posto i na kraju\u00a0<strong>Mo\u017eemo<\/strong>\u00a0sa 6,5 posto. Ostali ne prelaze izborni prag.<\/p><div id=\"mojev-412720993\" class=\"mojev-u-tekstu mojev-entity-placement\" style=\"margin-left: auto;margin-right: auto;text-align: center;\"><div class=\"mojev-adlabel\">oglas<\/div><div style=\"height: 250px;\"><script async src=\"https:\/\/pagead2.googlesyndication.com\/pagead\/js\/adsbygoogle.js?client=ca-pub-8106111766207173\"\r\n     crossorigin=\"anonymous\"><\/script>\r\n<!-- Prikazni 1 u tekstu -->\r\n<ins class=\"adsbygoogle\"\r\n     style=\"display:block\"\r\n     data-ad-client=\"ca-pub-8106111766207173\"\r\n     data-ad-slot=\"8535551207\"\r\n     data-ad-format=\"auto\"\r\n     data-full-width-responsive=\"true\"><\/ins>\r\n<script>\r\n     (adsbygoogle = window.adsbygoogle || []).push({});\r\n<\/script><\/div><\/div><br style=\"clear: both; display: block; float: none;\"\/>\n\n\n\n<p><strong>Ve\u0107ina gra\u0111ana ne podupire rad Vlade<\/strong>, njih 56 posto i tako je ve\u0107 tre\u0107i mjesec, a taj broj i dalje raste. 66 posto smatra da zemlja ide u pogre\u0161nom smjeru, a 24 posto da ide u dobrom smjeru. Raste tako broj pesimista, a pada broj optimista. Neodlu\u010dno je 10 posto ispitanika. Kada se demografski pogleda,\u00a0<strong>mladi su izrazito pesimisti\u010dni<\/strong>, a starija populacija je vi\u0161e optimisti\u010dna.<\/p>\n\n\n\n<h3 class=\"wp-block-heading\">Milanovi\u0107 pada<\/h3>\n\n\n\n<p><strong>Predsjednik Republike<\/strong>\u00a0i dalje\u00a0<strong>gubi potporu za svoj rad<\/strong>. Tako je od rujna, kada se topi potpora koju je imao prije. Njegov rad ne odobrava 58 posto ispitanika, a odobrava njih 35 posto, ne zna sedam posto. Mjesec dana ranije Milanovi\u0107ev rad nije odobravalo 53 posto, a odobravalo je 39 posto gra\u0111ana. <\/p>\n\n\n\n<p>Predsjednik me\u0111u bira\u010dima platforme Mo\u017eemo ima potporu od 37 posto. I na kraju, ne manje bitni, 22 posto bira\u010da HDZ-a odobrava rad predsjednika Milanovi\u0107a te 18 posto bira\u010da Domovinskog pokreta.<\/p>\n\n\n\n<p>Predsjednik, naravno, ve\u0107insku potporu ima od svoje biv\u0161e stranke s vi\u0161e od 70 posto, ali tu su bira\u010di Mosta me\u0111u kojima gotovo svaki drugi podupire njegov rad.<\/p>\n<div id=\"mojev-883271616\" class=\"mojev-kraj-teksta mojev-entity-placement\" style=\"margin-bottom: 20px;margin-left: auto;margin-right: auto;text-align: center;\"><div class=\"mojev-adlabel\">oglas<\/div><div style=\"height: 250px;\"><script async src=\"https:\/\/pagead2.googlesyndication.com\/pagead\/js\/adsbygoogle.js?client=ca-pub-8106111766207173\"\r\n     crossorigin=\"anonymous\"><\/script>\r\n<!-- Display-1 -->\r\n<ins class=\"adsbygoogle\"\r\n     style=\"display:block\"\r\n     data-ad-client=\"ca-pub-8106111766207173\"\r\n     data-ad-slot=\"1465712950\"\r\n     data-ad-format=\"auto\"\r\n     data-full-width-responsive=\"true\"><\/ins>\r\n<script>\r\n     (adsbygoogle = window.adsbygoogle || []).push({});\r\n<\/script><\/div><\/div>","protected":false},"excerpt":{"rendered":"<p>Predsjednik, naravno, ve\u0107insku potporu ima od svoje biv\u0161e stranke s vi\u0161e od 70 posto, ali tu su bira\u010di Mosta me\u0111u kojima gotovo svaki drugi podupire njegov rad.<\/p>\n","protected":false},"author":1,"featured_media":35080,"comment_status":"closed","ping_status":"closed","sticky":false,"template":"","format":"standard","meta":{"footnotes":""},"categories":[9],"tags":[888,300],"class_list":["post-42441","post","type-post","status-publish","format-standard","has-post-thumbnail","hentry","category-vijesti","tag-andrej-plenkovic","tag-zoran-milanovic"],"_links":{"self":[{"href":"https:\/\/www.mojevrijeme.hr\/magazin\/wp-json\/wp\/v2\/posts\/42441","targetHints":{"allow":["GET"]}}],"collection":[{"href":"https:\/\/www.mojevrijeme.hr\/magazin\/wp-json\/wp\/v2\/posts"}],"about":[{"href":"https:\/\/www.mojevrijeme.hr\/magazin\/wp-json\/wp\/v2\/types\/post"}],"author":[{"embeddable":true,"href":"https:\/\/www.mojevrijeme.hr\/magazin\/wp-json\/wp\/v2\/users\/1"}],"replies":[{"embeddable":true,"href":"https:\/\/www.mojevrijeme.hr\/magazin\/wp-json\/wp\/v2\/comments?post=42441"}],"version-history":[{"count":0,"href":"https:\/\/www.mojevrijeme.hr\/magazin\/wp-json\/wp\/v2\/posts\/42441\/revisions"}],"wp:featuredmedia":[{"embeddable":true,"href":"https:\/\/www.mojevrijeme.hr\/magazin\/wp-json\/wp\/v2\/media\/35080"}],"wp:attachment":[{"href":"https:\/\/www.mojevrijeme.hr\/magazin\/wp-json\/wp\/v2\/media?parent=42441"}],"wp:term":[{"taxonomy":"category","embeddable":true,"href":"https:\/\/www.mojevrijeme.hr\/magazin\/wp-json\/wp\/v2\/categories?post=42441"},{"taxonomy":"post_tag","embeddable":true,"href":"https:\/\/www.mojevrijeme.hr\/magazin\/wp-json\/wp\/v2\/tags?post=42441"}],"curies":[{"name":"wp","href":"https:\/\/api.w.org\/{rel}","templated":true}]}}