{"id":42456,"date":"2020-11-26T12:59:58","date_gmt":"2020-11-26T11:59:58","guid":{"rendered":"https:\/\/www.mojevrijeme.hr\/magazin\/?p=42456"},"modified":"2020-11-26T13:03:20","modified_gmt":"2020-11-26T12:03:20","slug":"srsen-nije-to-stvar-politike-ili-stozera-najveca-odgovornost-je-na-nama-ne-zavaravajmo-se","status":"publish","type":"post","link":"https:\/\/www.mojevrijeme.hr\/magazin\/2020\/11\/srsen-nije-to-stvar-politike-ili-stozera-najveca-odgovornost-je-na-nama-ne-zavaravajmo-se\/","title":{"rendered":"Sr\u0161en: Nije to stvar politike ili Sto\u017eera. Najve\u0107a odgovornost je na nama, ne zavaravajmo se"},"content":{"rendered":"\n<p>Ugledna hrvatska kirurginja koja radi u talijanskoj Padovi, <strong>dr. Nela Sr\u0161en<\/strong>, komentirala je za <a href=\"http:\/\/hr.n1info.com\/Vijesti\/a580039\/Nela-Srsen-Ako-mislimo-da-ce-nam-cjepivo-rijesiti-problem-gadno-se-varamo.html\" target=\"_blank\" rel=\"noreferrer noopener\">N1<\/a> nedostatak osobne odgovornosti u koronakrizi i vi\u0161ak o\u010dekivanja od politike.<\/p>\n\n\n\n<p>&#8220;Nismo shvatili da ne mo\u017ee o\u010dekivati da drugi rje\u0161avaju sve na\u0161e probleme. \u0160to smo mi napravili i \u0161to radimo da se virus ne \u0161iri i da se krivulja smanji? Rijetko polazimo od sebe, a ja jo\u0161 vidim puno ljudi koji se ne pridr\u017eavaju pravila. A takvo pona\u0161anje pridonosi op\u0107em stanju u kojem \u017eivimo&#8221;, izjavila je Sr\u0161en.<\/p>\n\n\n\n<p>Ka\u017ee, \u010desto se \u010duje s kolegama u Hrvatskoj i odu\u0161evljena je koliko posla uspiju obaviti uz ograni\u010dene resurse: &#8220;To je uvijek bilo tako s Hrvatskom, s malo mogu\u0107nosti napraviti veliki posao.&#8221;<\/p><div id=\"mojev-201608309\" class=\"mojev-u-tekstu mojev-entity-placement\" style=\"margin-left: auto;margin-right: auto;text-align: center;\"><div class=\"mojev-adlabel\">oglas<\/div><div style=\"height: 250px;\"><script async src=\"https:\/\/pagead2.googlesyndication.com\/pagead\/js\/adsbygoogle.js?client=ca-pub-8106111766207173\"\r\n     crossorigin=\"anonymous\"><\/script>\r\n<!-- Prikazni 1 u tekstu -->\r\n<ins class=\"adsbygoogle\"\r\n     style=\"display:block\"\r\n     data-ad-client=\"ca-pub-8106111766207173\"\r\n     data-ad-slot=\"8535551207\"\r\n     data-ad-format=\"auto\"\r\n     data-full-width-responsive=\"true\"><\/ins>\r\n<script>\r\n     (adsbygoogle = window.adsbygoogle || []).push({});\r\n<\/script><\/div><\/div><br style=\"clear: both; display: block; float: none;\"\/>\n\n\n\n<p>&#8220;Naravno da lije\u010dnici daju sve od sebe, ali ovo su nepredvidive situacije. Nitko nije mogao zamisliti da \u0107emo imati ove brojke. Lije\u010dnici rade svoj posao. <strong>Ali ljudi dragi, ako mi nastavimo s ovim neodgovornim pona\u0161anjem, kolektivnom neosjetljivo\u0161\u0107u prema drugima, ako nemamo respekta prema onima koji rado, prema obiteljima umrlih, ne\u0107emo napraviti dobar posao<\/strong>&#8220;, apelira Sr\u0161en.<\/p>\n\n\n\n<p>Dodaje da nije stvar u politi\u010dkoj stranci niti u Nacionalnom sto\u017eeru civilne za\u0161tite. &#8220;Sto\u017eer zatvori restorane, rade se privatne fe\u0161te. Zabrane se okupljanja, nastavi se s proslavama. O \u010demu govorimo? Najve\u0107a odgovornost je na na\u0161em pona\u0161anju, ono vodi do visokih brojki i sve ve\u0107eg broja smrti. A to utje\u010de na nove restrikcije, stvaranja jo\u0161 ve\u0107e ekonomske rupe. Ako mislimo da \u0107e nam cjepivo rije\u0161iti problem, gadno se varamo&#8221;, zaklju\u010dila je Sr\u0161en.<\/p>\n<div id=\"mojev-1026975097\" class=\"mojev-kraj-teksta mojev-entity-placement\" style=\"margin-bottom: 20px;margin-left: auto;margin-right: auto;text-align: center;\"><div class=\"mojev-adlabel\">oglas<\/div><div style=\"height: 250px;\"><script async src=\"https:\/\/pagead2.googlesyndication.com\/pagead\/js\/adsbygoogle.js?client=ca-pub-8106111766207173\"\r\n     crossorigin=\"anonymous\"><\/script>\r\n<!-- Display-1 -->\r\n<ins class=\"adsbygoogle\"\r\n     style=\"display:block\"\r\n     data-ad-client=\"ca-pub-8106111766207173\"\r\n     data-ad-slot=\"1465712950\"\r\n     data-ad-format=\"auto\"\r\n     data-full-width-responsive=\"true\"><\/ins>\r\n<script>\r\n     (adsbygoogle = window.adsbygoogle || []).push({});\r\n<\/script><\/div><\/div>","protected":false},"excerpt":{"rendered":"<p>Ali ljudi dragi, ako mi nastavimo s ovim neodgovornim pona\u0161anjem, kolektivnom neosjetljivo\u0161\u0107u prema drugima, ako nemamo respekta prema onima koji rado, prema obiteljima umrlih, ne\u0107emo napraviti dobar posao, ka\u017ee Sr\u0161en.<\/p>\n","protected":false},"author":1,"featured_media":34966,"comment_status":"closed","ping_status":"closed","sticky":false,"template":"","format":"standard","meta":{"footnotes":""},"categories":[9],"tags":[2046,2131],"class_list":["post-42456","post","type-post","status-publish","format-standard","has-post-thumbnail","hentry","category-vijesti","tag-korona-virus","tag-nela-srsen"],"_links":{"self":[{"href":"https:\/\/www.mojevrijeme.hr\/magazin\/wp-json\/wp\/v2\/posts\/42456","targetHints":{"allow":["GET"]}}],"collection":[{"href":"https:\/\/www.mojevrijeme.hr\/magazin\/wp-json\/wp\/v2\/posts"}],"about":[{"href":"https:\/\/www.mojevrijeme.hr\/magazin\/wp-json\/wp\/v2\/types\/post"}],"author":[{"embeddable":true,"href":"https:\/\/www.mojevrijeme.hr\/magazin\/wp-json\/wp\/v2\/users\/1"}],"replies":[{"embeddable":true,"href":"https:\/\/www.mojevrijeme.hr\/magazin\/wp-json\/wp\/v2\/comments?post=42456"}],"version-history":[{"count":0,"href":"https:\/\/www.mojevrijeme.hr\/magazin\/wp-json\/wp\/v2\/posts\/42456\/revisions"}],"wp:featuredmedia":[{"embeddable":true,"href":"https:\/\/www.mojevrijeme.hr\/magazin\/wp-json\/wp\/v2\/media\/34966"}],"wp:attachment":[{"href":"https:\/\/www.mojevrijeme.hr\/magazin\/wp-json\/wp\/v2\/media?parent=42456"}],"wp:term":[{"taxonomy":"category","embeddable":true,"href":"https:\/\/www.mojevrijeme.hr\/magazin\/wp-json\/wp\/v2\/categories?post=42456"},{"taxonomy":"post_tag","embeddable":true,"href":"https:\/\/www.mojevrijeme.hr\/magazin\/wp-json\/wp\/v2\/tags?post=42456"}],"curies":[{"name":"wp","href":"https:\/\/api.w.org\/{rel}","templated":true}]}}