{"id":42524,"date":"2020-11-27T20:14:22","date_gmt":"2020-11-27T19:14:22","guid":{"rendered":"https:\/\/www.mojevrijeme.hr\/magazin\/?p=42524"},"modified":"2020-11-27T20:20:01","modified_gmt":"2020-11-27T19:20:01","slug":"plenkovic-domoljubno-je-nositi-masku-prati-ruke-i-drzati-distancu","status":"publish","type":"post","link":"https:\/\/www.mojevrijeme.hr\/magazin\/2020\/11\/plenkovic-domoljubno-je-nositi-masku-prati-ruke-i-drzati-distancu\/","title":{"rendered":"Plenkovi\u0107: Domoljubno je nositi masku, prati ruke, dr\u017eati distancu i po\u0161tovati mjere"},"content":{"rendered":"\n<p>Povodom novih stro\u017eih protuepidemijskih mjera koje \u0107e stupiti na snagu u pono\u0107, gra\u0111anima se obratio premijer <strong>Andrej Plenkovi\u0107<\/strong>. Ka\u017ee, mjere \u0107e trajati do 21. prosinca, a mo\u017eda i du\u017ee. Pridr\u017eavanje istih je, objasnio je, domoljubni \u010din. <\/p>\n\n\n\n<p>&#8220;Pandemija koronavirusa promijenila je na\u0161 na\u010din \u017eivota. Hrvatska je kao i druge zemlje prilago\u0111avala svoje aktivnosti kako bi za\u0161titila zdravlje svojih gra\u0111ana. Borbu protiv koronavirusa temeljimo na povjerenju izme\u0111u gra\u0111ana i dr\u017eave&#8221;, naveo je premijer. <\/p>\n\n\n\n<p>&#8220;Trudili smo se izbje\u0107i potpuno zatvaranje i policijski sat kakav imaju brojne dr\u017eave. Ovaj tjedan bilje\u017eimo porast od 15 posto. Od ve\u010deras u pono\u0107 na snagu stupaju nove, stro\u017ee mjere. Novim je mjerama cilj za\u0161tititi zdravlje, spasiti \u017eivote ljudi i smanjiti optere\u0107enje u zdravstvenom sustavu. Moramo u\u010diniti sve da za\u0161titimo najugro\u017eenije me\u0111u nama. Jedna od 58 potvr\u0111enih zara\u017eenih osoba i jedna od devet hospitaliziranih na\u017ealost premine.&#8221;<\/p><div id=\"mojev-2640341569\" class=\"mojev-u-tekstu mojev-entity-placement\" style=\"margin-left: auto;margin-right: auto;text-align: center;\"><div class=\"mojev-adlabel\">oglas<\/div><div style=\"height: 250px;\"><script async src=\"https:\/\/pagead2.googlesyndication.com\/pagead\/js\/adsbygoogle.js?client=ca-pub-8106111766207173\"\r\n     crossorigin=\"anonymous\"><\/script>\r\n<!-- Prikazni 1 u tekstu -->\r\n<ins class=\"adsbygoogle\"\r\n     style=\"display:block\"\r\n     data-ad-client=\"ca-pub-8106111766207173\"\r\n     data-ad-slot=\"8535551207\"\r\n     data-ad-format=\"auto\"\r\n     data-full-width-responsive=\"true\"><\/ins>\r\n<script>\r\n     (adsbygoogle = window.adsbygoogle || []).push({});\r\n<\/script><\/div><\/div><br style=\"clear: both; display: block; float: none;\"\/>\n\n\n\n<p>Premijer je najavio i pomo\u0107 poduzetnicima kojima \u0107e zatvaranje donijeti veliku \u0161tetu: &#8220;Nastavit \u0107emo s potporama od 4.000 kuna po radniku, osigurat \u0107emo dodatna sredstva za COVID kredite. Donijet \u0107emo i nove mjere za pravi\u010dnu nadoknadu tro\u0161kova za one koji imaju privremenu obustavu rada. Du\u017enost je Vlade u\u010diniti sve kako bi se sa\u010duvalo gospodarstvo.&#8221;<\/p>\n\n\n\n<p>Osim toga, najavio je i ve\u0107i broj testiranja kako bi se sprije\u010dilo \u0161irenje virusa. Zahvalio se i zdravstvenim djelatnicima koji naporno rade.<\/p>\n\n\n\n<p>&#8220;U&nbsp;nedjelju po\u010dinje do\u0161a\u0161\u0107e, kad se uo\u010di Bo\u017ei\u0107a svi volimo dru\u017eiti s obiteljima i prijateljima. No ove godine to ne\u0107e biti mogu\u0107e kao ranije. Poka\u017eimo da smo u stanju odre\u0107i se dijela svojih navika i komfora, svih dru\u017eenja koja u ovim uvjetima nisu nu\u017ena, a rizi\u010dna su. \u0160tite\u0107i jedni druge, pobijedit \u0107emo svi zajedno. Uspjeh u borbi protiv koronavirusa u rukama je svakog od nas&#8221;, zaklju\u010dio je premijer. <\/p>\n<div id=\"mojev-1028177073\" class=\"mojev-kraj-teksta mojev-entity-placement\" style=\"margin-bottom: 20px;margin-left: auto;margin-right: auto;text-align: center;\"><div class=\"mojev-adlabel\">oglas<\/div><div style=\"height: 250px;\"><script async src=\"https:\/\/pagead2.googlesyndication.com\/pagead\/js\/adsbygoogle.js?client=ca-pub-8106111766207173\"\r\n     crossorigin=\"anonymous\"><\/script>\r\n<!-- Display-1 -->\r\n<ins class=\"adsbygoogle\"\r\n     style=\"display:block\"\r\n     data-ad-client=\"ca-pub-8106111766207173\"\r\n     data-ad-slot=\"1465712950\"\r\n     data-ad-format=\"auto\"\r\n     data-full-width-responsive=\"true\"><\/ins>\r\n<script>\r\n     (adsbygoogle = window.adsbygoogle || []).push({});\r\n<\/script><\/div><\/div>","protected":false},"excerpt":{"rendered":"<p>Jedna od 58 potvr\u0111enih zara\u017eenih osoba i jedna od devet hospitaliziranih na\u017ealost premine, ka\u017ee premijer. <\/p>\n","protected":false},"author":1,"featured_media":34691,"comment_status":"closed","ping_status":"closed","sticky":false,"template":"","format":"standard","meta":{"footnotes":""},"categories":[9],"tags":[888,2046],"class_list":["post-42524","post","type-post","status-publish","format-standard","has-post-thumbnail","hentry","category-vijesti","tag-andrej-plenkovic","tag-korona-virus"],"_links":{"self":[{"href":"https:\/\/www.mojevrijeme.hr\/magazin\/wp-json\/wp\/v2\/posts\/42524","targetHints":{"allow":["GET"]}}],"collection":[{"href":"https:\/\/www.mojevrijeme.hr\/magazin\/wp-json\/wp\/v2\/posts"}],"about":[{"href":"https:\/\/www.mojevrijeme.hr\/magazin\/wp-json\/wp\/v2\/types\/post"}],"author":[{"embeddable":true,"href":"https:\/\/www.mojevrijeme.hr\/magazin\/wp-json\/wp\/v2\/users\/1"}],"replies":[{"embeddable":true,"href":"https:\/\/www.mojevrijeme.hr\/magazin\/wp-json\/wp\/v2\/comments?post=42524"}],"version-history":[{"count":0,"href":"https:\/\/www.mojevrijeme.hr\/magazin\/wp-json\/wp\/v2\/posts\/42524\/revisions"}],"wp:featuredmedia":[{"embeddable":true,"href":"https:\/\/www.mojevrijeme.hr\/magazin\/wp-json\/wp\/v2\/media\/34691"}],"wp:attachment":[{"href":"https:\/\/www.mojevrijeme.hr\/magazin\/wp-json\/wp\/v2\/media?parent=42524"}],"wp:term":[{"taxonomy":"category","embeddable":true,"href":"https:\/\/www.mojevrijeme.hr\/magazin\/wp-json\/wp\/v2\/categories?post=42524"},{"taxonomy":"post_tag","embeddable":true,"href":"https:\/\/www.mojevrijeme.hr\/magazin\/wp-json\/wp\/v2\/tags?post=42524"}],"curies":[{"name":"wp","href":"https:\/\/api.w.org\/{rel}","templated":true}]}}